{"id":2352,"date":"2020-01-10T10:19:10","date_gmt":"2020-01-10T13:19:10","guid":{"rendered":"http:\/\/ultimato.com.br\/sites\/elbencesar\/?p=2352"},"modified":"2020-01-17T09:01:16","modified_gmt":"2020-01-17T12:01:16","slug":"as-razoes-da-esperanca","status":"publish","type":"post","link":"https:\/\/ultimato.com.br\/sites\/elbencesar\/2020\/01\/10\/as-razoes-da-esperanca\/","title":{"rendered":"As raz\u00f5es da esperan\u00e7a"},"content":{"rendered":"<blockquote><p>O enredo s\u00f3 se completa com os \u00faltimos cap\u00edtulos. A escultura s\u00f3 tem valor com os retoques finais.<\/p><\/blockquote>\n<p><a href=\"http:\/\/ultimato.com.br\/sites\/elbencesar\/files\/2020\/01\/blog_EC_10_1_20_esperanca.jpg\"><img loading=\"lazy\" decoding=\"async\" class=\"alignright wp-image-2356 \" title=\"Sapan Patel | Unsplash.com\" src=\"http:\/\/ultimato.com.br\/sites\/elbencesar\/files\/2020\/01\/blog_EC_10_1_20_esperanca-200x300.jpg\" alt=\"\" width=\"204\" height=\"306\" srcset=\"https:\/\/ultimato.com.br\/sites\/elbencesar\/files\/2020\/01\/blog_EC_10_1_20_esperanca-200x300.jpg 200w, https:\/\/ultimato.com.br\/sites\/elbencesar\/files\/2020\/01\/blog_EC_10_1_20_esperanca.jpg 634w\" sizes=\"auto, (max-width: 204px) 100vw, 204px\" \/><\/a>Desde que o pecado entrou no mundo, Jesus Cristo tem sido a suprema e a \u00faltima esperan\u00e7a daqueles que levam em considera\u00e7\u00e3o a Palavra e Deus. Antes da encarna\u00e7\u00e3o do Verbo, de gera\u00e7\u00e3o em gera\u00e7\u00e3o passava-se e fortalecia a not\u00edcia de que o descendente da mulher esmagaria a cabe\u00e7a da serpente. Passados alguns mil\u00eanios, uma donzela \u201cachou-se gr\u00e1vida pelo Esp\u00edrito Santo\u201d e deu \u00e0 luz um filho a quem p\u00f4s o nome de Jesus, que quer dizer Salvador. Jo\u00e3o Batista apresentou-o como o \u201cCordeiro de Deus que tira o pecado do mundo\u201d (Jo 1.29). Jesus mesmo nunca se traiu, nunca vacilou, nunca deixou de se referir a si como a esperan\u00e7a imediata do homem. O exclusivismo de suas declara\u00e7\u00f5es \u00e9 de estarrecer mas assenta perfeitamente bem com o seu car\u00e1ter e com o seu comportamento: \u201cE eu, quando for levantado da terra, atrairei todos a mim mesmo\u201d (Jo 12.32).<\/p>\n<p>O sistema religioso que acredita que Jesus \u00e9 o Cristo e que espalhou esta not\u00edcia entre as na\u00e7\u00f5es do mundo chama-se cristianismo. A mensagem dos crist\u00e3os prop\u00f5e uma reforma de base: a pedra angular \u00e9 Jesus. Nele est\u00e1 a nossa f\u00e9, a nossa esperan\u00e7a, a nossa salva\u00e7\u00e3o, a nossa vida.<\/p>\n<p><strong>\u00a0<\/strong><\/p>\n<p><strong>\u00c9 ou n\u00e3o \u00e9?<\/strong><\/p>\n<p>Jo\u00e3o Batista, o en\u00e9rgico precursor de Cristo, teve no c\u00e1rcere um momento de d\u00favida. Enfrentou-a honesta e corajosamente. A d\u00favida era s\u00e9ria e crucial, mas n\u00e3o abrangia tudo. Como a mulher samaritana ele sabia com absoluta certeza que o Messias, chamado Cristo haveria de vir. A incerteza moment\u00e2nea e circunstancial girou em torno da pessoa que ele mesmo havia apresentado como Cordeiro de Deus. Aquele homem, nascido em Bel\u00e9m, criado em Nazar\u00e9, batizado por ele, seria exatamente o que estava por vir? Nele deveria Jo\u00e3o Batista continuar a depositar sua esperan\u00e7a ou haveria de reserv\u00e1-la para outro? Sim ou n\u00e3o?<\/p>\n<p>A resposta de Jesus n\u00e3o se fez tardar e foi muito bem formulada: tra\u00e7ou um paralelo entre a profecia de Isa\u00edas 35.5 e 61.1 com as obras e o minist\u00e9rio que ele estava realizando, causando profundo impacto entre o povo. Ali\u00e1s, Jesus leu o trecho de Isa\u00edas 61.1 e 2 na sinagoga de Nazar\u00e9 quando iniciou seu minist\u00e9rio e declarou que aquela escritura se cumpria naquele dia (Lc 4.16-21). Jo\u00e3o Batista entenderia a alus\u00e3o e aceitaria tanto a palavra de Jesus como da profecia.<\/p>\n<p><strong>\u00a0<\/strong><\/p>\n<p><strong>O Dono da Casa<\/strong><\/p>\n<p>A nossa esperan\u00e7a em Cristo tem de incluir a escatologia, os fatos previstos para tempos ou \u00e9pocas que ainda n\u00e3o chegaram. \u201cSe a nossa esperan\u00e7a em Cristo se limita apenas a esta vida, somos os mais infelizes de todos os homens\u201d (1Co 15.19). H\u00e1 muita gente que perdeu o entusiasmo, que n\u00e3o entende mais nada, que est\u00e1 prestes a naufragar na f\u00e9 simplesmente porque se negou a tomar conhecimento das coisas que devem acontecer. O enredo s\u00f3 se completa com os \u00faltimos cap\u00edtulos. A escultura s\u00f3 tem valor com os retoques finais.<\/p>\n<p>Perde-se a no\u00e7\u00e3o de que \u201cao Senhor pertence a terra e tudo o que nela se cont\u00e9m, o mundo e os que nele habitam\u201d (Sl 24.1). Em consequ\u00eancia, tem-se a impress\u00e3o de que isso aqui \u00e9 terra de ningu\u00e9m. Esqueceu-se gradativamente de que o homem \u00e9 mordomo e Deus \u00e9 o propriet\u00e1rio. N\u00e3o se cr\u00ea no direito de posse, numa autoridade superior, na possibilidade e necessidade de uma interven\u00e7\u00e3o da parte do dono da casa ou dono da vinha, express\u00f5es b\u00edblicas que se referem a Jesus Cristo (Mc 12.9 e 13.35).<\/p>\n<p>\u00c9 da vontade de Deus que os crentes aguardem \u201ca bendita esperan\u00e7a e a manifesta\u00e7\u00e3o gloriosa do nosso grande Deus e Salvador Jesus Cristo\u201d (Tt 1.13). A promessa \u00e9 que \u201cCristo, tendo-se oferecido uma vez para sempre tirar os pecados de muitos, <strong>aparecer\u00e1 segunda vez<\/strong>, sem pecado, aos que o aguardavam para salva\u00e7\u00e3o\u201d (Hb 9.28). Afinal, Ele \u00e9 o dono da casa e a casa est\u00e1 em tal balb\u00fardia que exige sua presen\u00e7a. \u201cVigiai, pois, porque n\u00e3o sabeis quando vir\u00e1 o dono da casa: se \u00e0 tarde, se \u00e1 meia-noite, se ao cantar do galo, se pela manh\u00e3\u201d (Mc 13.35).<\/p>\n<p>&nbsp;<\/p>\n<pre>Texto originalmente publicado na edi\u00e7\u00e3o 25, de janeiro de 1970, de <strong>Ultimato<\/strong>.\r\n\r\n<\/pre>\n<p><strong>Leia mais:<\/strong><br \/>\n\u00bb <a href=\"https:\/\/www.ultimato.com.br\/conteudo\/da-catastrofe-a-reconstrucao-dois-acontecimentos-que-mudaram-a-historia-da-humanidade\" target=\"_blank\" rel=\"noopener noreferrer\">Da cat\u00e1strofe \u00e0 reconstru\u00e7\u00e3o: dois acontecimentos que mudaram a hist\u00f3ria da humanidade<\/a><\/p>\n","protected":false},"excerpt":{"rendered":"<p>O enredo s\u00f3 se completa com os \u00faltimos cap\u00edtulos. A escultura s\u00f3 tem valor com os retoques finais. Desde que o pecado entrou no mundo, Jesus Cristo tem sido a suprema e a \u00faltima esperan\u00e7a daqueles que levam em considera\u00e7\u00e3o a Palavra e Deus. Antes da encarna\u00e7\u00e3o do Verbo, de gera\u00e7\u00e3o em gera\u00e7\u00e3o passava-se e [&hellip;]<\/p>\n","protected":false},"author":21,"featured_media":0,"comment_status":"open","ping_status":"open","sticky":false,"template":"","format":"standard","meta":{"ngg_post_thumbnail":0,"footnotes":""},"categories":[116],"tags":[25825,5506,103,5946],"class_list":["post-2352","post","type-post","status-publish","format-standard","hentry","category-blog","tag-escatologia","tag-esperanca","tag-jesus","tag-ressurreicao"],"_links":{"self":[{"href":"https:\/\/ultimato.com.br\/sites\/elbencesar\/wp-json\/wp\/v2\/posts\/2352","targetHints":{"allow":["GET"]}}],"collection":[{"href":"https:\/\/ultimato.com.br\/sites\/elbencesar\/wp-json\/wp\/v2\/posts"}],"about":[{"href":"https:\/\/ultimato.com.br\/sites\/elbencesar\/wp-json\/wp\/v2\/types\/post"}],"author":[{"embeddable":true,"href":"https:\/\/ultimato.com.br\/sites\/elbencesar\/wp-json\/wp\/v2\/users\/21"}],"replies":[{"embeddable":true,"href":"https:\/\/ultimato.com.br\/sites\/elbencesar\/wp-json\/wp\/v2\/comments?post=2352"}],"version-history":[{"count":7,"href":"https:\/\/ultimato.com.br\/sites\/elbencesar\/wp-json\/wp\/v2\/posts\/2352\/revisions"}],"predecessor-version":[{"id":2381,"href":"https:\/\/ultimato.com.br\/sites\/elbencesar\/wp-json\/wp\/v2\/posts\/2352\/revisions\/2381"}],"wp:attachment":[{"href":"https:\/\/ultimato.com.br\/sites\/elbencesar\/wp-json\/wp\/v2\/media?parent=2352"}],"wp:term":[{"taxonomy":"category","embeddable":true,"href":"https:\/\/ultimato.com.br\/sites\/elbencesar\/wp-json\/wp\/v2\/categories?post=2352"},{"taxonomy":"post_tag","embeddable":true,"href":"https:\/\/ultimato.com.br\/sites\/elbencesar\/wp-json\/wp\/v2\/tags?post=2352"}],"curies":[{"name":"wp","href":"https:\/\/api.w.org\/{rel}","templated":true}]}}