{"id":235,"date":"2017-02-07T15:52:45","date_gmt":"2017-02-07T17:52:45","guid":{"rendered":"http:\/\/ultimato.com.br\/sites\/elbencesar\/?p=235"},"modified":"2017-02-07T16:18:03","modified_gmt":"2017-02-07T18:18:03","slug":"em-nome-da-fe","status":"publish","type":"post","link":"https:\/\/ultimato.com.br\/sites\/elbencesar\/2017\/02\/07\/em-nome-da-fe\/","title":{"rendered":"M\u00e1rtires na Am\u00e9rica"},"content":{"rendered":"<h4><strong>H\u00e1 459 anos | 9 de fevereiro de 1558<\/strong><\/h4>\n<div id=\"attachment_236\" style=\"width: 350px\" class=\"wp-caption alignright\"><img loading=\"lazy\" decoding=\"async\" aria-describedby=\"caption-attachment-236\" class=\"wp-image-236 size-full\" src=\"http:\/\/ultimato.com.br\/sites\/elbencesar\/files\/2017\/02\/calendario_6_2_2017_villegagnon.jpg\" width=\"340\" height=\"150\" srcset=\"https:\/\/ultimato.com.br\/sites\/elbencesar\/files\/2017\/02\/calendario_6_2_2017_villegagnon.jpg 340w, https:\/\/ultimato.com.br\/sites\/elbencesar\/files\/2017\/02\/calendario_6_2_2017_villegagnon-300x132.jpg 300w\" sizes=\"auto, (max-width: 340px) 100vw, 340px\" \/><p id=\"caption-attachment-236\" class=\"wp-caption-text\">Fortaleza de Villegagnon, Ba\u00eda de Guanabara, 1856<\/p><\/div>\n<p>Villegagnon, o Caim da Am\u00e9rica, mandou matar Pedro Bourdon, Mateus Verneuil e Jo\u00e3o du Bourdel, tr\u00eas protestantes franceses que se recusaram a negar a f\u00e9 calvinista. Os corpos, depois de espancados e atados, foram jogados na Ba\u00eda da Guanabara. Os tr\u00eas s\u00e3o reconhecidos como os primeiros m\u00e1rtires do cristianismo na Am\u00e9rica.<\/p>\n","protected":false},"excerpt":{"rendered":"<p>H\u00e1 459 anos | 9 de fevereiro de 1558 Villegagnon, o Caim da Am\u00e9rica, mandou matar Pedro Bourdon, Mateus Verneuil e Jo\u00e3o du Bourdel, tr\u00eas protestantes franceses que se recusaram a negar a f\u00e9 calvinista. Os corpos, depois de espancados e atados, foram jogados na Ba\u00eda da Guanabara. Os tr\u00eas s\u00e3o reconhecidos como os primeiros [&hellip;]<\/p>\n","protected":false},"author":24,"featured_media":0,"comment_status":"open","ping_status":"open","sticky":false,"template":"","format":"standard","meta":{"ngg_post_thumbnail":0,"footnotes":""},"categories":[116,32191],"tags":[],"class_list":["post-235","post","type-post","status-publish","format-standard","hentry","category-blog","category-calendario-historico"],"_links":{"self":[{"href":"https:\/\/ultimato.com.br\/sites\/elbencesar\/wp-json\/wp\/v2\/posts\/235","targetHints":{"allow":["GET"]}}],"collection":[{"href":"https:\/\/ultimato.com.br\/sites\/elbencesar\/wp-json\/wp\/v2\/posts"}],"about":[{"href":"https:\/\/ultimato.com.br\/sites\/elbencesar\/wp-json\/wp\/v2\/types\/post"}],"author":[{"embeddable":true,"href":"https:\/\/ultimato.com.br\/sites\/elbencesar\/wp-json\/wp\/v2\/users\/24"}],"replies":[{"embeddable":true,"href":"https:\/\/ultimato.com.br\/sites\/elbencesar\/wp-json\/wp\/v2\/comments?post=235"}],"version-history":[{"count":5,"href":"https:\/\/ultimato.com.br\/sites\/elbencesar\/wp-json\/wp\/v2\/posts\/235\/revisions"}],"predecessor-version":[{"id":248,"href":"https:\/\/ultimato.com.br\/sites\/elbencesar\/wp-json\/wp\/v2\/posts\/235\/revisions\/248"}],"wp:attachment":[{"href":"https:\/\/ultimato.com.br\/sites\/elbencesar\/wp-json\/wp\/v2\/media?parent=235"}],"wp:term":[{"taxonomy":"category","embeddable":true,"href":"https:\/\/ultimato.com.br\/sites\/elbencesar\/wp-json\/wp\/v2\/categories?post=235"},{"taxonomy":"post_tag","embeddable":true,"href":"https:\/\/ultimato.com.br\/sites\/elbencesar\/wp-json\/wp\/v2\/tags?post=235"}],"curies":[{"name":"wp","href":"https:\/\/api.w.org\/{rel}","templated":true}]}}