{"id":2156,"date":"2019-07-12T09:00:39","date_gmt":"2019-07-12T12:00:39","guid":{"rendered":"http:\/\/ultimato.com.br\/sites\/elbencesar\/?p=2156"},"modified":"2019-07-10T14:58:06","modified_gmt":"2019-07-10T17:58:06","slug":"nao-ridicularize-a-historia-da-criacao","status":"publish","type":"post","link":"https:\/\/ultimato.com.br\/sites\/elbencesar\/2019\/07\/12\/nao-ridicularize-a-historia-da-criacao\/","title":{"rendered":"N\u00e3o ridicularize a hist\u00f3ria da cria\u00e7\u00e3o"},"content":{"rendered":"<blockquote><p>A hist\u00f3ria b\u00edblica da cria\u00e7\u00e3o \u00e9 bela, ordeira, ampla e abrangente.<\/p><\/blockquote>\n<p><a href=\"http:\/\/ultimato.com.br\/sites\/elbencesar\/files\/2019\/07\/blog_EC_12_4_19_criacao.jpg\"><img loading=\"lazy\" decoding=\"async\" class=\"alignright wp-image-2158\" src=\"http:\/\/ultimato.com.br\/sites\/elbencesar\/files\/2019\/07\/blog_EC_12_4_19_criacao-300x179.jpg\" alt=\"\" width=\"350\" height=\"209\" srcset=\"https:\/\/ultimato.com.br\/sites\/elbencesar\/files\/2019\/07\/blog_EC_12_4_19_criacao-300x179.jpg 300w, https:\/\/ultimato.com.br\/sites\/elbencesar\/files\/2019\/07\/blog_EC_12_4_19_criacao-768x457.jpg 768w, https:\/\/ultimato.com.br\/sites\/elbencesar\/files\/2019\/07\/blog_EC_12_4_19_criacao-1024x610.jpg 1024w, https:\/\/ultimato.com.br\/sites\/elbencesar\/files\/2019\/07\/blog_EC_12_4_19_criacao-732x436.jpg 732w, https:\/\/ultimato.com.br\/sites\/elbencesar\/files\/2019\/07\/blog_EC_12_4_19_criacao.jpg 1140w\" sizes=\"auto, (max-width: 350px) 100vw, 350px\" \/><\/a>N\u00e3o \u00e9 \u00e0 toa que a B\u00edblia come\u00e7a com a hist\u00f3ria da cria\u00e7\u00e3o (Gn 1 e 2). Tamb\u00e9m n\u00e3o \u00e9 \u00e0 toa que ela termina com a promessa da nova cria\u00e7\u00e3o (Ap 21 e 22).<\/p>\n<p>Voc\u00ea precisa saber com certeza o nome e o car\u00e1ter daquele que criou o c\u00e9u e a terra. Para se proteger da confus\u00e3o e do medo. A hist\u00f3ria b\u00edblica da cria\u00e7\u00e3o \u00e9 maravilhosamente ing\u00eanua e tem a grandeza de ligar voc\u00ea ao Criador desde o in\u00edcio. Ela o livra das especula\u00e7\u00f5es filos\u00f3ficas e cient\u00edficas sem fim. A hist\u00f3ria b\u00edblica da cria\u00e7\u00e3o \u00e9 bela, ordeira, ampla e abrangente. Ali se encontra vezes seguidas o verbo haver no modo imperativo: Haja luz, haja firmamento, haja por\u00e7\u00e3o seca e mares, haja relva e \u00e1rvores, haja luzeiros, haja animais aqu\u00e1ticos e vol\u00e1teis, haja animais terrestres, haja o homem e a mulher.<\/p>\n<p>Acabe com o seu acanhamento de ter essa hist\u00f3ria em sua B\u00edblia e em sua confiss\u00e3o de f\u00e9. Sinta orgulho desse patrim\u00f4nio oferecido pelas Escrituras e pelo cristianismo. N\u00e3o se deixe influenciar por aqueles que n\u00e3o conseguiram crer na hist\u00f3ria b\u00edblica da cria\u00e7\u00e3o e zombam dela. H\u00e1 muitos crist\u00e3os complexados porque creem nessa hist\u00f3ria ou s\u00e3o obrigados a crer nela.<\/p>\n<p>N\u00e3o se preocupe com a aus\u00eancia de express\u00f5es cient\u00edficas na hist\u00f3ria b\u00edblica da cria\u00e7\u00e3o. Se a hist\u00f3ria da cria\u00e7\u00e3o tivesse sido escrita na linguagem cient\u00edfica do s\u00e9culo XX, os leitores dos s\u00e9culos precedentes n\u00e3o a entenderiam, os leitores de hoje necessitariam de um adequado preparo cient\u00edfico e os leitores dos s\u00e9culos posteriores a achariam ultrapassada.<\/p>\n<p>Levante a cabe\u00e7a. Pare de sofrer por causa da mais bela e da mais confi\u00e1vel hist\u00f3ria da cria\u00e7\u00e3o jamais escrita!<\/p>\n<pre>Texto publicado originalmente na edi\u00e7\u00e3o <a href=\"https:\/\/www.ultimato.com.br\/revista\/261\">261<\/a> de <strong>Ultimato<\/strong>.<\/pre>\n<p><strong>Leia mais: <\/strong><\/p>\n<p>\u00bb <a href=\"https:\/\/www.ultimato.com.br\/comunidade-conteudo\/criacao-e-criatura\/Miss%E3o\" target=\"_blank\" rel=\"noopener noreferrer\">Cria\u00e7\u00e3o e Criatura<\/a><\/p>\n<p>\u00bb <a href=\"https:\/\/www.ultimato.com.br\/revista\/artigos\/338\/a-beleza-da-criacao-na-tenra-e-pequenina-florzinha-em-botao\" target=\"_blank\" rel=\"noopener noreferrer\">A beleza da cria\u00e7\u00e3o na \u201ctenra e pequenina florzinha em bot\u00e3o\u201d<\/a><\/p>\n","protected":false},"excerpt":{"rendered":"<p>A hist\u00f3ria b\u00edblica da cria\u00e7\u00e3o \u00e9 bela, ordeira, ampla e abrangente. N\u00e3o \u00e9 \u00e0 toa que a B\u00edblia come\u00e7a com a hist\u00f3ria da cria\u00e7\u00e3o (Gn 1 e 2). Tamb\u00e9m n\u00e3o \u00e9 \u00e0 toa que ela termina com a promessa da nova cria\u00e7\u00e3o (Ap 21 e 22). Voc\u00ea precisa saber com certeza o nome e o [&hellip;]<\/p>\n","protected":false},"author":21,"featured_media":0,"comment_status":"open","ping_status":"open","sticky":false,"template":"","format":"standard","meta":{"ngg_post_thumbnail":0,"footnotes":""},"categories":[116],"tags":[162,13,5403,5444,5609],"class_list":["post-2156","post","type-post","status-publish","format-standard","hentry","category-blog","tag-beleza","tag-biblia","tag-criacao","tag-deus","tag-historia"],"_links":{"self":[{"href":"https:\/\/ultimato.com.br\/sites\/elbencesar\/wp-json\/wp\/v2\/posts\/2156","targetHints":{"allow":["GET"]}}],"collection":[{"href":"https:\/\/ultimato.com.br\/sites\/elbencesar\/wp-json\/wp\/v2\/posts"}],"about":[{"href":"https:\/\/ultimato.com.br\/sites\/elbencesar\/wp-json\/wp\/v2\/types\/post"}],"author":[{"embeddable":true,"href":"https:\/\/ultimato.com.br\/sites\/elbencesar\/wp-json\/wp\/v2\/users\/21"}],"replies":[{"embeddable":true,"href":"https:\/\/ultimato.com.br\/sites\/elbencesar\/wp-json\/wp\/v2\/comments?post=2156"}],"version-history":[{"count":2,"href":"https:\/\/ultimato.com.br\/sites\/elbencesar\/wp-json\/wp\/v2\/posts\/2156\/revisions"}],"predecessor-version":[{"id":2159,"href":"https:\/\/ultimato.com.br\/sites\/elbencesar\/wp-json\/wp\/v2\/posts\/2156\/revisions\/2159"}],"wp:attachment":[{"href":"https:\/\/ultimato.com.br\/sites\/elbencesar\/wp-json\/wp\/v2\/media?parent=2156"}],"wp:term":[{"taxonomy":"category","embeddable":true,"href":"https:\/\/ultimato.com.br\/sites\/elbencesar\/wp-json\/wp\/v2\/categories?post=2156"},{"taxonomy":"post_tag","embeddable":true,"href":"https:\/\/ultimato.com.br\/sites\/elbencesar\/wp-json\/wp\/v2\/tags?post=2156"}],"curies":[{"name":"wp","href":"https:\/\/api.w.org\/{rel}","templated":true}]}}