{"id":1871,"date":"2019-01-11T11:30:47","date_gmt":"2019-01-11T13:30:47","guid":{"rendered":"http:\/\/ultimato.com.br\/sites\/elbencesar\/?p=1871"},"modified":"2019-01-14T10:56:12","modified_gmt":"2019-01-14T12:56:12","slug":"ultimato-51-anos","status":"publish","type":"post","link":"https:\/\/ultimato.com.br\/sites\/elbencesar\/2019\/01\/11\/ultimato-51-anos\/","title":{"rendered":"Ultimato &#8211; 51 anos"},"content":{"rendered":"<p><img loading=\"lazy\" decoding=\"async\" class=\"size-medium wp-image-1873 alignright\" src=\"http:\/\/ultimato.com.br\/sites\/elbencesar\/files\/blog_EC_11_01_18_ultimato_51_anos-214x300.jpg\" alt=\"\" width=\"214\" height=\"300\" srcset=\"https:\/\/ultimato.com.br\/sites\/elbencesar\/files\/blog_EC_11_01_18_ultimato_51_anos-214x300.jpg 214w, https:\/\/ultimato.com.br\/sites\/elbencesar\/files\/blog_EC_11_01_18_ultimato_51_anos.jpg 499w\" sizes=\"auto, (max-width: 214px) 100vw, 214px\" \/>No texto de \u201cApresenta\u00e7\u00e3o\u201d da edi\u00e7\u00e3o n\u00famero 1 de <strong>Ultimato<\/strong>, o pastor <a href=\"https:\/\/www.ultimato.com.br\/conteudo\/elben-cesar-1930-2016-lamento\" target=\"_blank\" rel=\"noopener\">Elben C\u00e9sar<\/a>, o seu fundador, conta a hist\u00f3ria do nascimento e prop\u00f3sito da revista, entre os quais est\u00e1 a urg\u00eancia do an\u00fancio da boa nova de Jesus.<\/p>\n<p>Ao completar 51 anos, <strong>Ultimato<\/strong> continua empenhada em contribuir para a transforma\u00e7\u00e3o, evangeliza\u00e7\u00e3o e edifica\u00e7\u00e3o de vidas. Tamb\u00e9m em contribuir para criar uma mentalidade b\u00edblica e estimular a arte de encarar os acontecimentos sob uma perspectiva crist\u00e3, associando a teoria com a pr\u00e1tica, a f\u00e9 com as obras, a evangeliza\u00e7\u00e3o com a a\u00e7\u00e3o social, a ora\u00e7\u00e3o com a a\u00e7\u00e3o, a convers\u00e3o com a santidade de vida, o suor de hoje com a gl\u00f3ria por vir.<\/p>\n<p>Acompanhe, a seguir, a hist\u00f3ria do nascimento da <a href=\"https:\/\/www.ultimato.com.br\/revista\/\" target=\"_blank\" rel=\"noopener\">revista<\/a>.<\/p>\n<p>&nbsp;<\/p>\n<blockquote><p>Em maio de 1966, o coordenador dos suplementos do \u00f3rg\u00e3o oficial da Igreja Presbiteriana do Brasil, dr. Paulo C\u00e9sar, pediu-me preparar uma notas sobre a origem de alguns de nossos jornais vivos e mortos. Percebi, de in\u00edcio, que quase a totalidade desses peri\u00f3dicos veio a existir com o prop\u00f3sito de evangelizar. Um deles foi criado pela Sociedade Mission\u00e1ria da Igreja da Rua Silva Jardim, 23, na Velhacap, e 20% de sua tiragem era oferecida gratuitamente entre os transeuntes. Voltei ao presente e certifiquei-me de que a imprensa evang\u00e9lica atual \u00e9 farta, variada e boa, especialmente ente batistas e metodistas, mas pobre, impressionantemente pobre, quanto \u00e0 proclama\u00e7\u00e3o do Evangelho fora de nossos arraiais. Temos literatura para todas as idades, \u00f3rg\u00e3os denominacionais, revistas para a Escola Dominical, devocion\u00e1rios, revistas de senhoras, jornais para promo\u00e7\u00e3o de avivamento e at\u00e9 a Revista Bibliogr\u00e1fica. Vieram tamb\u00e9m \u00e0 exist\u00eancia boletins ecum\u00eanicos. Os jornais de propaganda da f\u00e9 evang\u00e9lica, por\u00e9m, s\u00e3o poucos e n\u00e3o ocupam a devia proje\u00e7\u00e3o.<\/p>\n<p>Nesta altura, surgiram a ideia e o desejo de fundar um jornal para suprir, ao lado dos poucos existentes, esta lacuna. Orei. Conversei com algumas pessoas de extraordin\u00e1rio otimismo. Escrevi cartas. Depois de ano e meio, o jeito era p\u00f4r as m\u00e3os no arado e n\u00e3o olhar para tr\u00e1s. S\u00f3 para a frente, para o Senhor da Seara, que fortalece o fraco e auxilia o necessitado. Assim nasceu o <strong>Ultimato<\/strong>.<\/p>\n<p>Chama-se Ultimato para dar a ideia de urg\u00eancia. O mundo est\u00e1 a correr. Corre-se para ganhar dinheiro, para ter n\u00edvel de vida mais elevado, para ter o maior estoque poss\u00edvel de armas nucleares, para se chegar primeiro a casa e \u00e0 lua. As p\u00edlulas, a esteriliza\u00e7\u00e3o e a guerra do Vietn\u00e3 n\u00e3o conseguem deter a explos\u00e3o demogr\u00e1fica, que \u00e9 mais intensa em pa\u00edses chamados pag\u00e3os. A corrida para Deus, para as cousas do esp\u00edrito, por\u00e9m, diminuiu por causa da onde de materialismo e ate\u00edsmo que varre a terra, por causa do liberalismo quer teol\u00f3gico quer moral, em consequ\u00eancia da natureza corrompida do homem. N\u00e3o obstante, o rel\u00f3gio do tempo n\u00e3o para. Os homens morrem e s\u00e3o substitu\u00eddos pelos que nascem. Morrem sem Deus. Sem f\u00e9. Sem esperan\u00e7a. Sem dire\u00e7\u00e3o certa. Sem certeza. \u00c9 necess\u00e1rio escrever com letras grandes e colocar no caminho da vida o letreiro de Isa\u00edas 55.6: \u201cBuscai o Senhor enquanto se pode achar, invocai-o enquanto est\u00e1 perto&#8221;.<\/p>\n<p>O jornal pretende exaltar as Escrituras Sagradas, anunciar o Evangelho direta e indiretamente. Evangelizar significa pregar as boas novas. As boas novas referem-se ao advento de Cristo e \u00e0 obra expiat\u00f3ria por ele realizada. <strong>Ultimato <\/strong>n\u00e3o se deleitar\u00e1 com pol\u00eamicas, mas ser\u00e1 firme e delicadamente ousado. O diretor e os colaboradores t\u00eam convic\u00e7\u00f5es evang\u00e9licas e reformadas.<\/p>\n<p>Agrade\u00e7o \u00e0queles que v\u00e3o escrever para o jornal. Sei serem homens ocupad\u00edssimos. N\u00e3o pude dispens\u00e1-los porque s\u00e3o tamb\u00e9m homens piedosos e eruditos nas Escrituras. A heroica Igreja Presbiteriana de Vi\u00e7osa, Minas, teve a liberalidade de financiar o presente n\u00famero de <strong>Ultimato<\/strong>. Os demais ser\u00e3o impressos com a venda de assinaturas e exemplares avulsos. E, agora, colocamos nas m\u00e3os de Deus a trajet\u00f3ria que esse jornal deve descrever, para gl\u00f3ria e louvor de Seu Filho Jesus Cristo.<\/p><\/blockquote>\n<pre>Texto originalmente publicado na edi\u00e7\u00e3o n\u00ba1 de <strong>Ultimato<\/strong>.<\/pre>\n<p><strong>Leia mais<\/strong><\/p>\n<p>\u00bb <a href=\"https:\/\/www.ultimato.com.br\/pagina\/diario-intimo-de-ultimato\" target=\"_blank\" rel=\"noopener\">Di\u00e1rio \u00edntimo de Ultimato<\/a><\/p>\n<p>\u00bb <a href=\"https:\/\/www.ultimato.com.br\/conteudo\/a-voz-que-clama\" target=\"_blank\" rel=\"noopener\">A voz que clama<\/a><\/p>\n<p>\u00bb <a href=\"https:\/\/www.ultimato.com.br\/conteudo\/boa-semente-em-solo-fertil\" target=\"_blank\" rel=\"noopener\">Boa semente em solo f\u00e9rtil<\/a><\/p>\n","protected":false},"excerpt":{"rendered":"<p>No texto de \u201cApresenta\u00e7\u00e3o\u201d da edi\u00e7\u00e3o n\u00famero 1 de Ultimato, o pastor Elben C\u00e9sar, o seu fundador, conta a hist\u00f3ria do nascimento e prop\u00f3sito da revista, entre os quais est\u00e1 a urg\u00eancia do an\u00fancio da boa nova de Jesus. Ao completar 51 anos, Ultimato continua empenhada em contribuir para a transforma\u00e7\u00e3o, evangeliza\u00e7\u00e3o e edifica\u00e7\u00e3o de [&hellip;]<\/p>\n","protected":false},"author":21,"featured_media":0,"comment_status":"open","ping_status":"open","sticky":false,"template":"","format":"standard","meta":{"ngg_post_thumbnail":0,"footnotes":""},"categories":[116],"tags":[155,5593,5609,5952],"class_list":["post-1871","post","type-post","status-publish","format-standard","hentry","category-blog","tag-aniversario","tag-gratidao","tag-historia","tag-revista"],"_links":{"self":[{"href":"https:\/\/ultimato.com.br\/sites\/elbencesar\/wp-json\/wp\/v2\/posts\/1871","targetHints":{"allow":["GET"]}}],"collection":[{"href":"https:\/\/ultimato.com.br\/sites\/elbencesar\/wp-json\/wp\/v2\/posts"}],"about":[{"href":"https:\/\/ultimato.com.br\/sites\/elbencesar\/wp-json\/wp\/v2\/types\/post"}],"author":[{"embeddable":true,"href":"https:\/\/ultimato.com.br\/sites\/elbencesar\/wp-json\/wp\/v2\/users\/21"}],"replies":[{"embeddable":true,"href":"https:\/\/ultimato.com.br\/sites\/elbencesar\/wp-json\/wp\/v2\/comments?post=1871"}],"version-history":[{"count":12,"href":"https:\/\/ultimato.com.br\/sites\/elbencesar\/wp-json\/wp\/v2\/posts\/1871\/revisions"}],"predecessor-version":[{"id":1886,"href":"https:\/\/ultimato.com.br\/sites\/elbencesar\/wp-json\/wp\/v2\/posts\/1871\/revisions\/1886"}],"wp:attachment":[{"href":"https:\/\/ultimato.com.br\/sites\/elbencesar\/wp-json\/wp\/v2\/media?parent=1871"}],"wp:term":[{"taxonomy":"category","embeddable":true,"href":"https:\/\/ultimato.com.br\/sites\/elbencesar\/wp-json\/wp\/v2\/categories?post=1871"},{"taxonomy":"post_tag","embeddable":true,"href":"https:\/\/ultimato.com.br\/sites\/elbencesar\/wp-json\/wp\/v2\/tags?post=1871"}],"curies":[{"name":"wp","href":"https:\/\/api.w.org\/{rel}","templated":true}]}}