{"id":1362,"date":"2018-05-15T14:42:42","date_gmt":"2018-05-15T17:42:42","guid":{"rendered":"http:\/\/ultimato.com.br\/sites\/elbencesar\/?p=1362"},"modified":"2018-05-18T12:10:32","modified_gmt":"2018-05-18T15:10:32","slug":"sem-coracao","status":"publish","type":"post","link":"https:\/\/ultimato.com.br\/sites\/elbencesar\/2018\/05\/15\/sem-coracao\/","title":{"rendered":"Sem-cora\u00e7\u00e3o"},"content":{"rendered":"<p><img loading=\"lazy\" decoding=\"async\" class=\"alignright wp-image-1365\" src=\"http:\/\/ultimato.com.br\/sites\/elbencesar\/files\/pobreza-eua-2-300x257.jpg\" alt=\"\" width=\"250\" height=\"214\" \/><\/p>\n<p>Os sem-cora\u00e7\u00e3o s\u00e3o aqueles que n\u00e3o se comovem com a desgra\u00e7a alheia e sempre passam de largo daqueles que sofrem. S\u00e3o incapazes de chorar com os que choram e de se alegrar com os que se alegram (Rm 12.15). N\u00e3o se solidarizam nem com os que est\u00e3o tristes nem com os que est\u00e3o alegres. S\u00e3o os que n\u00e3o amam, n\u00e3o se compadecem, n\u00e3o estendem a m\u00e3o a ningu\u00e9m, n\u00e3o abrem o bolso, n\u00e3o atravessam a rua, n\u00e3o dizem sim a ningu\u00e9m, n\u00e3o d\u00e3o um copo d\u2019\u00e1gua a quem quer que seja.<\/p>\n<p>Eles n\u00e3o se perturbam quando v\u00eaem um miser\u00e1vel coberto de chagas gritando de dor. N\u00e3o se perturbam quando v\u00eaem uma mulher faminta comendo o pr\u00f3prio filho. N\u00e3o se perturbam quando v\u00eaem um estrangeiro espancar um patr\u00edcio seu. N\u00e3o se perturbam quando v\u00eaem uma autoridade misturar sangue de pessoas com sangue de animais. N\u00e3o se perturbam quando v\u00eaem algu\u00e9m esbofeteando o pr\u00f3prio Jesus.<\/p>\n<p>Os sem-cora\u00e7\u00e3o est\u00e3o sempre quebrando tanto o primeiro como o segundo mandamento, os mandamentos do amor a Deus e do amor ao pr\u00f3ximo. S\u00e3o r\u00e9us grosseiros.<\/p>\n<pre>Texto extra\u00eddo do livro <em>Dicion\u00e1rio dos Desprovidos. <\/em>Editora Ultimato, 1997.<\/pre>\n<p><strong>Leia mais<\/strong><br \/>\n&gt;&gt;\u00a0<a href=\"http:\/\/www.ultimato.com.br\/loja\/produtos\/o-reino-de-deus-e-a-transformacao-social\" target=\"_blank\" rel=\"noopener\">O Reino de Deus e a Transforma\u00e7\u00e3o Social<\/a><\/p>\n","protected":false},"excerpt":{"rendered":"<p>Os sem-cora\u00e7\u00e3o s\u00e3o aqueles que n\u00e3o se comovem com a desgra\u00e7a alheia e sempre passam de largo daqueles que sofrem. S\u00e3o incapazes de chorar com os que choram e de se alegrar com os que se alegram (Rm 12.15). N\u00e3o se solidarizam nem com os que est\u00e3o tristes nem com os que est\u00e3o alegres. S\u00e3o [&hellip;]<\/p>\n","protected":false},"author":21,"featured_media":0,"comment_status":"open","ping_status":"open","sticky":false,"template":"","format":"standard","meta":{"ngg_post_thumbnail":0,"footnotes":""},"categories":[116],"tags":[39209,39208,39207],"class_list":["post-1362","post","type-post","status-publish","format-standard","hentry","category-blog","tag-indiferenca","tag-maldade","tag-sem-coracao"],"_links":{"self":[{"href":"https:\/\/ultimato.com.br\/sites\/elbencesar\/wp-json\/wp\/v2\/posts\/1362","targetHints":{"allow":["GET"]}}],"collection":[{"href":"https:\/\/ultimato.com.br\/sites\/elbencesar\/wp-json\/wp\/v2\/posts"}],"about":[{"href":"https:\/\/ultimato.com.br\/sites\/elbencesar\/wp-json\/wp\/v2\/types\/post"}],"author":[{"embeddable":true,"href":"https:\/\/ultimato.com.br\/sites\/elbencesar\/wp-json\/wp\/v2\/users\/21"}],"replies":[{"embeddable":true,"href":"https:\/\/ultimato.com.br\/sites\/elbencesar\/wp-json\/wp\/v2\/comments?post=1362"}],"version-history":[{"count":7,"href":"https:\/\/ultimato.com.br\/sites\/elbencesar\/wp-json\/wp\/v2\/posts\/1362\/revisions"}],"predecessor-version":[{"id":1370,"href":"https:\/\/ultimato.com.br\/sites\/elbencesar\/wp-json\/wp\/v2\/posts\/1362\/revisions\/1370"}],"wp:attachment":[{"href":"https:\/\/ultimato.com.br\/sites\/elbencesar\/wp-json\/wp\/v2\/media?parent=1362"}],"wp:term":[{"taxonomy":"category","embeddable":true,"href":"https:\/\/ultimato.com.br\/sites\/elbencesar\/wp-json\/wp\/v2\/categories?post=1362"},{"taxonomy":"post_tag","embeddable":true,"href":"https:\/\/ultimato.com.br\/sites\/elbencesar\/wp-json\/wp\/v2\/tags?post=1362"}],"curies":[{"name":"wp","href":"https:\/\/api.w.org\/{rel}","templated":true}]}}