{"id":32,"date":"2012-07-24T20:55:10","date_gmt":"2012-07-24T20:55:10","guid":{"rendered":"http:\/\/ultimato.com.br\/sites\/discipulo-radical-premium\/?p=32"},"modified":"2012-07-25T12:07:03","modified_gmt":"2012-07-25T12:07:03","slug":"dois-desafios-ler-e-tornar-se-um-discipulo-radical","status":"publish","type":"post","link":"https:\/\/ultimato.com.br\/sites\/discipulo-radical-premium\/2012\/07\/24\/dois-desafios-ler-e-tornar-se-um-discipulo-radical\/","title":{"rendered":"Dois desafios: ler e tornar-se um disc\u00edpulo radical"},"content":{"rendered":"<p>O texto aqui divulgado apresenta uma iniciativa do minist\u00e9rio Entre Jovens, que se deu pela necessidade de desenvolver o habito da leitura e de caminhar em dire\u00e7\u00e3o a um compromisso radical de discipulado. <em>O que acha de adotar estes dois desafios voc\u00ea tamb\u00e9m? Compartilhe sua experi\u00eancia nos coment\u00e1rios.<\/em><\/p>\n<p>***<\/p>\n<p><img decoding=\"async\" class=\"aligncenter\" src=\"http:\/\/ministerioentrejovens.files.wordpress.com\/2011\/07\/entre-jovens-livro-o-discc3adpulo-radical.jpg?w=497\" alt=\"\" \/><\/p>\n<p>&nbsp;<\/p>\n<p style=\"padding-left: 30px;\">[No dia 10 de julho de 2011] boa parte do <a href=\"http:\/\/ministerioentrejovens.wordpress.com\" target=\"_blank\">Entre Jovens<\/a> se reuniu para almo\u00e7ar e conversar sobre alguns assuntos relacionados ao <a href=\"http:\/\/ministerioentrejovens.wordpress.com\/2011\/08\/23\/as-vesperas-do-congresso\/\" target=\"_blank\">Congresso<\/a>, que est\u00e1 se aproximando. Tamb\u00e9m foi o momento onde iniciamos um projeto que, com certeza, vai contribuir muito com nosso crescimento espiritual. A partir de hoje, estamos iniciando um plano de leitura do livro \u201cO Disc\u00edpulo Radical\u201d, de John Stott (Editora Ultimato). A iniciativa se deu a partir de uma constata\u00e7\u00e3o preocupante: assim como a maioria dos brasileiros, boa parte dos nossos jovens n\u00e3o tem o h\u00e1bito de leitura; nem da B\u00edblia nem de livro nenhum. Todos sabem que sem leitura (seja ela qual for), somos privados do senso cr\u00edtico, tornamo-nos limitados em nossas id\u00e9ias e em nossos argumentos. Podemos ser at\u00e9 engra\u00e7adinhos, animados, mas sem o conhecimento que a leitura nos proporciona somos pessoas limitadas, espectadoras passivas daquilo que os detentores da informa\u00e7\u00e3o nos imp\u00f5em. Sem senso cr\u00edtico, simplesmente ingerimos aquilo que nos \u00e9 imposto, nos tornando manipul\u00e1veis, alienados.<\/p>\n<p style=\"padding-left: 30px;\">O desafio \u00e9 grande, por\u00e9m decidimos come\u00e7ar pelo come\u00e7o. A escolha do livro se deu primeiramente por conta do assunto. O autor John Stott nos sugere uma caminhada de aprendizado cont\u00ednuo em nossa jornada crist\u00e3. Se n\u00f3s somos disc\u00edpulos, somos alunos permanentes do mestre Jesus. O livro \u00e9 pequeno, os cap\u00edtulos s\u00e3o curtos e de f\u00e1cil compreens\u00e3o, uma boa op\u00e7\u00e3o para aqueles que querem iniciar um plano de leitura, mesmo aqueles que t\u00eam dificuldade de ler por falta de h\u00e1bito. Tamb\u00e9m \u00e9 uma boa op\u00e7\u00e3o de leitura complementar para aqueles que t\u00eam dificuldades de compreender o que l\u00eaem nas Escrituras. Nos programamos para ler um cap\u00edtulo por semana, concluindo daqui a oito semanas (dois meses). Cada integrante do minist\u00e9rio tamb\u00e9m receber\u00e1 semanalmente textos de outros livros que complementam a id\u00e9ia do tema da semana. Assim, teremos a chance de nos aprofundarmos ainda mais em determinados assuntos. Se poss\u00edvel, queremos dividir essas experi\u00eancias com voc\u00eas internautas atrav\u00e9s deste blog. Se desejar participar conosco, compre tamb\u00e9m o livro \u201cO Disc\u00edpulo Radical\u201d.<\/p>\n<p style=\"padding-left: 30px;\">Esperamos incentivar voc\u00ea a fazer o mesmo com sua fam\u00edlia, com seus amigos e com os membros do minist\u00e9rio do qual voc\u00ea faz parte. Estimule a leitura, o debate, o conhecimento. N\u00e3o tenha medo de pensar, Deus nos deu essa capacidade para usarmos para a sua gl\u00f3ria! Se quisermos ser uma gera\u00e7\u00e3o relevante neste tempo, precisamos nos despertar para a busca pelo conhecimento, especialmente da Palavra de Deus. O pr\u00f3prio Senhor nos alertou quando disse em Os\u00e9ias 4.6: \u201cMeu povo \u00e9 destru\u00eddo por falta de conhecimento\u201d. Vivemos dias de aliena\u00e7\u00e3o, de conformismo, de superficialidade. Sem profundidade ou pensamento cr\u00edtico, jamais transformaremos a realidade que nos cerca. \u201cE n\u00e3o vos conformeis a este mundo, mas transformai-vos pela renova\u00e7\u00e3o da vossa mente\u201d Romanos 12.2.<\/p>\n<p style=\"padding-left: 30px;\">Que este desafio alcance o seu cora\u00e7\u00e3o. Boa leitura!<\/p>\n<p style=\"padding-left: 30px;\">Thiago Pires<\/p>\n<p style=\"padding-left: 30px;\">Fonte: Blog <a href=\"http:\/\/ministerioentrejovens.wordpress.com\/2011\/07\/10\/o-discipulo-radical\/\" target=\"_blank\">Entre Jovens<\/a><\/p>\n","protected":false},"excerpt":{"rendered":"<p>O texto aqui divulgado apresenta uma iniciativa do minist\u00e9rio Entre Jovens, que se deu pela necessidade de desenvolver o habito da leitura e de caminhar em dire\u00e7\u00e3o a um compromisso radical de discipulado. O que acha de adotar estes dois desafios voc\u00ea tamb\u00e9m? Compartilhe sua experi\u00eancia nos coment\u00e1rios. *** &nbsp; [No dia 10 de julho [&hellip;]<\/p>\n","protected":false},"author":8,"featured_media":0,"comment_status":"open","ping_status":"open","sticky":false,"template":"","format":"standard","meta":{"footnotes":""},"categories":[9],"tags":[5433,5675,25],"class_list":["post-32","post","type-post","status-publish","format-standard","hentry","category-sem-categoria","tag-desafio","tag-jovens","tag-leitura"],"_links":{"self":[{"href":"https:\/\/ultimato.com.br\/sites\/discipulo-radical-premium\/wp-json\/wp\/v2\/posts\/32","targetHints":{"allow":["GET"]}}],"collection":[{"href":"https:\/\/ultimato.com.br\/sites\/discipulo-radical-premium\/wp-json\/wp\/v2\/posts"}],"about":[{"href":"https:\/\/ultimato.com.br\/sites\/discipulo-radical-premium\/wp-json\/wp\/v2\/types\/post"}],"author":[{"embeddable":true,"href":"https:\/\/ultimato.com.br\/sites\/discipulo-radical-premium\/wp-json\/wp\/v2\/users\/8"}],"replies":[{"embeddable":true,"href":"https:\/\/ultimato.com.br\/sites\/discipulo-radical-premium\/wp-json\/wp\/v2\/comments?post=32"}],"version-history":[{"count":6,"href":"https:\/\/ultimato.com.br\/sites\/discipulo-radical-premium\/wp-json\/wp\/v2\/posts\/32\/revisions"}],"predecessor-version":[{"id":36,"href":"https:\/\/ultimato.com.br\/sites\/discipulo-radical-premium\/wp-json\/wp\/v2\/posts\/32\/revisions\/36"}],"wp:attachment":[{"href":"https:\/\/ultimato.com.br\/sites\/discipulo-radical-premium\/wp-json\/wp\/v2\/media?parent=32"}],"wp:term":[{"taxonomy":"category","embeddable":true,"href":"https:\/\/ultimato.com.br\/sites\/discipulo-radical-premium\/wp-json\/wp\/v2\/categories?post=32"},{"taxonomy":"post_tag","embeddable":true,"href":"https:\/\/ultimato.com.br\/sites\/discipulo-radical-premium\/wp-json\/wp\/v2\/tags?post=32"}],"curies":[{"name":"wp","href":"https:\/\/api.w.org\/{rel}","templated":true}]}}