{"id":998,"date":"2025-04-17T11:01:51","date_gmt":"2025-04-17T11:01:51","guid":{"rendered":"https:\/\/ultimato.com.br\/sites\/dignidade\/?p=998"},"modified":"2025-04-17T22:55:00","modified_gmt":"2025-04-17T22:55:00","slug":"carta-de-mulheres-presbiterianas-ao-secretario-executivo-da-ipb","status":"publish","type":"post","link":"https:\/\/ultimato.com.br\/sites\/dignidade\/2025\/04\/17\/carta-de-mulheres-presbiterianas-ao-secretario-executivo-da-ipb\/","title":{"rendered":"Carta de Mulheres Presbiterianas ao Secret\u00e1rio Executivo da IPB"},"content":{"rendered":"<p><strong>*Publicado por Marcus Vin\u00edcius Matos<\/strong><\/p>\n<p><em>Tornamos p\u00fablica aqui, reproduzida na \u00edntegra, esta Carta de Mulheres Presbiterianas enviada ao Secret\u00e1rio Executivo da Igreja Presbiteriana do Brasil (IPB) no dia 9 de abril de 2025, por e-mail.<\/em><\/p>\n<p><img loading=\"lazy\" decoding=\"async\" class=\"aligncenter size-large wp-image-839\" src=\"https:\/\/ultimato.com.br\/sites\/dignidade\/files\/2022\/08\/IPB-mulheres-Dignidade-1024x577.jpg\" alt=\"\" width=\"750\" height=\"423\" srcset=\"https:\/\/ultimato.com.br\/sites\/dignidade\/files\/2022\/08\/IPB-mulheres-Dignidade-1024x577.jpg 1024w, https:\/\/ultimato.com.br\/sites\/dignidade\/files\/2022\/08\/IPB-mulheres-Dignidade-300x169.jpg 300w, https:\/\/ultimato.com.br\/sites\/dignidade\/files\/2022\/08\/IPB-mulheres-Dignidade-768x432.jpg 768w, https:\/\/ultimato.com.br\/sites\/dignidade\/files\/2022\/08\/IPB-mulheres-Dignidade-1536x865.jpg 1536w, https:\/\/ultimato.com.br\/sites\/dignidade\/files\/2022\/08\/IPB-mulheres-Dignidade-732x412.jpg 732w, https:\/\/ultimato.com.br\/sites\/dignidade\/files\/2022\/08\/IPB-mulheres-Dignidade-1140x642.jpg 1140w, https:\/\/ultimato.com.br\/sites\/dignidade\/files\/2022\/08\/IPB-mulheres-Dignidade.jpg 1600w\" sizes=\"auto, (max-width: 750px) 100vw, 750px\" \/><\/p>\n<p>&nbsp;<\/p>\n<p>&#8220;Prezado Rev. Juarez Marcondes Filho \u2013 Secret\u00e1rio Executivo do Supremo Conc\u00edlio<\/p>\n<p>Igreja Presbiteriana do Brasil<\/p>\n<p style=\"text-align: right;\"><strong>Mas tudo seja feito com dec\u00eancia e ordem <\/strong><\/p>\n<p style=\"text-align: right;\"><strong>I Cor\u00edntios 14.40<\/strong><\/p>\n<p>Desejamos que esta manifesta\u00e7\u00e3o lhe encontre bem e com sa\u00fade.<\/p>\n<p>Diante da realiza\u00e7\u00e3o da CE \u2013 SC\/IPB 2025 (08\/04\/2025 \u00e0 11\/04\/2025) rogamos as ben\u00e7\u00e3os de nosso bom Deus a todas e todos presentes nesta reuni\u00e3o na cidade de S\u00e3o Lu\u00eds &#8211; MA, bem como toda a comunidade presbiteriana espalhada pelo Brasil afora.<\/p>\n<p>Como Coletivo de Mulheres Presbiterianas do Brasil estamos sempre nos movimentando de forma organizada, bem como extremamente conscientes do papel e atua\u00e7\u00e3o das mulheres presbiterianas, desde a origem do Presbiterianismo Brasileiro e em igrejas pelo Brasil afora na atualidade. Especialmente a partir de 2018, temos tristemente acompanhado as resolu\u00e7\u00f5es do Supremo Conc\u00edlio sobre a participa\u00e7\u00e3o das mulheres nas igrejas.<\/p>\n<p>Lamentamos o fato de que, n\u00e3o toda a IPB, mas um grupo barulhento de pastores e membros presbiterianos tenham al\u00e7ado um arbitr\u00e1rio e question\u00e1vel \u2018protagonismo\u2019 para fraudar uma cultura existente em nossas igrejas h\u00e1 muito tempo. Afinal, diante dos \u00faltimos desvios emplacados no \u201capagar das luzes\u201d &#8211; e sob algazarra geral &#8211; nas reuni\u00f5es do Supremo Conc\u00edlio, ainda nos perguntamos: por que temer a atua\u00e7\u00e3o das mulheres nos p\u00falpitos? Qual \u00e9 exatamente o inc\u00f4modo? E mais: por qual raz\u00e3o, especialmente entre os anos de 2018 e 2022, se chegou ao entrela\u00e7amento de ideias como sendo as mesmas verdades b\u00edblicas nos controversos Doc. CCLII e Doc. CCLIII \u2013 SC\/IPB 2022? Quer dizer que, em mais de 150 anos de hist\u00f3ria e impacto na sociedade brasileira, a IPB n\u00e3o seguia a B\u00edblia com rela\u00e7\u00e3o ao tratamento e espa\u00e7o destinados \u00e0s mulheres? Podem ser validadas suposi\u00e7\u00f5es fr\u00e1geis e tendenciosas embasadas em vers\u00edculos ideologicamente pin\u00e7ados da B\u00edblia ou diante do mau uso de perguntas e respostas do Catecismo Maior e afins sem as devidas contextualiza\u00e7\u00f5es?<\/p>\n<p>Somos gratas ao bom Deus por termos ouvido um pouco de reflex\u00e3o na fala do Revdo Roberto Brasileiro no V Encontro da Mulher Presbiteriana, realizado no dia 3 de novembro de 2022 no Centro de Conven\u00e7\u00f5es do Hotel DiRoma, em Caldas Novas &#8211; Goi\u00e1s. Como tamb\u00e9m louvamos a Deus e agradecidas ficamos por descobrirmos que na CE \u2013 SC\/IPB 2024, a pauta sobre as mulheres nos p\u00falpitos e na distribui\u00e7\u00e3o dos elementos da Santa Ceia foi novamente debatida e abra\u00e7ada favoravelmente por quase 80 presidentes de s\u00ednodos presentes na mesma reuni\u00e3o, dentre o total de 95 s\u00ednodos constitu\u00eddos da IPB<a href=\"#_ftn1\" name=\"_ftnref1\">[1]<\/a>. \u00a0Lamentavelmente e por pouco, faltou a unanimidade das mat\u00e9rias conforme os ritos institucionais.<\/p>\n<p>Contudo, no intuito fraterno, leg\u00edtimo e democr\u00e1tico de explicitarmos nossos questionamentos como mulheres que prezam a \u201cigreja reformada, sempre reformando\u201d, sinalizamos o aparecimento de um documento via ICalvinus com destina\u00e7\u00e3o para a CE-SC\/IPB 2025 que, rid\u00edcula e erroneamente, atribui a autoria de nosso abaixo assinado (e por proximidade tamb\u00e9m a Carta de Mulheres Presbiterianas \u00e0 IPB) ao grupo Ecclesiae Renovare: nos referimos ao <strong>DCTO 164 \u2013 Posi\u00e7\u00e3o do PBHZ quanto ao pronunciamento em Encontro de Mulheres<\/strong>, pois citado nele: \u201cEssa mesma &#8220;ecclesiarenovare&#8221; foi a que produziu e espalhou um tal abaixo assinado&#8221; na tentativa de confrontar o SC\/lPB e produzir um movimento de revolta das mulheres presbiterianas\u201d (pg. 13).<\/p>\n<p>S\u00f3 podemos entender que a men\u00e7\u00e3o ao abaixo assinado de tal forma foi em total e inapropriado descompasso quando atestada ao grupo Ecclesiae Renovare. Neste caso, citamos tamb\u00e9m descaso por acr\u00e9scimo do uso de letras min\u00fasculas e\/ou confus\u00e3o em n\u00e3o cumprimentos de regras gramaticais b\u00e1sicas da l\u00edngua portuguesa (\u201cecclesiarenovare\u201d &#8211; grafia incorreta), al\u00e9m de inver\u00eddicas afirma\u00e7\u00f5es da mobiliza\u00e7\u00e3o para tornar p\u00fablico o mesmo abaixo assinado.<\/p>\n<p>Mas o agravo maior fica retido \u00e0 imagem do Coletivo de Mulheres Presbiterianas do Brasil. Nesse sentido, \u00e9 v\u00e1lido rememorar que o referido abaixo assinado est\u00e1 diretamente ligado \u00e0 Carta de Mulheres Presbiterianas \u00e0 IPB que teve publicamente a sua autoria atestada em publica\u00e7\u00e3o da Revista Coisas de G\u00eanero: Revista de Estudos Feministas em Teologia e Religi\u00e3o l\u00e1 no ano de 2023<a href=\"#_ftn2\" name=\"_ftnref2\">[2]<\/a>. Somos mulheres contemporaneamente arrojadas. Estamos atentas aos sinais dos tempos. Sabiamente e sob ilumina\u00e7\u00e3o divina, usamos inicialmente o artif\u00edcio do anonimato para a publica\u00e7\u00e3o de nossa manifesta\u00e7\u00e3o irrestritamente em prol do cuidado coletivo e, por extens\u00e3o, ao n\u00e3o enquadramento sob o risco de agendas personalistas.<\/p>\n<p>Temos ci\u00eancia de que tal mecanismo, ou seja, o fato de inicialmente n\u00e3o manifestarmos a autoria COLETIVA da carta e o abaixo assinado, causou extremadas rea\u00e7\u00f5es em muitos que se afirmam pastores da IPB. De certo, assim reagiram na tentativa de al\u00e7arem r\u00e1pido protagonismo em debates que escapam das fronteiras eclesi\u00e1sticas, bem como por estarem fixados na l\u00f3gica de projetos pessoais, dos f\u00e3-clubes em redes socias, da venda de cursos e materiais e assim por diante. Sim, em nossa objetiva interpreta\u00e7\u00e3o, o fim e o meio s\u00e3o de incentivo \u00e0 egolatria. Isto quer dizer, bem distante de a\u00e7\u00f5es comunit\u00e1rias e constru\u00eddas por diversas m\u00e3os, como foi o caso de nossa caminhada desde o in\u00edcio.<\/p>\n<p>Todas n\u00f3s temos voz, rosto e nome. Acertadamente, nossos nomes est\u00e3o l\u00e1, grafados entre os primeiros endossos \u00e0 Carta. Tamb\u00e9m em nosso site (<a href=\"https:\/\/www.coletivompb.com\">https:\/\/www.coletivompb.com<\/a>) apresentamos mais detalhes sobre a nossa realidade: 50 % de participantes do Coletivo est\u00e3o h\u00e1 mais de 35 anos na igreja.<\/p>\n<p>Lamentavelmente, e de forma escandalosa, devemos ressaltar que faltou aos membros do Presbit\u00e9rio Belo Horizonte o zelo exemplar dos crentes de Bereia ao examinar, investigar e verificar se e o qu\u00ea foi ouvido ou escrito era a verdade dos fatos. Al\u00e9m do mais, sinalizamos com extrema preocupa\u00e7\u00e3o o fato de que um documento repleto de argumenta\u00e7\u00f5es dicionarizadas e de um tom considerado ironicamente mirabolante, nos fez indagar sobre poss\u00edveis manipula\u00e7\u00f5es dos tr\u00e2mites e fluxos de documentos institucionais e regimentais. Isto quer dizer que a CE-SC\/IPB 2025 derrapa na credibilidade do fluxo institucional que lhe \u00e9 devida. E n\u00e3o s\u00f3, mas em pior situa\u00e7\u00e3o, fica o Presbit\u00e9rio Belo Horizonte, por ter cedido espa\u00e7o e tempo preciosos para uma argumenta\u00e7\u00e3o de base descabida, de poss\u00edvel promo\u00e7\u00e3o pessoal do artigo apregoado como \u2018requerimento\u2019 pelo articulista principal diante da referida informa\u00e7\u00e3o falsa de autoria e sintom\u00e1tica impossibilidade de reconhecer e entender a l\u00f3gica coletiva. Afinal, n\u00e3o seria egomania referendar autocita\u00e7\u00f5es de frases, e at\u00e9 mesmo livros, na tentativa de reverberar qualquer argumenta\u00e7\u00e3o?<\/p>\n<p>Entendemos ter agido corretamente o S\u00ednodo Belo Horizonte em sua devolutiva, embora a mesma devesse ter sido carregada de tom mais en\u00e9rgico diante do poss\u00edvel uso de m\u00e1 f\u00e9 da \u2018argui\u00e7\u00e3o\u2019 evidentemente apresentada desde a sua origem. Se h\u00e1 tamanho desrespeito e descuido na utiliza\u00e7\u00e3o de argumenta\u00e7\u00f5es falsas, bem provavelmente outros epis\u00f3dios err\u00e1ticos podem ocorrer ou at\u00e9 mesmo foram abafados anteriormente.<\/p>\n<p>Compreendemos que todas essas manobras relativas ao fluxo de encaminhamentos de documentos tendem a manipular os tr\u00e2mites institucionais (via reuni\u00f5es de presbit\u00e9rios e s\u00ednodos) bem como aquelas outras que se referem aos pastores presbiterianos em v\u00eddeos e\/ou postagens estridentes, acusat\u00f3rias e persecut\u00f3rias nas redes sociais, em rela\u00e7\u00e3o \u00e0s mulheres presbiterianas, <strong>N\u00c3O<\/strong> fazem bem \u00e0 Igreja Presbiteriana do Brasil. Nosso coletivo monitora essas apari\u00e7\u00f5es, entendendo que s\u00e3o os mesmos irm\u00e3os (?) que tamb\u00e9m escandalosamente se apresentam como se fossem porta vozes oficiais da Igreja Presbiteriana do Brasil e \u2018absolutos portadores de verdades b\u00edblicas\u2019. Esses senhores, de agendas hiper personalistas, confundem a pr\u00f3pria sombra com a imagem integral da IPB: est\u00e3o abrindo plataformas \u2018educacionais\u2019, vendendo cursos, forma\u00e7\u00f5es, livros e afins. Todas as a\u00e7\u00f5es do tipo s\u00e3o lament\u00e1veis e s\u00f3 servem aos projetos de deseduca\u00e7\u00e3o dos preceitos b\u00edblicos, teol\u00f3gicos e eclesi\u00e1sticos em nossa seara e para al\u00e9m dela.<\/p>\n<p>Na realidade, nossa interpreta\u00e7\u00e3o segue o racioc\u00ednio de que s\u00e3o estes senhores agentes referendados apenas e t\u00e3o somente pela cultura machista e mis\u00f3gina que nos cerca e nos condiciona, enquanto igreja\/parcela da sociedade, a sermos um pa\u00eds violento para mulheres de todas as idades, ra\u00e7a\/etnia, de todas as classes sociais, regi\u00f5es e religi\u00f5es. E assim o fazem utilizando-se da instrumentaliza\u00e7\u00e3o da f\u00e9 crist\u00e3 evang\u00e9lica como respaldo para tantas atrocidades e atitudes desprez\u00edveis.<\/p>\n<p>Segundo reportagem do <em>Le Monde Diplomatique Brasil<\/em> de 14 de mar 2025<a href=\"#_ftn3\" name=\"_ftnref3\">[3]<\/a>, a maioria, total 42,7% de mulheres que relatam viol\u00eancia dom\u00e9stica no Brasil, professa a f\u00e9 evang\u00e9lica, conforme levantamento do Relat\u00f3rio Vis\u00edvel e Invis\u00edvel: a vitimiza\u00e7\u00e3o de mulheres no Brasil &#8211; F\u00f3rum Brasileiro de Seguran\u00e7a P\u00fablica\/Instituto Data Folha.\u00a0 Embora ainda em maior n\u00famero, dentre a popula\u00e7\u00e3o cat\u00f3lica foi registrado \u00edndice de 35,1%. Outros dados que saltam aos olhos diante da leitura cuidadosa desse relat\u00f3rio s\u00e3o que nove em cada dez agress\u00f5es contra mulheres nos \u00faltimos 12 meses foram testemunhadas por outras pessoas. Estas testemunhas oculares em 86,7% s\u00e3o pertencentes aos c\u00edrculos social ou familiar das v\u00edtimas. Triste demais saber que apenas 6% das v\u00edtimas buscam acolhida nas igrejas. E por qual raz\u00e3o? N\u00f3s enxergamos as viol\u00eancias e vamos continuar denunciando-as, pois o Evangelho de nosso Senhor Jesus Cristo \u00e9 acolhedor, de amor, da comunica\u00e7\u00e3o n\u00e3o-violenta e da justa paz. E todas as nossas igrejas n\u00e3o podem se eximir de pregar a mesma mensagem.<\/p>\n<p>Nesse sentido, lamentamos o fato de que o evangelho salv\u00edfico de Jesus Cristo tamb\u00e9m destinado exemplarmente \u00e0s suas v\u00e1rias discipulas no NT, como nos atestam as teologias b\u00edblicas produzidas por v\u00e1rias mulheres pelo mundo afora, est\u00e1 bem longe dessas repetidas manifesta\u00e7\u00f5es de menosprezo, destrato e de n\u00e3o reconhecimento das mulheres presbiterianas, especificamente dentre aquelas que se sentem chamadas aos p\u00falpitos, ministrar os elementos da Santa Ceia bem como escrever cartas p\u00fablicas e constituir engajamento para assinatura de abaixo assinados como se n\u00e3o houvesse nenhum lastro de iniciativas assim na hist\u00f3ria da Reforma Protestante.<\/p>\n<p>Nossas a\u00e7\u00f5es serviram e servir\u00e3o t\u00e3o somente chamar a aten\u00e7\u00e3o da alta c\u00fapula da IPB para os perigos e delinqu\u00eancia pastoral contr\u00e1ria \u00e0s mulheres. O cerco promovido s\u00f3 tende a refor\u00e7ar uma triste constata\u00e7\u00e3o: a igreja est\u00e1 envelhecendo mal e n\u00e3o em vigor do florescimento e boas sementes, mas em descaso com sua tradi\u00e7\u00e3o b\u00edblica, forma\u00e7\u00e3o teol\u00f3gica de qualidade e afronta \u00e0s mulheres, inf\u00e2ncias e juventudes em nossas comunidades.\u00a0 O esp\u00edrito cism\u00e1tico n\u00e3o est\u00e1 em n\u00f3s!<\/p>\n<p>Coletivo de Mulheres Presbiterianas do Brasil.&#8221;<\/p>\n<p><strong>Notas:<\/strong><\/p>\n<p><a href=\"#_ftnref1\" name=\"_ftn1\">[1]<\/a> Cf. Dados Estat\u00edsticos IPB, via Secretaria Executiva SC. Dispon\u00edvel em: <a href=\"https:\/\/www.executivaipb.com.br\/estatisticas\/\">https:\/\/www.executivaipb.com.br\/estatisticas\/<\/a>. Acesso em 31 mar 2025.<\/p>\n<p><a href=\"#_ftnref2\" name=\"_ftn2\">[2]<\/a> Cf.: <a href=\"https:\/\/revistas.est.edu.br\/genero\/article\/view\/1832\">https:\/\/revistas.est.edu.br\/genero\/article\/view\/1832<\/a>. Acesso em 24 mar 2025.<\/p>\n<p><a href=\"#_ftnref3\" name=\"_ftn3\">[3]<\/a> Cf.: <a href=\"https:\/\/diplomatique.org.br\/violencia-domestica-e-prevalente-entre-evangelicas\/\">https:\/\/diplomatique.org.br\/violencia-domestica-e-prevalente-entre-evangelicas\/<\/a>. Acesso em 24 mac 2025.<\/p>\n<p><strong>*Nota do editor:<\/strong> este texto e sua publica\u00e7\u00e3o seguem a linha editorial independente do Blog Dignidade. Assim como todo o conte\u00fado deste blog, ele \u00e9 de inteira responsabilidade de seus autores, n\u00e3o sendo endossado pelo Portal Ultimato &#8211; que graciosamente nos hospeda, e corajosamente nos garante liberdade de opini\u00e3o. Atualiza\u00e7\u00e3o: esta publica\u00e7\u00e3o foi atualizada \u00e0s 19h de 17 de abril de 2025 com pequenas corre\u00e7\u00f5es.<\/p>\n<p>_______________________________________________________________________________________<\/p>\n<p><strong><img loading=\"lazy\" decoding=\"async\" class=\"wp-image-946 alignleft\" src=\"https:\/\/ultimato.com.br\/sites\/dignidade\/files\/2023\/12\/FYge_F0t-768x1024.jpeg\" alt=\"\" width=\"197\" height=\"263\" srcset=\"https:\/\/ultimato.com.br\/sites\/dignidade\/files\/2023\/12\/FYge_F0t-768x1024.jpeg 768w, https:\/\/ultimato.com.br\/sites\/dignidade\/files\/2023\/12\/FYge_F0t-225x300.jpeg 225w, https:\/\/ultimato.com.br\/sites\/dignidade\/files\/2023\/12\/FYge_F0t-1152x1536.jpeg 1152w, https:\/\/ultimato.com.br\/sites\/dignidade\/files\/2023\/12\/FYge_F0t-1536x2048.jpeg 1536w, https:\/\/ultimato.com.br\/sites\/dignidade\/files\/2023\/12\/FYge_F0t-732x976.jpeg 732w, https:\/\/ultimato.com.br\/sites\/dignidade\/files\/2023\/12\/FYge_F0t-1140x1520.jpeg 1140w, https:\/\/ultimato.com.br\/sites\/dignidade\/files\/2023\/12\/FYge_F0t-scaled.jpeg 1920w\" sizes=\"auto, (max-width: 197px) 100vw, 197px\" \/>*Marcus Vinicius Matos\u00a0<\/strong>\u00e9 professor efetivo (Senior Lecturer) de Direito P\u00fablico em <a href=\"https:\/\/www.brunel.ac.uk\/law\">Brunel University<\/a>, no Reino Unido. \u00c9 doutor em Direito pelo Birkbeck College, mestre e bacharel em Direito pela\u00a0<a href=\"https:\/\/ufrj.br\/\">Universidade Federal do Rio de Janeiro<\/a>\u00a0(UFRJ). \u00c9 membro honor\u00e1rio do\u00a0<a href=\"https:\/\/www.iabnacional.org.br\/\">Instituto dos Advogados Brasileiros<\/a>\u00a0(IAB), e colaborador de\u00a0<a href=\"http:\/\/pazesperanca.org\/\">Paz e Esperan\u00e7a<\/a>, uma organiza\u00e7\u00e3o crist\u00e3 de defesa dos Direitos Humanos na Am\u00e9rica Latina. \u00c9 Primeiro Secret\u00e1rio da \u00a0Diretoria Nacional da Alian\u00e7a B\u00edlbica Universit\u00e1ria do Brasil (<a href=\"http:\/\/www.abub.org.br\/\">ABUB<\/a>), e fundador da Rede Crist\u00e3 de Advocacia Popular, a <a href=\"http:\/\/advocaciapopularcrista.com.br\/\">RECAP<\/a>. \u00c9 casado com Priscila Vieira, com quem \u00e9 autor de\u00a0<a href=\"https:\/\/livrariaintersaberes.com.br\/produtos\/imagens-da-america-latina-midia-cultura-e-direitos-humanos\/\">Imagens da Am\u00e9rica Latina: M\u00eddia, Cultura e Direitos Humanos<\/a>, e pai de Aurora. Torcedor do Flamengo. Siga no Instagram, BlueSky e Twitter: <a href=\"https:\/\/www.instagram.com\/mvdematos\/\">@mvdematos<\/a>. \u00a0Siga tamb\u00e9m a p\u00e1gina do\u00a0<a href=\"https:\/\/www.facebook.com\/BlogDignidade\/\">Blog Dignidade<\/a>, no Facebook. As opini\u00f5es expressas nesse texto s\u00e3o de responsabilidade exclusiva do autor.<\/p>\n<p>_________________________________________________________________________________________<\/p>\n<div id=\"sdendnote1\">\n<p><strong>Leia tamb\u00e9m<\/strong>:<\/p>\n<\/div>\n<p>+ <a href=\"https:\/\/ultimato.com.br\/sites\/dignidade\/2022\/08\/14\/carta-de-mulheres-presbiterianas-a-ipb\/\">Carta de Mulheres Presbiterianas \u00e0 IPB<\/a><\/p>\n<p>+\u00a0<a href=\"https:\/\/ultimato.com.br\/sites\/dignidade\/2017\/04\/01\/a-razao-pela-qual-nao-vejo-sentido-biblico-na-hierarquia-de-generos\/\">A Raz\u00e3o pela qual n\u00e3o vejo sentido b\u00edblico na hierarquia de g\u00eaneros<\/a><\/p>\n<p>+\u00a0<a href=\"https:\/\/ultimato.com.br\/sites\/dignidade\/2016\/12\/02\/as-mulheres-na-vida-de-jesus\/\">As Mulheres na Vida de Jesus<\/a><\/p>\n<p>+\u00a0<a href=\"https:\/\/ultimato.com.br\/sites\/dignidade\/2014\/03\/10\/mulheres-que-dirigem\/\">Mulheres que Dirigem<\/a><\/p>\n","protected":false},"excerpt":{"rendered":"<p>*Publicado por Marcus Vin\u00edcius Matos Tornamos p\u00fablica aqui, reproduzida na \u00edntegra, esta Carta de Mulheres Presbiterianas enviada ao Secret\u00e1rio Executivo da Igreja Presbiteriana do Brasil (IPB) no dia 9 de abril de 2025, por e-mail. &nbsp; &#8220;Prezado Rev. Juarez Marcondes Filho \u2013 Secret\u00e1rio Executivo do Supremo Conc\u00edlio Igreja Presbiteriana do Brasil Mas tudo seja feito [&hellip;]<\/p>\n","protected":false},"author":42,"featured_media":0,"comment_status":"open","ping_status":"open","sticky":false,"template":"","format":"standard","meta":{"ngg_post_thumbnail":0,"footnotes":""},"categories":[9],"tags":[],"class_list":["post-998","post","type-post","status-publish","format-standard","hentry","category-sem-categoria"],"_links":{"self":[{"href":"https:\/\/ultimato.com.br\/sites\/dignidade\/wp-json\/wp\/v2\/posts\/998","targetHints":{"allow":["GET"]}}],"collection":[{"href":"https:\/\/ultimato.com.br\/sites\/dignidade\/wp-json\/wp\/v2\/posts"}],"about":[{"href":"https:\/\/ultimato.com.br\/sites\/dignidade\/wp-json\/wp\/v2\/types\/post"}],"author":[{"embeddable":true,"href":"https:\/\/ultimato.com.br\/sites\/dignidade\/wp-json\/wp\/v2\/users\/42"}],"replies":[{"embeddable":true,"href":"https:\/\/ultimato.com.br\/sites\/dignidade\/wp-json\/wp\/v2\/comments?post=998"}],"version-history":[{"count":6,"href":"https:\/\/ultimato.com.br\/sites\/dignidade\/wp-json\/wp\/v2\/posts\/998\/revisions"}],"predecessor-version":[{"id":1004,"href":"https:\/\/ultimato.com.br\/sites\/dignidade\/wp-json\/wp\/v2\/posts\/998\/revisions\/1004"}],"wp:attachment":[{"href":"https:\/\/ultimato.com.br\/sites\/dignidade\/wp-json\/wp\/v2\/media?parent=998"}],"wp:term":[{"taxonomy":"category","embeddable":true,"href":"https:\/\/ultimato.com.br\/sites\/dignidade\/wp-json\/wp\/v2\/categories?post=998"},{"taxonomy":"post_tag","embeddable":true,"href":"https:\/\/ultimato.com.br\/sites\/dignidade\/wp-json\/wp\/v2\/tags?post=998"}],"curies":[{"name":"wp","href":"https:\/\/api.w.org\/{rel}","templated":true}]}}