{"id":984,"date":"2024-11-23T13:44:07","date_gmt":"2024-11-23T13:44:07","guid":{"rendered":"https:\/\/ultimato.com.br\/sites\/dignidade\/?p=984"},"modified":"2024-11-23T13:49:39","modified_gmt":"2024-11-23T13:49:39","slug":"tony-campolo-uma-vida-dedicada-ao-reino-de-deus","status":"publish","type":"post","link":"https:\/\/ultimato.com.br\/sites\/dignidade\/2024\/11\/23\/tony-campolo-uma-vida-dedicada-ao-reino-de-deus\/","title":{"rendered":"Tony Campolo: uma vida dedicada ao Reino de Deus"},"content":{"rendered":"<p><em>Quando o obitu\u00e1rio \u00e9 um testemunho de algu\u00e9m que ousou viver o Evangelho de maneira integral<\/em><\/p>\n<p>Por <strong>Marcus Vinicius Matos*<\/strong><\/p>\n<p>Perdemos um dos maiores. Mas o c\u00e9u certamente est\u00e1 em festa. O Reverendo Tony Campolo faleceu no \u00faltimo dia 19 de novembro, aos 89 anos de idade. Campolo teve uma influ\u00eancia duradoura em minha vida, atrav\u00e9s de seus textos, livros, prega\u00e7\u00f5es e doa\u00e7\u00f5es &#8211; pelo o que serei eternamente grato.<\/p>\n<p><img loading=\"lazy\" decoding=\"async\" class=\"aligncenter wp-image-987 size-large\" src=\"https:\/\/ultimato.com.br\/sites\/dignidade\/files\/2024\/11\/November-20-TONY--e1732366328909-1024x539.jpg\" alt=\"\" width=\"750\" height=\"395\" srcset=\"https:\/\/ultimato.com.br\/sites\/dignidade\/files\/2024\/11\/November-20-TONY--e1732366328909-1024x539.jpg 1024w, https:\/\/ultimato.com.br\/sites\/dignidade\/files\/2024\/11\/November-20-TONY--e1732366328909-300x158.jpg 300w, https:\/\/ultimato.com.br\/sites\/dignidade\/files\/2024\/11\/November-20-TONY--e1732366328909-768x404.jpg 768w, https:\/\/ultimato.com.br\/sites\/dignidade\/files\/2024\/11\/November-20-TONY--e1732366328909-1536x808.jpg 1536w, https:\/\/ultimato.com.br\/sites\/dignidade\/files\/2024\/11\/November-20-TONY--e1732366328909-732x385.jpg 732w, https:\/\/ultimato.com.br\/sites\/dignidade\/files\/2024\/11\/November-20-TONY--e1732366328909-1140x600.jpg 1140w, https:\/\/ultimato.com.br\/sites\/dignidade\/files\/2024\/11\/November-20-TONY--e1732366328909.jpg 1750w\" sizes=\"auto, (max-width: 750px) 100vw, 750px\" \/><\/p>\n<p>Tive meu primeiro contato com a obra de Campolo em 2005, quando fui chamado pelo Alexandre Brasil, ent\u00e3o Secret\u00e1rio Executivo Adjunto da <a href=\"https:\/\/abub.org.br\/\">Alian\u00e7a B\u00edblica Universit\u00e1ria do Brasil (ABUB)<\/a>, para traduzir um texto que Campolo tinha escrito ao final da d\u00e9cada de 1980 &#8211; e que tinha sido publicado em uma colet\u00e2nea da Intervarsity. O texto mudou minha vida. A tradu\u00e7\u00e3o de <a href=\"https:\/\/missaototal.wordpress.com\/2015\/07\/28\/a-urgencia-do-chamado\/#_ftnref1\">A Urg\u00eancia do Chamado<\/a> serviu como base para o material de forma\u00e7\u00e3o do Congresso Mission\u00e1rio Estudantil da ABUB de 2006. O impacto desse texto na minha vida, e em muita gente da minha gera\u00e7\u00e3o, \u00e9 vis\u00edvel at\u00e9 hoje.<\/p>\n<p>O pastor Tony Campolo era um cara sincero, crente e desafiador. Como Jesus. <strong>Ele nos desafiava a viver um Evangelho radical, verdadeiro, sem nos importarmos com as consequ\u00eancias dessa escolha<\/strong>.<\/p>\n<p>Ele tamb\u00e9m sabia usar o humor para pregar, e nos lembrar das nossas limita\u00e7\u00f5es humanas. Em 2012, quando a Comunh\u00e3o Anglicana amea\u00e7ava se dividir em torno da ordena\u00e7\u00e3o das suas primeiras bispas, ele foi o pregador principal e ironizava: \u201c<em>eu n\u00e3o entendo voc\u00eas, Anglicanos. Voc\u00eas est\u00e3o al\u00e9m da minha compreens\u00e3o. Porque voc\u00eas tem na Igreja Anglicana um bispo em Durham que n\u00e3o acredita na ressurrei\u00e7\u00e3o de Cristo. E agora voc\u00eas v\u00e3o rachar a igreja por conta de ordena\u00e7\u00e3o de mulheres bispas?!<\/em>\u201d A Igreja Anglicana n\u00e3o rachou, naquela ocasi\u00e3o. Eu havia come\u00e7ado a frenquentar uma igreja Anglicana naquela \u00e9poca, e essa prega\u00e7\u00e3o, bem como as consequencias dela, foram importantes na minha vida.<\/p>\n<p>Por volta dessa \u00e9poca, me aprofundei um pouco mais na obra de Campolo. Atrav\u00e9s dele, conheci o movimento dos <a href=\"https:\/\/ultimato.com.br\/sites\/dignidade\/2016\/08\/01\/os-cristaos-da-letra-vermelha\/\">Crist\u00e3os da Letra Vermelha<\/a>, e tamb\u00e9m a vida e a obra do Shane Claiborne &#8211; que liderava, junto com ele, esse movimento. O movimento trazia uma perspectiva de hermen\u00eautica b\u00edblica que era absolutamente coerente com o chamado radical do Evangelho de Jesus. Era, acima de tudo, simples. Em linhas gerais, eles diziam: a igreja crist\u00e3, ao longo dos s\u00e9culos, e n\u00f3s mesmos, em nossas vidas, sempre corremos o risco de fazermos uma leitura muito seletiva da B\u00edblia. E essa leitura, frequentemente, relativiza \u00e0s palavras de Jesus. Quando Jesus, nos Evangelhos, nos desafia a segu\u00ed-lo, como desafiou aos seus disc\u00edpulos, a gente acaba pegando textos do Velho Testamento, ou das cartas de Paulo, para relativizar. Jesus diz para amar aos inimigos, mas da\u00ed a gente lembra que Davi matou seus inimigos, e que n\u00e3o podemos levar Jesus ao p\u00e9-da-letra. Por outro lado, tornamos algumas outras passagens da B\u00edblia como literais, com crit\u00e9rios diferentes. <strong>O que o movimento pedia era pra gente levar \u00e0 s\u00e9rio as palavras de Jesus<\/strong>.<\/p>\n<p>Nos anos seguintes, em contato com os Crist\u00e3os da Letra Vermelha, tivemos a felicidade de ter autoriza\u00e7\u00e3o para publicar, aqui no Blog Dignidade, textos produzidos por eles. Com o incr\u00edvel trabalho volunt\u00e1rio de tradutores como Sara Tironi, Mozart Archilla, e Eliezer Silva, conseguimos reproduzir, em portugu\u00eas, uma parte importante da teologia escrita e vivida por Tony Campolo, Shane Claiborne, e outras e outros que caminhavam com eles. Dentre esses, destacamos:<\/p>\n<ul>\n<li><a href=\"https:\/\/ultimato.com.br\/sites\/dignidade\/2017\/09\/26\/seguindo-os-caminhos-de-jesus\/\">Seguindo os caminhos de Jesus<\/a><\/li>\n<li><a href=\"https:\/\/ultimato.com.br\/sites\/dignidade\/2018\/06\/20\/o-mito-da-mudanca-de-cima-para-baixo\/\">O Mito da Mudan\u00e7a \u201cDe-cima-para-baixo<\/a><\/li>\n<li><a href=\"https:\/\/ultimato.com.br\/sites\/dignidade\/2016\/12\/02\/as-mulheres-na-vida-de-jesus\/\">As mulheres na vida de Jesus<\/a><\/li>\n<li><a href=\"https:\/\/ultimato.com.br\/sites\/dignidade\/2017\/07\/18\/o-cristianismo-nao-e-uma-religiao-branca-e-ocidental\/\">O Cristianismo n\u00e3o \u00e9 uma religi\u00e3o branca e ocidental<\/a><\/li>\n<li><a href=\"https:\/\/ultimato.com.br\/sites\/dignidade\/2017\/01\/04\/uma-rebeliao-nao-violenta\/\">Uma Rebeli\u00e3o N\u00e3o Violenta<\/a><\/li>\n<li><a href=\"https:\/\/ultimato.com.br\/sites\/dignidade\/2016\/10\/13\/sete-dicas-para-nao-ser-um-cristao-toxico-durante-a-campanha-eleitoral\/\">Sete dicas para n\u00e3o ser um crist\u00e3o t\u00f3xico durante a campanha eleitoral<\/a><\/li>\n<li><a href=\"https:\/\/ultimato.com.br\/sites\/dignidade\/2016\/09\/21\/o-capitalismo-e-compativel-com-o-cristianismo\/\">O capitalismo \u00e9 compat\u00edvel com o Cristianismo?<\/a><\/li>\n<\/ul>\n<p>Enquanto sofria meu luto pela sua partida, as palavras de um amigo e irm\u00e3o, Nehamias Monteiro &#8211; que foi Presidente da ABU Leste, quando eu era ainda estudante &#8211; me lembraram de uma hist\u00f3ria que exemplifica bem o car\u00e1ter e o cristianismo vivido por Campolo. Trata-se de uma hist\u00f3ria relembrada <a href=\"https:\/\/www.instagram.com\/reel\/DCpj-ishdgL\/?igsh=MXIwcnNjMDV6ZDlsaw==\">aqui<\/a>, em v\u00eddeo, pelo pr\u00f3prio Campolo, e resumida nas palavras do Nehemias, que reproduzo aqui:<\/p>\n<p style=\"padding-left: 40px;\"><em>Eu me lembro de uma hist\u00f3ria do Tony Campolo, em que ele foi em Honolulu, estava com fome, e n\u00e3o achava um restaurante. Entrou num lugar aleat\u00f3rio, e viu que era bem esquisito, meio sujo. Na mesa ao lado, uma prostituta comentava com outra que ela faria anivers\u00e1rio no dia seguinte, e nunca na vida tinha tido uma festa de anivers\u00e1rio. Ele decidiu ent\u00e3o chamar o dono do bar, perguntou se elas iam l\u00e1 todo dia, e ele disse que sim. E falou que ele ia providenciar um bolo de anivers\u00e1rio para ela na dia de seguinte. Na noite seguinte, duas e meia da manh\u00e3, ela e dezenas de suas &#8220;colegas de trabalho&#8221; estavam l\u00e1. Ele orou por elas e as aben\u00e7oou. E a aniversariante perguntou <\/em><em>&#8220;<strong>Que igreja \u00e9 essa sua, que d\u00e1 festa de anivers\u00e1rio para prostitutas?<\/strong>&#8221; Eu li essa hist\u00f3ria h\u00e1 mais de 20 anos, e confesso, sempre achei estranha. Mas o fato de acharmos estranha, diferente, ex\u00f3tica nos mostra qu\u00e3o afastados de Jesus estamos.<\/em><\/p>\n<p>No final da sua vida, Campolo ainda soube fazer algo que muitas lideran\u00e7as n\u00e3o conseguiram: passou o cajado, e reconheceu aqueles dos seus irm\u00e3os e disc\u00edpulos que foram mais longe do que ele. Algo raro. Em v\u00eddeos e em textos, ele reconhece que todos os esfor\u00e7os que fez para propaga\u00e7\u00e3o do Evangelho, para demonstrar amor pelas pessoas por quem Jesus demonstrou amor, tinham seus limites. E esses limites estavam no fato de que ele era pastor de uma grande igreja, com sal\u00e1rio fixo, plano de aposentadoria, e tinha at\u00e9 um programa na televis\u00e3o. Ao contr\u00e1rio disso, dizia, havia uma gera\u00e7\u00e3o de crist\u00e3os surgindo, que n\u00e3o tinha nada disso: gente que morava em favelas e ocupa\u00e7\u00f5es de Sem-Teto, que compartilhava tudo que tinha com os pobres. Ele reconhecia essa voca\u00e7\u00e3o, essencialmente crist\u00e3, na comunidade liderada por Shane Claiborne e outros &#8220;monges&#8221; contempor\u00e2neos que dedicavam sua vida a Deus, servindo aos pobres.<\/p>\n<p>Deixo aqui um document\u00e1rio sobre a vida do Reverendo Tony Campolo, em ingl\u00eas, onde algumas dessas hist\u00f3rias e testemunho de vida podem ser conferidas: &#8220;<a href=\"https:\/\/youtu.be\/jKMW3qc39uU?feature=shared\">Divine Dissatisfaction<\/a>&#8220;:<\/p>\n<p><iframe loading=\"lazy\" title=\"Tony Campolo: Divine Dissatisfaction\" width=\"750\" height=\"422\" src=\"https:\/\/www.youtube.com\/embed\/jKMW3qc39uU?feature=oembed\" frameborder=\"0\" allow=\"accelerometer; autoplay; clipboard-write; encrypted-media; gyroscope; picture-in-picture; web-share\" referrerpolicy=\"strict-origin-when-cross-origin\" allowfullscreen><\/iframe><\/p>\n<p>Que Deus aben\u00e7oe aos familiares, amigos, irm\u00e3s e irm\u00e3os de <a href=\"https:\/\/redletterchristians.org\/2024\/11\/20\/tony-campolo-sociologist-and-famed-red-letter-christian-has-died\/\">Tony Campolo<\/a>. Seu exemplo far\u00e1 falta entre os crist\u00e3os de hoje, e certamente ajudar\u00e1 a juventude crist\u00e3 do futuro. Que ben\u00e7\u00e3o foi t\u00ea-lo entre n\u00f3s!<\/p>\n<p>________________________________________________________________________________________________________________<\/p>\n<p><strong><img loading=\"lazy\" decoding=\"async\" class=\"alignleft size-medium wp-image-946\" src=\"https:\/\/ultimato.com.br\/sites\/dignidade\/files\/2023\/12\/FYge_F0t-225x300.jpeg\" alt=\"\" width=\"225\" height=\"300\" srcset=\"https:\/\/ultimato.com.br\/sites\/dignidade\/files\/2023\/12\/FYge_F0t-225x300.jpeg 225w, https:\/\/ultimato.com.br\/sites\/dignidade\/files\/2023\/12\/FYge_F0t-768x1024.jpeg 768w, https:\/\/ultimato.com.br\/sites\/dignidade\/files\/2023\/12\/FYge_F0t-1152x1536.jpeg 1152w, https:\/\/ultimato.com.br\/sites\/dignidade\/files\/2023\/12\/FYge_F0t-1536x2048.jpeg 1536w, https:\/\/ultimato.com.br\/sites\/dignidade\/files\/2023\/12\/FYge_F0t-732x976.jpeg 732w, https:\/\/ultimato.com.br\/sites\/dignidade\/files\/2023\/12\/FYge_F0t-1140x1520.jpeg 1140w, https:\/\/ultimato.com.br\/sites\/dignidade\/files\/2023\/12\/FYge_F0t-scaled.jpeg 1920w\" sizes=\"auto, (max-width: 225px) 100vw, 225px\" \/>*Marcus Vinicius Matos\u00a0<\/strong>\u00e9 professor efetivo (Senior Lecturer) de Direito P\u00fablico em <a href=\"https:\/\/www.brunel.ac.uk\/\">Brunel University London<\/a>, no Reino Unido. \u00c9 doutor em Direito pelo Birkbeck College, mestre e bacharel em Direito pela <a href=\"https:\/\/ufrj.br\/\">Universidade Federal do Rio de Janeiro<\/a>\u00a0(UFRJ). \u00c9 membro honor\u00e1rio do\u00a0<a href=\"https:\/\/www.iabnacional.org.br\/\">Instituto dos Advogados Brasileiros<\/a>\u00a0(IAB), e colaborador de\u00a0<a href=\"http:\/\/pazesperanca.org\/\">Paz e Esperan\u00e7a<\/a>, uma organiza\u00e7\u00e3o crist\u00e3 de defesa dos Direitos Humanos na Am\u00e9rica Latina. \u00c9 membro da \u00a0Diretoria Nacional da Alian\u00e7a B\u00edlbica Universit\u00e1ria do Brasil (<a href=\"http:\/\/www.abub.org.br\/\">ABUB<\/a>), e membro fundador da Rede Crist\u00e3 de Advocacia Popular, a\u00a0<a href=\"http:\/\/advocaciapopularcrista.com.br\/\">RECAP<\/a>. \u00c9 casado com Priscila Vieira, com quem \u00e9 autor do premiado livro\u00a0<a href=\"https:\/\/livrariaintersaberes.com.br\/produtos\/imagens-da-america-latina-midia-cultura-e-direitos-humanos\/\">Imagens da Am\u00e9rica Latina: M\u00eddia, Cultura e Direitos Humanos<\/a>, e pai de Aurora. Torcedor do Flamengo. Siga no Instagram e Twitter:\u00a0<a href=\"https:\/\/www.instagram.com\/mvdematos\/\">@mvdematos<\/a>. \u00a0Siga tamb\u00e9m a p\u00e1gina do\u00a0<a href=\"https:\/\/www.facebook.com\/BlogDignidade\/\">Blog Dignidade<\/a>, no Facebook. As opini\u00f5es expressas nesse texto s\u00e3o de responsabilidade exclusiva do autor.<\/p>\n<p>________________________________________________________________________________________________________________<\/p>\n<div id=\"sdendnote1\">\n<p><strong>Leia tamb\u00e9m<\/strong>:<\/p>\n<\/div>\n<div id=\"sdendnote1\">\n<p>+ <a href=\"https:\/\/ultimato.com.br\/sites\/dignidade\/2015\/03\/24\/a-idolatria-dode-mercado-o-homem-todo-para-o-dinheiro-todo\/\">A idolatria do(de) Mercado: o homem todo para o dinheiro (todo)<\/a><\/p>\n<p>+\u00a0<a href=\"https:\/\/ultimato.com.br\/sites\/dignidade\/2021\/04\/28\/o-que-sua-fe-evangelica-fez-por-este-continente\/\">O que sua f\u00e9 evang\u00e9lica fez por este continente?<\/a><\/p>\n<p>+ <a href=\"https:\/\/ultimato.com.br\/sites\/dignidade\/2016\/11\/12\/senhor-livrai-nos-de-querer-ser-vip\/\">Senhor, livrai-nos de querer ser VIP<\/a><\/p>\n<\/div>\n","protected":false},"excerpt":{"rendered":"<p>Quando o obitu\u00e1rio \u00e9 um testemunho de algu\u00e9m que ousou viver o Evangelho de maneira integral Por Marcus Vinicius Matos* Perdemos um dos maiores. Mas o c\u00e9u certamente est\u00e1 em festa. O Reverendo Tony Campolo faleceu no \u00faltimo dia 19 de novembro, aos 89 anos de idade. Campolo teve uma influ\u00eancia duradoura em minha vida, [&hellip;]<\/p>\n","protected":false},"author":42,"featured_media":0,"comment_status":"open","ping_status":"open","sticky":false,"template":"","format":"standard","meta":{"ngg_post_thumbnail":0,"footnotes":""},"categories":[9],"tags":[],"class_list":["post-984","post","type-post","status-publish","format-standard","hentry","category-sem-categoria"],"_links":{"self":[{"href":"https:\/\/ultimato.com.br\/sites\/dignidade\/wp-json\/wp\/v2\/posts\/984","targetHints":{"allow":["GET"]}}],"collection":[{"href":"https:\/\/ultimato.com.br\/sites\/dignidade\/wp-json\/wp\/v2\/posts"}],"about":[{"href":"https:\/\/ultimato.com.br\/sites\/dignidade\/wp-json\/wp\/v2\/types\/post"}],"author":[{"embeddable":true,"href":"https:\/\/ultimato.com.br\/sites\/dignidade\/wp-json\/wp\/v2\/users\/42"}],"replies":[{"embeddable":true,"href":"https:\/\/ultimato.com.br\/sites\/dignidade\/wp-json\/wp\/v2\/comments?post=984"}],"version-history":[{"count":12,"href":"https:\/\/ultimato.com.br\/sites\/dignidade\/wp-json\/wp\/v2\/posts\/984\/revisions"}],"predecessor-version":[{"id":997,"href":"https:\/\/ultimato.com.br\/sites\/dignidade\/wp-json\/wp\/v2\/posts\/984\/revisions\/997"}],"wp:attachment":[{"href":"https:\/\/ultimato.com.br\/sites\/dignidade\/wp-json\/wp\/v2\/media?parent=984"}],"wp:term":[{"taxonomy":"category","embeddable":true,"href":"https:\/\/ultimato.com.br\/sites\/dignidade\/wp-json\/wp\/v2\/categories?post=984"},{"taxonomy":"post_tag","embeddable":true,"href":"https:\/\/ultimato.com.br\/sites\/dignidade\/wp-json\/wp\/v2\/tags?post=984"}],"curies":[{"name":"wp","href":"https:\/\/api.w.org\/{rel}","templated":true}]}}