{"id":1035,"date":"2025-12-25T13:40:58","date_gmt":"2025-12-25T13:40:58","guid":{"rendered":"https:\/\/ultimato.com.br\/sites\/dignidade\/?p=1035"},"modified":"2025-12-26T16:49:44","modified_gmt":"2025-12-26T16:49:44","slug":"o-leao-a-feiticeira-e-o-guarda-roupas-um-musical","status":"publish","type":"post","link":"https:\/\/ultimato.com.br\/sites\/dignidade\/2025\/12\/25\/o-leao-a-feiticeira-e-o-guarda-roupas-um-musical\/","title":{"rendered":"O Le\u00e3o, A Feiticeira e O Guarda-roupas: um musical"},"content":{"rendered":"<p><em>Porque a adapta\u00e7\u00e3o da obra de C. S. Lewis para o teatro continua atual neste Natal<\/em><\/p>\n<p>&nbsp;<\/p>\n<p><strong>Aurora Sophie Vieira De Matos*<\/strong><\/p>\n<p><strong>Marcus Vinicius Matos**<\/strong><\/p>\n<p><strong>Priscila Veira e Souza***<\/strong><\/p>\n<p>&nbsp;<\/p>\n<p><img loading=\"lazy\" decoding=\"async\" class=\"alignleft wp-image-1039 size-full\" src=\"https:\/\/ultimato.com.br\/sites\/dignidade\/files\/2025\/12\/Screenshot-2025-12-24-183420.jpg\" alt=\"\" width=\"397\" height=\"489\" srcset=\"https:\/\/ultimato.com.br\/sites\/dignidade\/files\/2025\/12\/Screenshot-2025-12-24-183420.jpg 397w, https:\/\/ultimato.com.br\/sites\/dignidade\/files\/2025\/12\/Screenshot-2025-12-24-183420-244x300.jpg 244w\" sizes=\"auto, (max-width: 397px) 100vw, 397px\" \/><\/p>\n<p>Em mais uma passagem por Londres, a montagem da pe\u00e7a <a href=\"https:\/\/www.lionwitchonstage.com\/\"><em>O Le\u00e3o, A Feiticeira e O Guarda-roupas<\/em><\/a>, baseada no livro de C. S. Lewis, continua sendo um sucesso em West End. Com ingressos esgotados por meses em 2025, o musical segue impressionando diferentes gera\u00e7\u00f5es e movimentando a cr\u00edtica no Reino Unido. Neste ano, em que celebramos os 75 anos da publica\u00e7\u00e3o dessa j\u00e1 cl\u00e1ssica obra de Lewis, a pe\u00e7a esteve no teatro <em>Sadler\u00b4s Wells<\/em>, e a montagem contou com patroc\u00ednio do <em>Arts Council of England<\/em>. Esta vers\u00e3o da pe\u00e7a, dirigida por Mike Fentiman, mistura \u201ca arte de marionetes, com uma narrativa encantadora, e um talentoso elenco de atores-m\u00fasicos\u201d, de acordo com os Diretores Executivos e de Arte, Britannia Morton e Sir Alistair Spalding CBE. O elenco contou com artistas novos e outros j\u00e1 consagrados no teatro e no cinema, como Joanna Adaran (Susan), Kudzai Mangombe (Lucy), Shane Antony-Whitely (que faz tanto Maugrim, quanto Edmund) e Katy Stephens (Feiticeira Branca).<\/p>\n<p>Para Marcus Vinicius Matos, chama aten\u00e7\u00e3o, na pe\u00e7a, a escolha est\u00e9tica utilizada para a caracteriza\u00e7\u00e3o das personagens que habitam N\u00e1rnia. Tanto os animais falantes \u2013 castores, raposas, lebres, p\u00e1ssaros \u2013, quanto seus advers\u00e1rios, os servos da Feiticeira Branca \u2013 minotauros, an\u00f5es, lobos, etc, parecem usar uma alternativa est\u00e9tica bastante interessante. Os animais s\u00e3o todos antropom\u00f3rficos: os atores n\u00e3o utilizam roupas de animais, mas apenas refer\u00eancias sutis. Por exemplo, o rabo dos castores \u00e9 algo semelhante a uma raquete de t\u00eanis que, somada \u00e0s orelhas e maquiagem, caracterizam o casal de castores. Da mesma maneira, o Lobo Maugrim, chefe da pol\u00edcia secreta da Feiticeira, \u00e9 caracterizado por um ator usando uma m\u00e1scara de Lobo, cal\u00e7as de couro pretas, e muletas nas patas dianteiras \u2013 o que d\u00e1 um aspecto sinistro para sua movimenta\u00e7\u00e3o, principalmente na luta contra Pedro.<\/p>\n<p><img loading=\"lazy\" decoding=\"async\" class=\"alignright wp-image-1040 size-full\" src=\"https:\/\/ultimato.com.br\/sites\/dignidade\/files\/2025\/12\/Screenshot-2025-12-24-183255.jpg\" alt=\"\" width=\"460\" height=\"607\" srcset=\"https:\/\/ultimato.com.br\/sites\/dignidade\/files\/2025\/12\/Screenshot-2025-12-24-183255.jpg 460w, https:\/\/ultimato.com.br\/sites\/dignidade\/files\/2025\/12\/Screenshot-2025-12-24-183255-227x300.jpg 227w\" sizes=\"auto, (max-width: 460px) 100vw, 460px\" \/>Essa op\u00e7\u00e3o est\u00e9tica \u00e9 bastante coerente com a proposta do musical, que j\u00e1 se inicia com um soldado tocando piano, solit\u00e1rio no centro do palco, enquanto a plateia se acalma para o espet\u00e1culo come\u00e7ar. Agora, \u00e9 preciso destacar o uso dos uniformes militares. Os animais falantes de N\u00e1rnia tem no figurino algo que lembra os uniformes das for\u00e7as Aliadas nas Segunda Guerra Mundial. Ao mesmo tempo, lembram tamb\u00e9m um pouco a est\u00e9tica popular da Alian\u00e7a Rebelde, de <em>Star Wars<\/em> \u2013 com verde oliva, c\u00e1qui e camuflados diversos. Por outro lado, os servos da Feiticeira Branca utilizam uniformes militares que assemelham \u00e0queles das for\u00e7as do Eixo na Segunda Guerra Mundial, com \u00eanfases em preto e cinza. At\u00e9 os \u00f3culos de pilotos de carros de combate lembram o ex\u00e9rcito da Alemanha que, por sua vez, tamb\u00e9m inspirou a caracteriza\u00e7\u00e3o dos Storm Troopers e do pr\u00f3prio Darth Vader em <em>Star Wars<\/em>.<\/p>\n<p>Essas op\u00e7\u00f5es parecem ter sido escolhidas cuidadosamente para o contexto deste ano. Em particular, no dia em que assistimos a esta pe\u00e7a, o governo Brit\u00e2nico testou o envio de uma mensagem de emerg\u00eancia para todos as pessoas residindo no pa\u00eds. Por acaso, o hor\u00e1rio da mensagem de emerg\u00eancia coincidia com o do musical, o que levou a produ\u00e7\u00e3o a solicitar n\u00e3o apenas que a plateia colocasse os celulares no modo silencioso, mas que os deligassem \u2013 porque o alerta de emerg\u00eancia do governo brit\u00e2nico, mesmo em teste, soaria no teatro. Mesmo com a maioria dos celulares desligados, alguns espectadores ainda tiveram o som de emerg\u00eancia sendo testado, justamente na cena em que as crian\u00e7as est\u00e3o na casa dos castores \u2013 e os atores fizeram piadas como \u201cou\u00e7o algo&#8230;precisamos estar em alerta em N\u00e1rnia, nesses tempos sombrios\u201d, levando a plateia aos risos com a situa\u00e7\u00e3o.<\/p>\n<p><img loading=\"lazy\" decoding=\"async\" class=\"alignleft wp-image-1049 size-medium\" src=\"https:\/\/ultimato.com.br\/sites\/dignidade\/files\/2025\/12\/Screenshot-2025-12-24-183201-1-227x300.jpg\" alt=\"\" width=\"227\" height=\"300\" srcset=\"https:\/\/ultimato.com.br\/sites\/dignidade\/files\/2025\/12\/Screenshot-2025-12-24-183201-1-227x300.jpg 227w, https:\/\/ultimato.com.br\/sites\/dignidade\/files\/2025\/12\/Screenshot-2025-12-24-183201-1.jpg 460w\" sizes=\"auto, (max-width: 227px) 100vw, 227px\" \/><\/p>\n<p>No entanto, Aurora destaca o fato de que v\u00e1rias das escolhas art\u00edsticas e est\u00e9ticas da pe\u00e7a, para al\u00e9m dos uniformes e figurino, se parecem com outros musicais de sucesso em West End, Londres. H\u00e1 muitas semelhan\u00e7as com a \u00d3pera infantil \u201cWolf, Witch, Giant, Fairy\u201d (<a href=\"https:\/\/www.rbo.org.uk\/tickets-and-events\/wolf-witch-giant-fairy-2024-digital\"><em>Lobo, Bruxa, Gigante, Fada<\/em><\/a>). Esta obra, que esteve em cartaz por seguidas temporadas, dividindo a audi\u00eancia com pe\u00e7as cl\u00e1ssicas como <em>O Quebra Nozes<\/em> e <em>O Cisne Negro<\/em>, em prestigiosos espa\u00e7os de arte, como a <em>Royal Opera House<\/em>, se destacou pela inova\u00e7\u00e3o, pela beleza e pela com\u00e9dia. As semelhan\u00e7as entre o musical baseado na obra de Lewis, e a \u00f3pera infantil s\u00e3o enormes. Embora os g\u00eaneros sejam diferentes, ambos empregam uma gama de artistas capazes de interpretar, cantar e tocar instrumentos \u2013 \u00e0s vezes, ao mesmo tempo.<\/p>\n<p>Em especial, diz Aurora, s\u00e3o semelhantes as formas de montar personagems n\u00e3o humanos, como o Gigante em <em>Wolf, Witch, Giant, Fairy<\/em>, e Aslam, em <em>O Le\u00e3o A Feiticeira e o Guarda Roupa<\/em>. Ambos utilizam estruturas de madeira que permitem a visualiza\u00e7\u00e3o dos artistas que fazem sua voz. A op\u00e7\u00e3o foi manter visivel os atores e prestigiar sua interpreta\u00e7\u00e3o \u2013 ao inv\u00e9s, por exemplo, da utiliza\u00e7\u00e3o de rob\u00f4s ou v\u00eddeos para representar estes personagens. Essa tamb\u00e9m \u00e9 uma escolha art\u00edstica que aparece em Frozen, da Disney, na maneira como foi montado o personagem Olaf, o boneco de neve falante \u2013 que \u00e9 movimentado quase inteiramente como uma marionete, pelo ator que o interpreta.<\/p>\n<p><img loading=\"lazy\" decoding=\"async\" class=\"alignleft wp-image-1044 size-medium\" src=\"https:\/\/ultimato.com.br\/sites\/dignidade\/files\/2025\/12\/Screenshot-2025-12-24-182523-227x300.jpg\" alt=\"\" width=\"227\" height=\"300\" srcset=\"https:\/\/ultimato.com.br\/sites\/dignidade\/files\/2025\/12\/Screenshot-2025-12-24-182523-227x300.jpg 227w, https:\/\/ultimato.com.br\/sites\/dignidade\/files\/2025\/12\/Screenshot-2025-12-24-182523.jpg 462w\" sizes=\"auto, (max-width: 227px) 100vw, 227px\" \/>O Natal, em O <em>Le\u00e3o, A Feiticeira e o Guarda Roupas<\/em>, tem duas peculiaridades. Em primeiro lugar, ele chega no ver\u00e3o, e n\u00e3o no inverno. Essa primeira carateristica \u00e9 importante, porque traz identidade com toda a popula\u00e7\u00e3o do Sul Global. Essa \u00e9 a experi\u00eancia de todos que celebram a data no hemisf\u00e9rio sul, onde est\u00e1 a maior parte da popula\u00e7\u00e3o mundial que tamb\u00e9m experimenta algum tipo de opress\u00e3o: a pobreza, as ditaduras, a morte precoce e violenta. O Natal, tanto na pe\u00e7a quanto no livro, tr\u00e1s a liberta\u00e7\u00e3o de N\u00e1rnia. \u00c9 no Natal que <em>Noel<\/em> \u2013 personagem alegoricamente cristianizado na obra de Lewis, que aparece como sendo um servidor de Aslam \u2013 entrega as armas para as personagens principais. Com exce\u00e7\u00e3o de Edmundo, que havia tra\u00eddo sua fam\u00edlia e servia \u00e0 Feiticeira Branca, todos recebem presentes que os capacitam a lutar contra a tirania da Feiticeira. Pedro recebe sua espada e escudo \u2013 com os quais derrota Mulgrim, posteriormente; Suzana recebe seu arco e flechas; e L\u00facia recebe o precioso frasco com o elixir capaz de curar qualquer ferimento antes da morte.<\/p>\n<p>A coragem que as personagens principais encontram no Natal em N\u00e1rnia \u00e9 a mesma que precisamos hoje, para enfrentar as lutas globais contra os pecados do racismo, da xenofobia e da gan\u00e2ncia. Quando vemos l\u00edderes \u201cnacionalistas crist\u00e3os\u201d fazerem discursos pol\u00edticos, tentando se apropriar do Natal no <a href=\"https:\/\/southwark.anglican.org\/news-events\/news\/latest-news\/we-are-better-than-this-say-bishops-in-response-to-tommy-robinson-carol-service\/\">Reino Unido<\/a>; ou buscando usar as Boas Novas do Evangelho para justificar os pecados do <a href=\"https:\/\/coletivobereia.com.br\/as-tragedias-de-charlie-kirk\/\">racismo<\/a> atrav\u00e9s de uma teologia de dom\u00ednio e poder; \u00e9 nesse contexto, que a obra <em>O Le\u00e3o, A Feiticeira e o Guarda Roupa<\/em> encontra nova relev\u00e2ncia. Lewis nos lembra, logo no in\u00edcio de seu livro, e da pe\u00e7a de teatro que aqui comentamos, que todas as crian\u00e7as em Londres ja foram refugiadas. Durante a Segunda Guerra Mundial, quando v\u00e1rios destes valores nefastos mobilizavam a pol\u00edtica e a economia na Europa, o Reino Unido acolheu crian\u00e7as de Londres e de v\u00e1rios pa\u00edses que tinham sido invadidos pelo Eixo. Novamente, hoje, quando estes valores assolam o mundo e a Igreja, precisamos nos lembrar daquelas fam\u00edlias inglesas que acolheram crian\u00e7as refugiadas de guerras e regimes autorit\u00e1rios.<\/p>\n<p>Que neste Natal, possamos receber tamb\u00e9m nossas armas, que o Esp\u00edrito Santo nos d\u00e1, as quais esse musical nos lembra. O amor ao pr\u00f3ximo, inspirado no amor de Deus, que \u00e9 capaz de se colocar na situa\u00e7\u00e3o do outro, do vizinho, do pobre, do refugiado, do oprimido. Que recebamos a paci\u00eancia e temperan\u00e7a, capazes de acolher todo e qualquer pecador, incluindo aqueles mais odiosos, os criminosos, os corruptos, os preconceituosos. Que tenhamos tamb\u00e9m um esp\u00edrito leve, capaz de rir e nos alegrar, e de n\u00e3o nos achar mais importantes do que somos. Essa capacidade, de sorrir, de amar, e de ouvir, \u00e9 o que falta a personagens como a Feiticeira Branca e a muitos l\u00edderes pol\u00edticos hist\u00f3ricos e tamb\u00e9m atuais que, inspirados no Inimigo, querem resgatar uma suposta grandeza nacional ou pureza racial \u00e0 qual se julgam dignos e merecedores. O inverno que eles causam, nos ensina Lewis, pode ser longo, mas termina no Natal.<\/p>\n<p><em>Nota editorial: As opini\u00f5es expressas nesse texto s\u00e3o de responsabilidade exclusiva dos autores.<\/em><\/p>\n<p>________________________________________________________________________________________________________________<\/p>\n<p><strong><img loading=\"lazy\" decoding=\"async\" class=\"alignleft size-full wp-image-1043\" src=\"https:\/\/ultimato.com.br\/sites\/dignidade\/files\/2025\/12\/Screenshot-2025-12-24-182626.jpg\" alt=\"\" width=\"460\" height=\"613\" srcset=\"https:\/\/ultimato.com.br\/sites\/dignidade\/files\/2025\/12\/Screenshot-2025-12-24-182626.jpg 460w, https:\/\/ultimato.com.br\/sites\/dignidade\/files\/2025\/12\/Screenshot-2025-12-24-182626-225x300.jpg 225w\" sizes=\"auto, (max-width: 460px) 100vw, 460px\" \/>*Aurora Sophie<\/strong> \u00e9 estudante do sexto ano do prim\u00e1rio (KS2) na John Locke Academy, em Londres. Ela \u00e9 membra da Igreja Anglicana de St Margaret, em Uxbridge, e f\u00e3 de C. S. Lewis, J. R. R. Tolkien e Jaqueline Wilson. Ela tem 10 anos e gosta de livros, piano, futebol feminino e de escrever textos.<\/p>\n<p><strong>**Marcus Vinicius Matos <\/strong>\u00e9 professor efetivo (Senior Lecturer) de Direito P\u00fablico em <a href=\"https:\/\/www.brunel.ac.uk\/\">Brunel University of London<\/a>, no Reino Unido. \u00c9 doutor em Direito pelo Birkbeck College, mestre e bacharel em Direito pela <a href=\"https:\/\/ufrj.br\/\">Universidade Federal do Rio de Janeiro<\/a>\u00a0(UFRJ). \u00c9 membro honor\u00e1rio do\u00a0<a href=\"https:\/\/www.iabnacional.org.br\/\">Instituto dos Advogados Brasileiros<\/a> (IAB); membro da \u00a0Diretoria Nacional da Alian\u00e7a B\u00edlbica Universit\u00e1ria do Brasil (<a href=\"http:\/\/www.abub.org.br\/\">ABUB<\/a>); e membro fundador da Rede Crist\u00e3 de Advocacia Popular, a <a href=\"http:\/\/advocaciapopularcrista.com.br\/\">RECAP<\/a>. \u00c9 pai de Aurora e torcedor do Flamengo. Siga no Instagram, Bluesky e Twitter: <a href=\"https:\/\/www.instagram.com\/mvdematos\/\">@mvdematos<\/a>. \u00a0Siga tamb\u00e9m a p\u00e1gina do\u00a0<a href=\"https:\/\/www.facebook.com\/BlogDignidade\/\">Blog Dignidade<\/a>, no Facebook.<\/p>\n<p><strong>***Priscila Vieira e Souza <\/strong>\u00e9 jornalista formada pela Universidade Estadual de Ponta Grossa, mestre e doutora em Comunica\u00e7\u00e3o e Cultura pela Escola de Comunica\u00e7\u00e3o da Universidade Federal do Rio de Janeiro (ECO-UFRJ). \u00c9 tamb\u00e9m Bacharel em Teologia pela Faculdade Teol\u00f3gica Sul-America (FTSA). Foi fundadora do grupo da Alian\u00e7a B\u00edblica Universit\u00e1ria do Brasil (ABUB) em Ponta Grossa, e coordenadora da ABU Editora.\u00a0Junto com Marcus Vinicius Matos, \u00e9 autora do premiado livro <a href=\"https:\/\/livrariaintersaberes.com.br\/produtos\/imagens-da-america-latina-midia-cultura-e-direitos-humanos\/\">Imagens da Am\u00e9rica Latina: M\u00eddia, Cultura e Direitos Humanos<\/a>, vencedor do pr\u00eamio ABEU na categoria de melhor obra em ci\u00eancias sociais aplicadas.<\/p>\n<p>________________________________________________________________________________________________________________<\/p>\n<p><strong>Leia tamb\u00e9m<\/strong>:<\/p>\n<p>+ <a href=\"https:\/\/ultimato.com.br\/sites\/dignidade\/2025\/07\/20\/jejum-e-imigracao\/\">Jejum e Imigra\u00e7\u00e3o<\/a><\/p>\n<p>+ <a href=\"https:\/\/ultimato.com.br\/sites\/dignidade\/2023\/07\/03\/colonialismo-memoria-e-hospitalidade-goncalves-dias-c-s-lewis-e-o-marco-temporal\/\">Colonialismo, Mem\u00f3ria e Hospitalidade: Gon\u00e7alves Dias, C. S. Lewis e o Marco Temporal<\/a><\/p>\n<p>+ <a href=\"http:\/\/75 anos da Declara\u00e7\u00e3o Universal dos Direitos Humanos: celebra\u00e7\u00e3o e desafios\">75 Anos da Declara\u00e7\u00e3o Universal dos Direitos Humanos<\/a><\/p>\n","protected":false},"excerpt":{"rendered":"<p>Porque a adapta\u00e7\u00e3o da obra de C. S. Lewis para o teatro continua atual neste Natal &nbsp; Aurora Sophie Vieira De Matos* Marcus Vinicius Matos** Priscila Veira e Souza*** &nbsp; Em mais uma passagem por Londres, a montagem da pe\u00e7a O Le\u00e3o, A Feiticeira e O Guarda-roupas, baseada no livro de C. S. Lewis, continua [&hellip;]<\/p>\n","protected":false},"author":42,"featured_media":0,"comment_status":"open","ping_status":"open","sticky":false,"template":"","format":"standard","meta":{"ngg_post_thumbnail":0,"footnotes":""},"categories":[116],"tags":[24915,44541,82,8461,6051],"class_list":["post-1035","post","type-post","status-publish","format-standard","hentry","category-blog","tag-amor-ao-proximo","tag-cslewis","tag-natal","tag-racismo","tag-teologia"],"_links":{"self":[{"href":"https:\/\/ultimato.com.br\/sites\/dignidade\/wp-json\/wp\/v2\/posts\/1035","targetHints":{"allow":["GET"]}}],"collection":[{"href":"https:\/\/ultimato.com.br\/sites\/dignidade\/wp-json\/wp\/v2\/posts"}],"about":[{"href":"https:\/\/ultimato.com.br\/sites\/dignidade\/wp-json\/wp\/v2\/types\/post"}],"author":[{"embeddable":true,"href":"https:\/\/ultimato.com.br\/sites\/dignidade\/wp-json\/wp\/v2\/users\/42"}],"replies":[{"embeddable":true,"href":"https:\/\/ultimato.com.br\/sites\/dignidade\/wp-json\/wp\/v2\/comments?post=1035"}],"version-history":[{"count":5,"href":"https:\/\/ultimato.com.br\/sites\/dignidade\/wp-json\/wp\/v2\/posts\/1035\/revisions"}],"predecessor-version":[{"id":1052,"href":"https:\/\/ultimato.com.br\/sites\/dignidade\/wp-json\/wp\/v2\/posts\/1035\/revisions\/1052"}],"wp:attachment":[{"href":"https:\/\/ultimato.com.br\/sites\/dignidade\/wp-json\/wp\/v2\/media?parent=1035"}],"wp:term":[{"taxonomy":"category","embeddable":true,"href":"https:\/\/ultimato.com.br\/sites\/dignidade\/wp-json\/wp\/v2\/categories?post=1035"},{"taxonomy":"post_tag","embeddable":true,"href":"https:\/\/ultimato.com.br\/sites\/dignidade\/wp-json\/wp\/v2\/tags?post=1035"}],"curies":[{"name":"wp","href":"https:\/\/api.w.org\/{rel}","templated":true}]}}