{"id":9999,"date":"2022-10-14T00:00:01","date_gmt":"2022-10-14T02:00:01","guid":{"rendered":"https:\/\/ultimato.com.br\/sites\/devocional-diaria\/?p=9999"},"modified":"2022-09-26T17:16:07","modified_gmt":"2022-09-26T19:16:07","slug":"jesus-e-o-messias","status":"publish","type":"post","link":"https:\/\/ultimato.com.br\/sites\/devocional-diaria\/2022\/10\/14\/autor\/elben-cesar\/jesus-e-o-messias\/","title":{"rendered":"Jesus \u00e9 o Messias"},"content":{"rendered":"<p>O primeiro que ele [Andr\u00e9] encontrou foi Sim\u00e3o, seu irm\u00e3o, e lhe disse: \u201cAchamos o Messias\u201d (isto \u00e9, o Cristo). E o levou a Jesus. (Jo\u00e3o 1.41-42, NVI)<\/p>\n<p>Desde a opress\u00e3o eg\u00edpcia e as muitas opress\u00f5es dos povos vizinhos no per\u00edodo dos ju\u00edzes e da monarquia, a ideia de um libertador pol\u00edtico ocupava a mente dos descendentes de Abra\u00e3o, Isaque e Jac\u00f3. Era uma esperan\u00e7a mantida e renovada. Na \u00e9poca de Jesus, por causa do dom\u00ed\u00adnio romano, todos, exceto os reacion\u00e1rios, aspiravam por um Messias \u2014 algu\u00e9m especialmente ungido e capacitado por Deus para livrar a na\u00e7\u00e3o da intromiss\u00e3o de Roma. Sem saber que Jesus era o Messias, a mulher samaritana testemunhou: \u201cEu sei que o Messias, chamado Cristo, tem de vir\u201d. Jesus explicou: \u201cPois eu, que estou falando com voc\u00ea, sou o Messias\u201d (Jo 4.25-26, NTLH).<\/p>\n<p>O problema \u00e9 que os judeus n\u00e3o enxergavam a outra opress\u00e3o a que estavam tamb\u00e9m inescapavelmente sujeitos: o dom\u00ednio das trevas, isto \u00e9, a opress\u00e3o do pecado, da pecaminosidade latente, da incredulidade, da apostasia, da confus\u00e3o religiosa, das potestades do ar, das posses\u00ads\u00f5es demon\u00edacas, da morte, da culpa e da condena\u00e7\u00e3o eterna. Dessa condi\u00e7\u00e3o \u2014 a mais horr\u00edvel poss\u00edvel \u2014 Jesus veio livr\u00e1-los por meio de sua vida, morte e ressurrei\u00e7\u00e3o.<\/p>\n<p>\u2014 Continua, \u00f3 Deus, por meio do Messias, a livrar-me da opress\u00e3o da carne, da cultura e dos dem\u00f4nios!<strong>\u00a0<\/strong><\/p>\n<p><strong>\u00a0<\/strong><\/p>\n<p><strong>&gt;&gt; Retirado de\u00a0<em><a href=\"https:\/\/www.ultimato.com.br\/loja\/produtos\/refeicoes-diarias-com-jesus\">Refei\u00e7\u00f5es Di\u00e1rias com Jesus<\/a><\/em> [Elben C\u00e9sar]. Editora Ultimato.<\/strong><\/p>\n<p>Ou\u00e7a as nossas devocionais pelo <a href=\"https:\/\/open.spotify.com\/show\/7CG8DL9dgWZEgPzX3rnk51?si=1dbGejI2TQS16eamNjb2rA\">Spotify<\/a>!<\/p>\n","protected":false},"excerpt":{"rendered":"<p>O primeiro que ele [Andr\u00e9] encontrou foi Sim\u00e3o, seu irm\u00e3o, e lhe disse: \u201cAchamos o Messias\u201d (isto \u00e9, o Cristo). E o levou a Jesus. (Jo\u00e3o 1.41-42, NVI) Desde a opress\u00e3o eg\u00edpcia e as muitas opress\u00f5es dos povos vizinhos no per\u00edodo dos ju\u00edzes e da monarquia, a ideia de um libertador pol\u00edtico ocupava a mente [&hellip;]<\/p>\n","protected":false},"author":21,"featured_media":161,"comment_status":"open","ping_status":"open","sticky":false,"template":"","format":"standard","meta":{"ngg_post_thumbnail":0,"footnotes":""},"categories":[5478],"tags":[],"class_list":["post-9999","post","type-post","status-publish","format-standard","has-post-thumbnail","hentry","category-elben-cesar"],"publishpress_future_action":{"enabled":false,"date":"2026-05-04 23:17:04","action":"change-status","newStatus":"draft","terms":[],"taxonomy":"category","extraData":[]},"publishpress_future_workflow_manual_trigger":{"enabledWorkflows":[]},"_links":{"self":[{"href":"https:\/\/ultimato.com.br\/sites\/devocional-diaria\/wp-json\/wp\/v2\/posts\/9999","targetHints":{"allow":["GET"]}}],"collection":[{"href":"https:\/\/ultimato.com.br\/sites\/devocional-diaria\/wp-json\/wp\/v2\/posts"}],"about":[{"href":"https:\/\/ultimato.com.br\/sites\/devocional-diaria\/wp-json\/wp\/v2\/types\/post"}],"author":[{"embeddable":true,"href":"https:\/\/ultimato.com.br\/sites\/devocional-diaria\/wp-json\/wp\/v2\/users\/21"}],"replies":[{"embeddable":true,"href":"https:\/\/ultimato.com.br\/sites\/devocional-diaria\/wp-json\/wp\/v2\/comments?post=9999"}],"version-history":[{"count":1,"href":"https:\/\/ultimato.com.br\/sites\/devocional-diaria\/wp-json\/wp\/v2\/posts\/9999\/revisions"}],"predecessor-version":[{"id":10000,"href":"https:\/\/ultimato.com.br\/sites\/devocional-diaria\/wp-json\/wp\/v2\/posts\/9999\/revisions\/10000"}],"wp:featuredmedia":[{"embeddable":true,"href":"https:\/\/ultimato.com.br\/sites\/devocional-diaria\/wp-json\/wp\/v2\/media\/161"}],"wp:attachment":[{"href":"https:\/\/ultimato.com.br\/sites\/devocional-diaria\/wp-json\/wp\/v2\/media?parent=9999"}],"wp:term":[{"taxonomy":"category","embeddable":true,"href":"https:\/\/ultimato.com.br\/sites\/devocional-diaria\/wp-json\/wp\/v2\/categories?post=9999"},{"taxonomy":"post_tag","embeddable":true,"href":"https:\/\/ultimato.com.br\/sites\/devocional-diaria\/wp-json\/wp\/v2\/tags?post=9999"}],"curies":[{"name":"wp","href":"https:\/\/api.w.org\/{rel}","templated":true}]}}