{"id":9997,"date":"2022-10-13T00:00:03","date_gmt":"2022-10-13T02:00:03","guid":{"rendered":"https:\/\/ultimato.com.br\/sites\/devocional-diaria\/?p=9997"},"modified":"2022-09-26T17:14:40","modified_gmt":"2022-09-26T19:14:40","slug":"milagres-e-maravilhas-2","status":"publish","type":"post","link":"https:\/\/ultimato.com.br\/sites\/devocional-diaria\/2022\/10\/13\/autor\/elben-cesar\/milagres-e-maravilhas-2\/","title":{"rendered":"Milagres e maravilhas"},"content":{"rendered":"<p>Por meio de Jesus, Deus fez milagres, maravilhas e coisas extraordin\u00e1rias no meio de voc\u00eas,\u00a0como voc\u00eas sabem muito bem. (2.22b)<\/p>\n<p>Em seu discurso, Pedro lembra que Deus fez, por meio de Jesus, milagres, maravilhas e coisas extraordin\u00e1rias, que ningu\u00e9m poderia negar. Por mais que se esforce, n\u00e3o \u00e9 poss\u00edvel fazer uma lista de \u201cmilagres\u201d, outra de \u201cmaravilhas\u201d e uma terceira de \u201ccoisas extraordin\u00e1rias\u201d. Tudo o que ele fez no decorrer de seu minist\u00e9rio terreno foi, ao mesmo tempo, milagres, maravilhas e coisas extraordin\u00e1rias. A ressurrei\u00e7\u00e3o do filho da vi\u00fava de Naim, por exemplo, foi apenas um milagre? N\u00e3o foi tamb\u00e9m uma maravilha e uma coisa extraordin\u00e1ria? A transforma\u00e7\u00e3o da \u00e1gua em vinho nas bodas de Can\u00e1 foi apenas uma coisa extraordin\u00e1ria? N\u00e3o foi tamb\u00e9m um milagre e uma maravilha?<\/p>\n<p>Os Evangelhos mostram que Jesus estava acima de qualquer lei c\u00f3smica,\u00a0f\u00edsica, matem\u00e1tica, ambiental, biol\u00f3gica etc. Nada o barrava em seu caminho,\u00a0em sua vontade, em seus des\u00edgnios. O que \u00e9 perfeitamente natural sendo\u00a0ele quem \u00e9: o pr\u00f3prio Deus feito carne, feito homem, feito gente. Em seu\u00a0pr\u00f3logo, Jo\u00e3o toma o cuidado de afirmar que nada que existe no universo\u00a0criado foi feito sem a participa\u00e7\u00e3o de Jesus (Jo 1.3,10). Era, pois, mais do\u00a0que natural que ele fizesse curas, expulsasse dem\u00f4nios, ressuscitasse mortos,\u00a0acalmasse a f\u00faria de uma tempestade mar\u00edtima, secasse instantaneamente\u00a0uma figueira est\u00e9ril, multiplicasse poucos p\u00e3es e peixes, produzindo uma\u00a0grande quantidade deles, transformasse \u00e1gua pot\u00e1vel em vinho de \u00f3tima\u00a0qualidade e ainda respondesse interroga\u00e7\u00f5es que estavam apenas na mente\u00a0de seus interlocutores. Para o ser humano, sempre limitado, todas essas\u00a0manifesta\u00e7\u00f5es s\u00e3o milagres, maravilhas e coisas extraordin\u00e1rias.<\/p>\n<p><strong>\u00a0<\/strong><\/p>\n<p><strong>&gt;&gt; Retirado de\u00a0<em><a href=\"https:\/\/www.ultimato.com.br\/loja\/produtos\/refeicoes-diarias\">Refei\u00e7\u00f5es Di\u00e1rias \u2013 no partir do p\u00e3o e na ora\u00e7\u00e3o<\/a><\/em> [Elben C\u00e9sar]. Editora Ultimato.<\/strong><strong>\u00a0<\/strong><\/p>\n<p>Ou\u00e7a as nossas devocionais pelo <a href=\"https:\/\/open.spotify.com\/show\/7CG8DL9dgWZEgPzX3rnk51?si=1dbGejI2TQS16eamNjb2rA\">Spotify<\/a>!<\/p>\n","protected":false},"excerpt":{"rendered":"<p>Por meio de Jesus, Deus fez milagres, maravilhas e coisas extraordin\u00e1rias no meio de voc\u00eas,\u00a0como voc\u00eas sabem muito bem. (2.22b) Em seu discurso, Pedro lembra que Deus fez, por meio de Jesus, milagres, maravilhas e coisas extraordin\u00e1rias, que ningu\u00e9m poderia negar. Por mais que se esforce, n\u00e3o \u00e9 poss\u00edvel fazer uma lista de \u201cmilagres\u201d, outra [&hellip;]<\/p>\n","protected":false},"author":21,"featured_media":162,"comment_status":"open","ping_status":"open","sticky":false,"template":"","format":"standard","meta":{"ngg_post_thumbnail":0,"footnotes":""},"categories":[5478],"tags":[],"class_list":["post-9997","post","type-post","status-publish","format-standard","has-post-thumbnail","hentry","category-elben-cesar"],"publishpress_future_action":{"enabled":false,"date":"2026-05-05 00:58:23","action":"change-status","newStatus":"draft","terms":[],"taxonomy":"category","extraData":[]},"publishpress_future_workflow_manual_trigger":{"enabledWorkflows":[]},"_links":{"self":[{"href":"https:\/\/ultimato.com.br\/sites\/devocional-diaria\/wp-json\/wp\/v2\/posts\/9997","targetHints":{"allow":["GET"]}}],"collection":[{"href":"https:\/\/ultimato.com.br\/sites\/devocional-diaria\/wp-json\/wp\/v2\/posts"}],"about":[{"href":"https:\/\/ultimato.com.br\/sites\/devocional-diaria\/wp-json\/wp\/v2\/types\/post"}],"author":[{"embeddable":true,"href":"https:\/\/ultimato.com.br\/sites\/devocional-diaria\/wp-json\/wp\/v2\/users\/21"}],"replies":[{"embeddable":true,"href":"https:\/\/ultimato.com.br\/sites\/devocional-diaria\/wp-json\/wp\/v2\/comments?post=9997"}],"version-history":[{"count":1,"href":"https:\/\/ultimato.com.br\/sites\/devocional-diaria\/wp-json\/wp\/v2\/posts\/9997\/revisions"}],"predecessor-version":[{"id":9998,"href":"https:\/\/ultimato.com.br\/sites\/devocional-diaria\/wp-json\/wp\/v2\/posts\/9997\/revisions\/9998"}],"wp:featuredmedia":[{"embeddable":true,"href":"https:\/\/ultimato.com.br\/sites\/devocional-diaria\/wp-json\/wp\/v2\/media\/162"}],"wp:attachment":[{"href":"https:\/\/ultimato.com.br\/sites\/devocional-diaria\/wp-json\/wp\/v2\/media?parent=9997"}],"wp:term":[{"taxonomy":"category","embeddable":true,"href":"https:\/\/ultimato.com.br\/sites\/devocional-diaria\/wp-json\/wp\/v2\/categories?post=9997"},{"taxonomy":"post_tag","embeddable":true,"href":"https:\/\/ultimato.com.br\/sites\/devocional-diaria\/wp-json\/wp\/v2\/tags?post=9997"}],"curies":[{"name":"wp","href":"https:\/\/api.w.org\/{rel}","templated":true}]}}