{"id":9995,"date":"2022-10-12T00:00:46","date_gmt":"2022-10-12T02:00:46","guid":{"rendered":"https:\/\/ultimato.com.br\/sites\/devocional-diaria\/?p=9995"},"modified":"2022-09-26T17:07:29","modified_gmt":"2022-09-26T19:07:29","slug":"duplicidade-morbida-2","status":"publish","type":"post","link":"https:\/\/ultimato.com.br\/sites\/devocional-diaria\/2022\/10\/12\/autor\/elben-cesar\/duplicidade-morbida-2\/","title":{"rendered":"Duplicidade m\u00f3rbida"},"content":{"rendered":"<p>Usamos a l\u00edngua tanto para agradecer ao Senhor e Pai como para amaldi\u00e7oar as pessoas.\u00a0(Tg 3.9a)<\/p>\n<p>Esta \u00e9 a problem\u00e1tica humana: usamos os diferentes dons que Deus nos deu\u00a0tanto para fazer a coisa certa como para fazer a coisa errada. \u00c9 uma consequ\u00eancia\u00a0irrepar\u00e1vel, na presente vida, da desobedi\u00eancia de Ad\u00e3o. N\u00f3s est\u00e1vamos nele\u00a0quando ele caiu.<\/p>\n<p>Com a l\u00edngua agradecemos e adoramos a Deus. Com a mesma l\u00edngua\u00a0proferimos improp\u00e9rios contra ele, prestamos um culto hip\u00f3crita a ele e nos\u00a0queixamos dele. Com a l\u00edngua consolamos pais que acabaram de perder seu\u00a0filho \u00fanico. Com a mesma l\u00edngua abominamos o nosso semelhante.<\/p>\n<p>Com a intelig\u00eancia que Deus nos d\u00e1 resolvemos problemas complicados,\u00a0descobrimos como curar os enfermos, transformamos mat\u00e9ria-prima grosseira\u00a0em coisas portentosas. Com a mesma sabedoria, transformamos a energia\u00a0at\u00f4mica em bomba at\u00f4mica, a p\u00f3lvora em armas de fogo, o navio de turistas\u00a0em destr\u00f3ieres, a sexualidade em sensualidade.<\/p>\n<p>Com os p\u00e9s chutamos a bola e pisamos os oprimidos. Com os bra\u00e7os\u00a0abra\u00e7amos as crian\u00e7as e empurramos para fora de nosso caminho os concorrentes.\u00a0Com os olhos ficamos extasiados com a beleza da cria\u00e7\u00e3o e cobi\u00e7amos\u00a0as mulheres de Urias. Com os ouvidos ouvimos a voz de Deus que vem de\u00a0cima e a voz dos dem\u00f4nios que vem de baixo. Com o cora\u00e7\u00e3o amamos os\u00a0nossos filhos e amamos o dinheiro (a raiz de todos os males).\u00a0Somos capazes de atos heroicos e capazes de atos vergonhosos.<\/p>\n<p>Somos\u00a0capazes de subir aos c\u00e9us e capazes de descer aos infernos. Somos capazes de\u00a0alegrar o Esp\u00edrito e capazes de entristecer o Esp\u00edrito.<\/p>\n<p>A verdade nua e crua \u00e9 que somos ora anjos ora dem\u00f4nios!<strong>\u00a0<\/strong><\/p>\n<p><strong>\u00a0<\/strong><\/p>\n<p><strong>&gt;&gt; Retirado de\u00a0<em><a href=\"https:\/\/www.ultimato.com.br\/loja\/produtos\/refeicoes-diarias-com-os-discipulos\">Refei\u00e7\u00f5es Di\u00e1rias com os Disc\u00edpulos<\/a><\/em> [Elben C\u00e9sar]. Editora Ultimato.<\/strong><strong>\u00a0<\/strong><\/p>\n<p>Ou\u00e7a as nossas devocionais pelo <a href=\"https:\/\/open.spotify.com\/show\/7CG8DL9dgWZEgPzX3rnk51?si=1dbGejI2TQS16eamNjb2rA\">Spotify<\/a>!<\/p>\n","protected":false},"excerpt":{"rendered":"<p>Usamos a l\u00edngua tanto para agradecer ao Senhor e Pai como para amaldi\u00e7oar as pessoas.\u00a0(Tg 3.9a) Esta \u00e9 a problem\u00e1tica humana: usamos os diferentes dons que Deus nos deu\u00a0tanto para fazer a coisa certa como para fazer a coisa errada. \u00c9 uma consequ\u00eancia\u00a0irrepar\u00e1vel, na presente vida, da desobedi\u00eancia de Ad\u00e3o. N\u00f3s est\u00e1vamos nele\u00a0quando ele caiu. [&hellip;]<\/p>\n","protected":false},"author":21,"featured_media":163,"comment_status":"open","ping_status":"open","sticky":false,"template":"","format":"standard","meta":{"ngg_post_thumbnail":0,"footnotes":""},"categories":[5478],"tags":[],"class_list":["post-9995","post","type-post","status-publish","format-standard","has-post-thumbnail","hentry","category-elben-cesar"],"publishpress_future_action":{"enabled":false,"date":"2026-05-05 02:21:08","action":"change-status","newStatus":"draft","terms":[],"taxonomy":"category","extraData":[]},"publishpress_future_workflow_manual_trigger":{"enabledWorkflows":[]},"_links":{"self":[{"href":"https:\/\/ultimato.com.br\/sites\/devocional-diaria\/wp-json\/wp\/v2\/posts\/9995","targetHints":{"allow":["GET"]}}],"collection":[{"href":"https:\/\/ultimato.com.br\/sites\/devocional-diaria\/wp-json\/wp\/v2\/posts"}],"about":[{"href":"https:\/\/ultimato.com.br\/sites\/devocional-diaria\/wp-json\/wp\/v2\/types\/post"}],"author":[{"embeddable":true,"href":"https:\/\/ultimato.com.br\/sites\/devocional-diaria\/wp-json\/wp\/v2\/users\/21"}],"replies":[{"embeddable":true,"href":"https:\/\/ultimato.com.br\/sites\/devocional-diaria\/wp-json\/wp\/v2\/comments?post=9995"}],"version-history":[{"count":1,"href":"https:\/\/ultimato.com.br\/sites\/devocional-diaria\/wp-json\/wp\/v2\/posts\/9995\/revisions"}],"predecessor-version":[{"id":9996,"href":"https:\/\/ultimato.com.br\/sites\/devocional-diaria\/wp-json\/wp\/v2\/posts\/9995\/revisions\/9996"}],"wp:featuredmedia":[{"embeddable":true,"href":"https:\/\/ultimato.com.br\/sites\/devocional-diaria\/wp-json\/wp\/v2\/media\/163"}],"wp:attachment":[{"href":"https:\/\/ultimato.com.br\/sites\/devocional-diaria\/wp-json\/wp\/v2\/media?parent=9995"}],"wp:term":[{"taxonomy":"category","embeddable":true,"href":"https:\/\/ultimato.com.br\/sites\/devocional-diaria\/wp-json\/wp\/v2\/categories?post=9995"},{"taxonomy":"post_tag","embeddable":true,"href":"https:\/\/ultimato.com.br\/sites\/devocional-diaria\/wp-json\/wp\/v2\/tags?post=9995"}],"curies":[{"name":"wp","href":"https:\/\/api.w.org\/{rel}","templated":true}]}}