{"id":9993,"date":"2022-10-11T00:00:24","date_gmt":"2022-10-11T02:00:24","guid":{"rendered":"https:\/\/ultimato.com.br\/sites\/devocional-diaria\/?p=9993"},"modified":"2022-09-26T17:05:19","modified_gmt":"2022-09-26T19:05:19","slug":"o-amigo-dos-marginalizados-2","status":"publish","type":"post","link":"https:\/\/ultimato.com.br\/sites\/devocional-diaria\/2022\/10\/11\/autor\/elben-cesar\/o-amigo-dos-marginalizados-2\/","title":{"rendered":"O amigo dos marginalizados"},"content":{"rendered":"<p>Jesus escutou a cr\u00edtica e reagiu: \u201cQuem precisa de m\u00e9dico: quem \u00e9 saud\u00e1vel\u00a0ou quem \u00e9 doente? Estou aqui para dar aten\u00e7\u00e3o aos de fora, n\u00e3o para\u00a0mimar os da casa, que se acham justos\u201d. (Lc 5.31-32)<\/p>\n<p>Em Jesus voc\u00ea pode confiar. Sobretudo se voc\u00ea \u00e9 marginalizado. Pois o\u00a0racioc\u00ednio de Jesus \u00e9 que \u201cos s\u00e3os n\u00e3o precisam de m\u00e9dico, e, sim, os doentes\u201d\u00a0(Lc 5.31). Ele mesmo declarou enfaticamente: \u201cO Filho do homem veio\u00a0buscar e salvar o perdido\u201d (Lc 19.10).<\/p>\n<p>Jesus irritava a sociedade de sua \u00e9poca por se reunir com pecadores, por\u00a0conversar com eles, por comer com eles. A gente fina desprezava-o por ele\u00a0ser \u201camigo de publicanos e pecadores\u201d (Lc 7.34). Ele n\u00e3o se deixava molestar\u00a0com a cr\u00edtica e explicava: \u201cN\u00e3o vim chamar justos, e, sim, pecadores ao\u00a0arrependimento\u201d (Lc 5.32).<\/p>\n<p>Entre os pecadores que Jesus levou ao arrependimento est\u00e3o a mulher\u00a0samaritana, a mulher ad\u00faltera, a mulher pecadora, Levi (tamb\u00e9m chamado\u00a0Mateus), Zaqueu e o ladr\u00e3o que ao lado dele foi crucificado.<\/p>\n<p>Jesus alcan\u00e7ava mais sucesso entre os marginalizados do que entre a\u00a0classe m\u00e9dia-alta, n\u00e3o poucas vezes marcada por uma terr\u00edvel hipocrisia.\u00a0Ela estava mais preocupada com a mis\u00e9ria moral alheia do que com seus\u00a0pr\u00f3prios pecados.<\/p>\n<p>Portanto, anime-se! H\u00e1 cura para voc\u00ea!<\/p>\n<p>&nbsp;<\/p>\n<p><strong>&gt;&gt; Retirado de\u00a0<em><a href=\"https:\/\/www.ultimato.com.br\/loja\/produtos\/cuide-das-raizes-espere-pelos-frutos\">Cuide das Ra\u00edzes, Espere pelos Frutos<\/a><\/em>, [Elben C\u00e9sar]. Editora Ultimato.<\/strong><\/p>\n<p>Ou\u00e7a as nossas devocionais pelo <a href=\"https:\/\/open.spotify.com\/show\/7CG8DL9dgWZEgPzX3rnk51?si=1dbGejI2TQS16eamNjb2rA\">Spotify<\/a>!<\/p>\n","protected":false},"excerpt":{"rendered":"<p>Jesus escutou a cr\u00edtica e reagiu: \u201cQuem precisa de m\u00e9dico: quem \u00e9 saud\u00e1vel\u00a0ou quem \u00e9 doente? Estou aqui para dar aten\u00e7\u00e3o aos de fora, n\u00e3o para\u00a0mimar os da casa, que se acham justos\u201d. (Lc 5.31-32) Em Jesus voc\u00ea pode confiar. Sobretudo se voc\u00ea \u00e9 marginalizado. Pois o\u00a0racioc\u00ednio de Jesus \u00e9 que \u201cos s\u00e3os n\u00e3o precisam [&hellip;]<\/p>\n","protected":false},"author":21,"featured_media":164,"comment_status":"open","ping_status":"open","sticky":false,"template":"","format":"standard","meta":{"ngg_post_thumbnail":0,"footnotes":""},"categories":[5478],"tags":[],"class_list":["post-9993","post","type-post","status-publish","format-standard","has-post-thumbnail","hentry","category-elben-cesar"],"publishpress_future_action":{"enabled":false,"date":"2026-05-05 03:52:43","action":"change-status","newStatus":"draft","terms":[],"taxonomy":"category","extraData":[]},"publishpress_future_workflow_manual_trigger":{"enabledWorkflows":[]},"_links":{"self":[{"href":"https:\/\/ultimato.com.br\/sites\/devocional-diaria\/wp-json\/wp\/v2\/posts\/9993","targetHints":{"allow":["GET"]}}],"collection":[{"href":"https:\/\/ultimato.com.br\/sites\/devocional-diaria\/wp-json\/wp\/v2\/posts"}],"about":[{"href":"https:\/\/ultimato.com.br\/sites\/devocional-diaria\/wp-json\/wp\/v2\/types\/post"}],"author":[{"embeddable":true,"href":"https:\/\/ultimato.com.br\/sites\/devocional-diaria\/wp-json\/wp\/v2\/users\/21"}],"replies":[{"embeddable":true,"href":"https:\/\/ultimato.com.br\/sites\/devocional-diaria\/wp-json\/wp\/v2\/comments?post=9993"}],"version-history":[{"count":1,"href":"https:\/\/ultimato.com.br\/sites\/devocional-diaria\/wp-json\/wp\/v2\/posts\/9993\/revisions"}],"predecessor-version":[{"id":9994,"href":"https:\/\/ultimato.com.br\/sites\/devocional-diaria\/wp-json\/wp\/v2\/posts\/9993\/revisions\/9994"}],"wp:featuredmedia":[{"embeddable":true,"href":"https:\/\/ultimato.com.br\/sites\/devocional-diaria\/wp-json\/wp\/v2\/media\/164"}],"wp:attachment":[{"href":"https:\/\/ultimato.com.br\/sites\/devocional-diaria\/wp-json\/wp\/v2\/media?parent=9993"}],"wp:term":[{"taxonomy":"category","embeddable":true,"href":"https:\/\/ultimato.com.br\/sites\/devocional-diaria\/wp-json\/wp\/v2\/categories?post=9993"},{"taxonomy":"post_tag","embeddable":true,"href":"https:\/\/ultimato.com.br\/sites\/devocional-diaria\/wp-json\/wp\/v2\/tags?post=9993"}],"curies":[{"name":"wp","href":"https:\/\/api.w.org\/{rel}","templated":true}]}}