{"id":9985,"date":"2022-10-05T00:00:26","date_gmt":"2022-10-05T02:00:26","guid":{"rendered":"https:\/\/ultimato.com.br\/sites\/devocional-diaria\/?p=9985"},"modified":"2022-09-26T16:52:02","modified_gmt":"2022-09-26T18:52:02","slug":"mais-fortes-na-fe","status":"publish","type":"post","link":"https:\/\/ultimato.com.br\/sites\/devocional-diaria\/2022\/10\/05\/autor\/elben-cesar\/mais-fortes-na-fe\/","title":{"rendered":"Mais fortes na f\u00e9"},"content":{"rendered":"<p>E Paulo atravessou a prov\u00edncia da S\u00edria e a regi\u00e3o da Cil\u00edcia, dando for\u00e7a \u00e0s igrejas. (Atos 15.41)<\/p>\n<p>A for\u00e7a, o \u00e2nimo, o entusiasmo diminuem com o tempo e com os embates.\u00a0Se n\u00e3o forem reabastecidos continuamente, a caminhada da f\u00e9 torna-se mais\u00a0dif\u00edcil e menos emocionante. Caso n\u00e3o haja reposi\u00e7\u00e3o, a for\u00e7a pode chegar\u00a0ao ponto zero e muita coisa desagrad\u00e1vel acontecer\u00e1.<\/p>\n<p>Dezenas de salmos fazem refer\u00eancia \u00e0 necessidade que se tem dessa for\u00e7a,\u00a0em per\u00edodos normais e em per\u00edodos especialmente dif\u00edceis. No Salmo 38,\u00a0por exemplo, o poeta se mostra muito apertado: \u201cEstou muito doente\u201d; \u201cEstou\u00a0me afogando nos meus pecados\u201d; \u201cEstou muito abatido e encurvado\u201d;\u00a0\u201cEstou fraco\u201d; \u201cEstou quase caindo e o meu sofrimento n\u00e3o acaba mais\u201d. O\u00a0referido salmo termina com um clamor: \u201cAjuda-me [ou d\u00e1-me for\u00e7as] agora,\u00a0\u00f3 Senhor, meu Salvador!\u201d<\/p>\n<p>Sabendo dessa real necessidade de reabastecer o crente de for\u00e7as, Paulo\u00a0e Silas, logo no in\u00edcio da segunda viagem mission\u00e1ria, passaram por duas\u00a0regi\u00f5es, com o prop\u00f3sito de dar for\u00e7a \u00e0s igrejas. Outras vers\u00f5es preferem\u00a0dizer \u201cpara animar\u201d, \u201cpara fortalecer\u201d, \u201cpara confirmar\u201d. Nesse minist\u00e9rio\u00a0de encorajamento Paulo deve ter citado o profeta Isa\u00edas: \u201cAos cansados, ele\u00a0[o Senhor] d\u00e1 novas for\u00e7as e enche de energia os fracos\u201d (Is 40.29).<\/p>\n<p>Paulo era mestre nesse minist\u00e9rio de dar for\u00e7as \u00e0s igrejas. \u201cQuando uma\u00a0tenta\u00e7\u00e3o vier\u201d, escreveu aos cor\u00edntios, \u201cDeus dar\u00e1 for\u00e7as a voc\u00eas para suport\u00e1-la e assim voc\u00eas poder\u00e3o sair dela\u201d (1Co 10.13). Aos ef\u00e9sios, o ap\u00f3stolo\u00a0exortou: \u201cTornem-se cada vez mais fortes, vivendo unidos com o Senhor e\u00a0recebendo a for\u00e7a de seu grande poder\u201d (Ef 6.10).<\/p>\n<p><strong>\u00a0<\/strong><\/p>\n<p><strong>&gt;&gt; Retirado de\u00a0<em><a href=\"https:\/\/www.ultimato.com.br\/loja\/produtos\/refeicoes-diarias\">Refei\u00e7\u00f5es Di\u00e1rias \u2013 no partir do p\u00e3o e na ora\u00e7\u00e3o<\/a><\/em> [Elben C\u00e9sar]. Editora Ultimato.<\/strong><strong>\u00a0<\/strong><\/p>\n<p>Ou\u00e7a as nossas devocionais pelo <a href=\"https:\/\/open.spotify.com\/show\/7CG8DL9dgWZEgPzX3rnk51?si=1dbGejI2TQS16eamNjb2rA\">Spotify<\/a>!<\/p>\n","protected":false},"excerpt":{"rendered":"<p>E Paulo atravessou a prov\u00edncia da S\u00edria e a regi\u00e3o da Cil\u00edcia, dando for\u00e7a \u00e0s igrejas. (Atos 15.41) A for\u00e7a, o \u00e2nimo, o entusiasmo diminuem com o tempo e com os embates.\u00a0Se n\u00e3o forem reabastecidos continuamente, a caminhada da f\u00e9 torna-se mais\u00a0dif\u00edcil e menos emocionante. Caso n\u00e3o haja reposi\u00e7\u00e3o, a for\u00e7a pode chegar\u00a0ao ponto zero [&hellip;]<\/p>\n","protected":false},"author":21,"featured_media":163,"comment_status":"open","ping_status":"open","sticky":false,"template":"","format":"standard","meta":{"ngg_post_thumbnail":0,"footnotes":""},"categories":[5478],"tags":[],"class_list":["post-9985","post","type-post","status-publish","format-standard","has-post-thumbnail","hentry","category-elben-cesar"],"publishpress_future_action":{"enabled":false,"date":"2026-05-05 00:58:21","action":"change-status","newStatus":"draft","terms":[],"taxonomy":"category","extraData":[]},"publishpress_future_workflow_manual_trigger":{"enabledWorkflows":[]},"_links":{"self":[{"href":"https:\/\/ultimato.com.br\/sites\/devocional-diaria\/wp-json\/wp\/v2\/posts\/9985","targetHints":{"allow":["GET"]}}],"collection":[{"href":"https:\/\/ultimato.com.br\/sites\/devocional-diaria\/wp-json\/wp\/v2\/posts"}],"about":[{"href":"https:\/\/ultimato.com.br\/sites\/devocional-diaria\/wp-json\/wp\/v2\/types\/post"}],"author":[{"embeddable":true,"href":"https:\/\/ultimato.com.br\/sites\/devocional-diaria\/wp-json\/wp\/v2\/users\/21"}],"replies":[{"embeddable":true,"href":"https:\/\/ultimato.com.br\/sites\/devocional-diaria\/wp-json\/wp\/v2\/comments?post=9985"}],"version-history":[{"count":1,"href":"https:\/\/ultimato.com.br\/sites\/devocional-diaria\/wp-json\/wp\/v2\/posts\/9985\/revisions"}],"predecessor-version":[{"id":9986,"href":"https:\/\/ultimato.com.br\/sites\/devocional-diaria\/wp-json\/wp\/v2\/posts\/9985\/revisions\/9986"}],"wp:featuredmedia":[{"embeddable":true,"href":"https:\/\/ultimato.com.br\/sites\/devocional-diaria\/wp-json\/wp\/v2\/media\/163"}],"wp:attachment":[{"href":"https:\/\/ultimato.com.br\/sites\/devocional-diaria\/wp-json\/wp\/v2\/media?parent=9985"}],"wp:term":[{"taxonomy":"category","embeddable":true,"href":"https:\/\/ultimato.com.br\/sites\/devocional-diaria\/wp-json\/wp\/v2\/categories?post=9985"},{"taxonomy":"post_tag","embeddable":true,"href":"https:\/\/ultimato.com.br\/sites\/devocional-diaria\/wp-json\/wp\/v2\/tags?post=9985"}],"curies":[{"name":"wp","href":"https:\/\/api.w.org\/{rel}","templated":true}]}}