{"id":9983,"date":"2022-10-04T00:00:58","date_gmt":"2022-10-04T02:00:58","guid":{"rendered":"https:\/\/ultimato.com.br\/sites\/devocional-diaria\/?p=9983"},"modified":"2022-09-26T16:48:58","modified_gmt":"2022-09-26T18:48:58","slug":"entre-o-pecado-e-o-perdao-2","status":"publish","type":"post","link":"https:\/\/ultimato.com.br\/sites\/devocional-diaria\/2022\/10\/04\/autor\/elben-cesar\/entre-o-pecado-e-o-perdao-2\/","title":{"rendered":"Entre o pecado e o perd\u00e3o"},"content":{"rendered":"<p>Ent\u00e3o resolvi p\u00f4r tudo para fora. Eu disse: \u201cConfessarei todos os meus pecados\u00a0ao Eterno\u201d. De repente, a press\u00e3o foi embora \u2013 minha culpa evaporou, meu\u00a0pecado desapareceu. (Sl 32.5)<\/p>\n<p>N\u00e3o se passa diretamente do pecado ao perd\u00e3o. O perd\u00e3o existe. E ai de n\u00f3s\u00a0se ele n\u00e3o existisse. O perd\u00e3o retira um fardo de sobre as costas que ningu\u00e9m\u00a0suporta. S\u00f3 o perd\u00e3o pode levantar a m\u00e3o de Deus que pesa dia e noite sobre\u00a0aquele que est\u00e1 em pecado. O perd\u00e3o acaba com o senso de culpa, com os\u00a0pesadelos, com a agita\u00e7\u00e3o nervosa, com o sobressalto. O perd\u00e3o restaura a\u00a0sa\u00fade e o bom humor. O perd\u00e3o devolve a alegria que o pecado roubou.<\/p>\n<p>Mas h\u00e1 um problema muito s\u00e9rio, imposs\u00edvel de ser contornado. \u00c9 que\u00a0entre o pecado e o perd\u00e3o h\u00e1 uma passagem obrigat\u00f3ria que se chama\u00a0arrependimento. Deus n\u00e3o autoriza ningu\u00e9m a falar em perd\u00e3o sem falar\u00a0antes em arrependimento. Tanto Jo\u00e3o Batista, o precursor, como Jesus, o\u00a0<em>precursado<\/em>, iniciaram a ora\u00e7\u00e3o com este apelo: \u201cArrependei-vos porque est\u00e1\u00a0pr\u00f3ximo o reino dos c\u00e9us\u201d (Mt 3.2; 4.17). Quando a multid\u00e3o, que estava\u00a0em Jerusal\u00e9m no dia de Pentecostes, perguntou aos ap\u00f3stolos o que deveriam\u00a0fazer frente \u00e0 forte convic\u00e7\u00e3o de pecado que tomou conta deles, Pedro\u00a0respondeu de imediato: \u201cArrependei-vos, e cada um de v\u00f3s seja batizado\u00a0em nome de Jesus Cristo para remiss\u00e3o dos vossos pecados, e recebereis o\u00a0dom do Esp\u00edrito Santo\u201d (At 2.38).<\/p>\n<p>Sem arrependimento o perd\u00e3o n\u00e3o acontece. Perd\u00e3o sem arrependimento\u00a0estimula o pr\u00f3ximo pecado e gera cinismo. Perd\u00e3o sem arrependimento\u00a0n\u00e3o cura ningu\u00e9m, n\u00e3o transforma ningu\u00e9m. Perd\u00e3o sem arrependimento\u00a0n\u00e3o torna ningu\u00e9m ex-assassino, ex-assaltante, ex-id\u00f3latra, ex-avarento, ex-ad\u00faltero,\u00a0ex-sodomita. Perd\u00e3o sem arrependimento pode encher os templos\u00a0religiosos, mas n\u00e3o enche a igreja do Deus vivo. Perd\u00e3o sem arrependimento\u00a0\u00e9 uma blasf\u00eamia contra a santidade de Deus.<\/p>\n<p>&nbsp;<\/p>\n<p><strong>&gt;&gt; Retirado de\u00a0<em><a href=\"https:\/\/www.ultimato.com.br\/loja\/produtos\/cuide-das-raizes-espere-pelos-frutos\">Cuide das Ra\u00edzes, Espere pelos Frutos<\/a><\/em>, [Elben C\u00e9sar]. Editora Ultimato.<\/strong><\/p>\n<p>Ou\u00e7a as nossas devocionais pelo <a href=\"https:\/\/open.spotify.com\/show\/7CG8DL9dgWZEgPzX3rnk51?si=1dbGejI2TQS16eamNjb2rA\">Spotify<\/a>!<\/p>\n","protected":false},"excerpt":{"rendered":"<p>Ent\u00e3o resolvi p\u00f4r tudo para fora. Eu disse: \u201cConfessarei todos os meus pecados\u00a0ao Eterno\u201d. De repente, a press\u00e3o foi embora \u2013 minha culpa evaporou, meu\u00a0pecado desapareceu. (Sl 32.5) N\u00e3o se passa diretamente do pecado ao perd\u00e3o. O perd\u00e3o existe. E ai de n\u00f3s\u00a0se ele n\u00e3o existisse. O perd\u00e3o retira um fardo de sobre as costas [&hellip;]<\/p>\n","protected":false},"author":21,"featured_media":164,"comment_status":"open","ping_status":"open","sticky":false,"template":"","format":"standard","meta":{"ngg_post_thumbnail":0,"footnotes":""},"categories":[5478],"tags":[],"class_list":["post-9983","post","type-post","status-publish","format-standard","has-post-thumbnail","hentry","category-elben-cesar"],"publishpress_future_action":{"enabled":false,"date":"2026-05-05 09:58:27","action":"change-status","newStatus":"draft","terms":[],"taxonomy":"category","extraData":[]},"publishpress_future_workflow_manual_trigger":{"enabledWorkflows":[]},"_links":{"self":[{"href":"https:\/\/ultimato.com.br\/sites\/devocional-diaria\/wp-json\/wp\/v2\/posts\/9983","targetHints":{"allow":["GET"]}}],"collection":[{"href":"https:\/\/ultimato.com.br\/sites\/devocional-diaria\/wp-json\/wp\/v2\/posts"}],"about":[{"href":"https:\/\/ultimato.com.br\/sites\/devocional-diaria\/wp-json\/wp\/v2\/types\/post"}],"author":[{"embeddable":true,"href":"https:\/\/ultimato.com.br\/sites\/devocional-diaria\/wp-json\/wp\/v2\/users\/21"}],"replies":[{"embeddable":true,"href":"https:\/\/ultimato.com.br\/sites\/devocional-diaria\/wp-json\/wp\/v2\/comments?post=9983"}],"version-history":[{"count":1,"href":"https:\/\/ultimato.com.br\/sites\/devocional-diaria\/wp-json\/wp\/v2\/posts\/9983\/revisions"}],"predecessor-version":[{"id":9984,"href":"https:\/\/ultimato.com.br\/sites\/devocional-diaria\/wp-json\/wp\/v2\/posts\/9983\/revisions\/9984"}],"wp:featuredmedia":[{"embeddable":true,"href":"https:\/\/ultimato.com.br\/sites\/devocional-diaria\/wp-json\/wp\/v2\/media\/164"}],"wp:attachment":[{"href":"https:\/\/ultimato.com.br\/sites\/devocional-diaria\/wp-json\/wp\/v2\/media?parent=9983"}],"wp:term":[{"taxonomy":"category","embeddable":true,"href":"https:\/\/ultimato.com.br\/sites\/devocional-diaria\/wp-json\/wp\/v2\/categories?post=9983"},{"taxonomy":"post_tag","embeddable":true,"href":"https:\/\/ultimato.com.br\/sites\/devocional-diaria\/wp-json\/wp\/v2\/tags?post=9983"}],"curies":[{"name":"wp","href":"https:\/\/api.w.org\/{rel}","templated":true}]}}