{"id":9976,"date":"2022-09-30T00:00:33","date_gmt":"2022-09-30T02:00:33","guid":{"rendered":"https:\/\/ultimato.com.br\/sites\/devocional-diaria\/?p=9976"},"modified":"2022-09-15T16:40:50","modified_gmt":"2022-09-15T18:40:50","slug":"para-toda-a-vida-3","status":"publish","type":"post","link":"https:\/\/ultimato.com.br\/sites\/devocional-diaria\/2022\/09\/30\/autor\/elben-cesar\/para-toda-a-vida-3\/","title":{"rendered":"Para toda a vida"},"content":{"rendered":"<p>Cantarei ao Senhor toda a minha vida; louvarei ao meu Deus enquanto eu viver. (Sl 104.33)<\/p>\n<p>N\u00e3o \u00e9 s\u00f3 no momento da dor \u2013 \u00e9 para toda a vida. N\u00e3o \u00e9 s\u00f3 no momento da alegria \u2013 \u00e9 para toda a vida. N\u00e3o \u00e9 s\u00f3 por aquele pequeno per\u00edodo de tempo anterior e posterior ao momento da convers\u00e3o \u2013 \u00e9 para toda a vida. N\u00e3o \u00e9 s\u00f3 por ocasi\u00e3o do batismo, da confirma\u00e7\u00e3o e do casamento \u2013 \u00e9 para toda a vida. N\u00e3o \u00e9 s\u00f3 na P\u00e1scoa, no Natal e no Ano-Novo \u2013 \u00e9 para toda a vida. N\u00e3o \u00e9 s\u00f3 durante a cerim\u00f4nia f\u00fanebre de um ente querido \u2013 \u00e9 para toda a vida. N\u00e3o \u00e9 s\u00f3 na hora em que o carro despenca precip\u00edcio abaixo \u2013 \u00e9 para toda a vida. N\u00e3o \u00e9 s\u00f3 quando \u201cos guardas da casa\u201d (os bra\u00e7os) tremem e \u201cos homens fortes\u201d (as pernas) caminham encurvados, anunciando a proximidade do rompimento do \u201ccord\u00e3o de prata\u201d (a morte) \u2013 \u00e9 para toda a vida. N\u00e3o deveria ser s\u00f3 naquele exato momento da \u201ccessa\u00e7\u00e3o definitiva de todos os atos cujo conjunto constitui a vida dos seres organizados\u201d \u2013 deveria ser toda a vida at\u00e9 ent\u00e3o.<\/p>\n<p>\u00c9 esse tipo de compromisso que o salmista deseja ter: \u201cCantarei ao Senhor <em>toda a minha vida<\/em>; louvarei ao meu Deus <em>enquanto eu viver<\/em>\u201d (Sl 104.33).<\/p>\n<p>De Deus n\u00e3o se tira f\u00e9rias. Sem ele nada se pode fazer (Jo 15.5). Sem ele a tranquilidade desaparece. Sem ele a alegria se retira. Sem ele morre-se daquela sede estranha, que vem da alma. Sem ele o ideal de santidade esfria. Sem ele o medo da morte cresce. Sem ele a esperan\u00e7a perde a for\u00e7a. Sem ele o dem\u00f4nio volta e traz consigo outros sete esp\u00edritos piores do que aquele que foi expulso (Lc 11.26).<\/p>\n<p>Buscar Deus s\u00f3 em alguns momentos da vida \u00e9 um desperd\u00edcio. Deus \u00e9 indispens\u00e1vel do ber\u00e7o ao t\u00famulo, do nascimento (o primeiro parto) \u00e0 morte (o segundo parto)!<\/p>\n<p><strong>\u00a0<\/strong><\/p>\n<p><strong>&gt;&gt; Retirado de\u00a0<\/strong><strong><em><a href=\"https:\/\/www.ultimato.com.br\/loja\/produtos\/um-ano-com-os-salmos\">Um Ano com os Salmos<\/a><\/em><\/strong><strong> [Elben C\u00e9sar]. <\/strong><strong>Editora Ultimato.<\/strong><strong>\u00a0<\/strong><\/p>\n<p>&nbsp;<\/p>\n<blockquote><p><a href=\"https:\/\/ultimato.com.br\/sites\/devocional-diaria\/files\/2022\/09\/um_ano_salmos_3d.png\"><img loading=\"lazy\" decoding=\"async\" class=\"alignright wp-image-9942\" src=\"https:\/\/ultimato.com.br\/sites\/devocional-diaria\/files\/2022\/09\/um_ano_salmos_3d.png\" alt=\"\" width=\"155\" height=\"224\" srcset=\"https:\/\/ultimato.com.br\/sites\/devocional-diaria\/files\/2022\/09\/um_ano_salmos_3d.png 350w, https:\/\/ultimato.com.br\/sites\/devocional-diaria\/files\/2022\/09\/um_ano_salmos_3d-208x300.png 208w\" sizes=\"auto, (max-width: 155px) 100vw, 155px\" \/><\/a>O livro dos Salmos \u00e9 o fio condutor desta preciosa colet\u00e2nea de leituras e medita\u00e7\u00f5es di\u00e1rias, do conhecido pastor e escritor Elben C\u00e9sar. Para o autor, n\u00e3o se l\u00ea as Escrituras apenas para tomar conhecimento da verdade. A B\u00edblia \u00e9 tamb\u00e9m alimento para fazer crescer, \u00e9 lenha para atear fogo, e combust\u00edvel para p\u00f4r em movimento os bons prop\u00f3sitos do cora\u00e7\u00e3o.<\/p>\n<p><a href=\"https:\/\/www.ultimato.com.br\/loja\/produtos\/um-ano-com-os-salmos\" target=\"_blank\" rel=\"noopener\"><strong>Um Ano com os Salmos<\/strong><\/a>\u00a0ajuda o leitor a caminhar pelas Escrituras acompanhado de palavras de consolo e desafio, em uma leitura pr\u00e1tica e rica em aplica\u00e7\u00e3o das verdades b\u00edblicas e da espiritualidade crist\u00e3 ao longo dos 365 dias do ano.<\/p>\n<p>&nbsp;<\/p><\/blockquote>\n<p>&gt;&gt; Conhe\u00e7a a playlist especial de <em>Um Ano com os Salmos<\/em>:<\/p>\n<p><iframe loading=\"lazy\" style=\"border-radius: 12px;\" src=\"https:\/\/open.spotify.com\/embed\/playlist\/4DtkrfgRd0UCwzo4DYYJlT?utm_source=generator\" width=\"100%\" height=\"380\" frameborder=\"0\" allowfullscreen=\"allowfullscreen\" data-mce-fragment=\"1\"><\/iframe><\/p>\n","protected":false},"excerpt":{"rendered":"<p>Cantarei ao Senhor toda a minha vida; louvarei ao meu Deus enquanto eu viver. (Sl 104.33) N\u00e3o \u00e9 s\u00f3 no momento da dor \u2013 \u00e9 para toda a vida. N\u00e3o \u00e9 s\u00f3 no momento da alegria \u2013 \u00e9 para toda a vida. N\u00e3o \u00e9 s\u00f3 por aquele pequeno per\u00edodo de tempo anterior e posterior ao [&hellip;]<\/p>\n","protected":false},"author":21,"featured_media":161,"comment_status":"open","ping_status":"open","sticky":false,"template":"","format":"standard","meta":{"ngg_post_thumbnail":0,"footnotes":""},"categories":[5478],"tags":[],"class_list":["post-9976","post","type-post","status-publish","format-standard","has-post-thumbnail","hentry","category-elben-cesar"],"publishpress_future_action":{"enabled":false,"date":"2026-05-04 22:14:07","action":"change-status","newStatus":"draft","terms":[],"taxonomy":"category","extraData":[]},"publishpress_future_workflow_manual_trigger":{"enabledWorkflows":[]},"_links":{"self":[{"href":"https:\/\/ultimato.com.br\/sites\/devocional-diaria\/wp-json\/wp\/v2\/posts\/9976","targetHints":{"allow":["GET"]}}],"collection":[{"href":"https:\/\/ultimato.com.br\/sites\/devocional-diaria\/wp-json\/wp\/v2\/posts"}],"about":[{"href":"https:\/\/ultimato.com.br\/sites\/devocional-diaria\/wp-json\/wp\/v2\/types\/post"}],"author":[{"embeddable":true,"href":"https:\/\/ultimato.com.br\/sites\/devocional-diaria\/wp-json\/wp\/v2\/users\/21"}],"replies":[{"embeddable":true,"href":"https:\/\/ultimato.com.br\/sites\/devocional-diaria\/wp-json\/wp\/v2\/comments?post=9976"}],"version-history":[{"count":1,"href":"https:\/\/ultimato.com.br\/sites\/devocional-diaria\/wp-json\/wp\/v2\/posts\/9976\/revisions"}],"predecessor-version":[{"id":9977,"href":"https:\/\/ultimato.com.br\/sites\/devocional-diaria\/wp-json\/wp\/v2\/posts\/9976\/revisions\/9977"}],"wp:featuredmedia":[{"embeddable":true,"href":"https:\/\/ultimato.com.br\/sites\/devocional-diaria\/wp-json\/wp\/v2\/media\/161"}],"wp:attachment":[{"href":"https:\/\/ultimato.com.br\/sites\/devocional-diaria\/wp-json\/wp\/v2\/media?parent=9976"}],"wp:term":[{"taxonomy":"category","embeddable":true,"href":"https:\/\/ultimato.com.br\/sites\/devocional-diaria\/wp-json\/wp\/v2\/categories?post=9976"},{"taxonomy":"post_tag","embeddable":true,"href":"https:\/\/ultimato.com.br\/sites\/devocional-diaria\/wp-json\/wp\/v2\/tags?post=9976"}],"curies":[{"name":"wp","href":"https:\/\/api.w.org\/{rel}","templated":true}]}}