{"id":9974,"date":"2022-09-29T00:00:51","date_gmt":"2022-09-29T02:00:51","guid":{"rendered":"https:\/\/ultimato.com.br\/sites\/devocional-diaria\/?p=9974"},"modified":"2022-09-15T16:37:59","modified_gmt":"2022-09-15T18:37:59","slug":"radiantes-de-alegria-5","status":"publish","type":"post","link":"https:\/\/ultimato.com.br\/sites\/devocional-diaria\/2022\/09\/29\/autor\/elben-cesar\/radiantes-de-alegria-5\/","title":{"rendered":"Radiantes de alegria"},"content":{"rendered":"<p>Os que olham para ele est\u00e3o radiantes de alegria; seus rostos jamais mostrar\u00e3o decep\u00e7\u00e3o. (Sl 34.5)<\/p>\n<p>Os que olham para o Senhor, garante o salmista, \u201cest\u00e3o radiantes de alegria\u201d e \u201cseus rostos jamais mostrar\u00e3o decep\u00e7\u00e3o\u201d (Sl 34.5).<\/p>\n<p>A express\u00e3o do rosto revela o que est\u00e1 escondido no cora\u00e7\u00e3o. Da\u00ed o rosto abatido de Ana antes do seu desabafo diante do Senhor em Silo. Da\u00ed o rosto n\u00e3o mais abatido de Ana depois de sua ora\u00e7\u00e3o (1Sm 1.18).<\/p>\n<p>Ao ver o semblante alterado de Neemias, o rei Artaxerxes lhe pergun\u00adtou: \u201cPor que o seu rosto parece t\u00e3o triste, se voc\u00ea n\u00e3o est\u00e1 doente? Essa tristeza s\u00f3 pode ser do cora\u00e7\u00e3o!\u201d (Ne 2.2).<\/p>\n<p>Os que est\u00e3o cheios de alegria irradiam alegria para todos os lados. A alegria deles sai do cora\u00e7\u00e3o para o rosto e do rosto para o ambiente onde est\u00e3o e por onde passam. N\u00e3o \u00e9 uma alegria ego\u00edsta, fechada dentro de quatro paredes, reservada, escondida. \u00c9 uma alegria p\u00fablica, conta\u00adgiante e comunit\u00e1ria.<\/p>\n<p>Os radiantes de alegria n\u00e3o conseguem esconder o regozijo, n\u00e3o pre\u00adcisam mentir que est\u00e3o alegres, n\u00e3o fabricam alegria artificial. A alegria deles \u00e9 consequ\u00eancia de uma atitude: \u201c<em>Os que olham para o Senhor <\/em>[e n\u00e3o para o mar revolto] est\u00e3o radiantes de alegria\u201d.<\/p>\n<p><strong>\u00a0<\/strong><\/p>\n<p><strong>&gt;&gt; Retirado de\u00a0<\/strong><strong><em><a href=\"https:\/\/www.ultimato.com.br\/loja\/produtos\/um-ano-com-os-salmos\">Um Ano com os Salmos<\/a><\/em><\/strong><strong> [Elben C\u00e9sar]. <\/strong><strong>Editora Ultimato.<\/strong><strong>\u00a0<\/strong><\/p>\n<p>&nbsp;<\/p>\n<blockquote><p><a href=\"https:\/\/ultimato.com.br\/sites\/devocional-diaria\/files\/2022\/09\/um_ano_salmos_3d.png\"><img loading=\"lazy\" decoding=\"async\" class=\"alignright wp-image-9942\" src=\"https:\/\/ultimato.com.br\/sites\/devocional-diaria\/files\/2022\/09\/um_ano_salmos_3d.png\" alt=\"\" width=\"155\" height=\"224\" srcset=\"https:\/\/ultimato.com.br\/sites\/devocional-diaria\/files\/2022\/09\/um_ano_salmos_3d.png 350w, https:\/\/ultimato.com.br\/sites\/devocional-diaria\/files\/2022\/09\/um_ano_salmos_3d-208x300.png 208w\" sizes=\"auto, (max-width: 155px) 100vw, 155px\" \/><\/a>O livro dos Salmos \u00e9 o fio condutor desta preciosa colet\u00e2nea de leituras e medita\u00e7\u00f5es di\u00e1rias, do conhecido pastor e escritor Elben C\u00e9sar. Para o autor, n\u00e3o se l\u00ea as Escrituras apenas para tomar conhecimento da verdade. A B\u00edblia \u00e9 tamb\u00e9m alimento para fazer crescer, \u00e9 lenha para atear fogo, e combust\u00edvel para p\u00f4r em movimento os bons prop\u00f3sitos do cora\u00e7\u00e3o.<\/p>\n<p><a href=\"https:\/\/www.ultimato.com.br\/loja\/produtos\/um-ano-com-os-salmos\" target=\"_blank\" rel=\"noopener\"><strong>Um Ano com os Salmos<\/strong><\/a>\u00a0ajuda o leitor a caminhar pelas Escrituras acompanhado de palavras de consolo e desafio, em uma leitura pr\u00e1tica e rica em aplica\u00e7\u00e3o das verdades b\u00edblicas e da espiritualidade crist\u00e3 ao longo dos 365 dias do ano.<\/p>\n<p>&nbsp;<\/p><\/blockquote>\n<p>&gt;&gt; Conhe\u00e7a a playlist especial de <em>Um Ano com os Salmos<\/em>:<\/p>\n<p><iframe loading=\"lazy\" style=\"border-radius: 12px;\" src=\"https:\/\/open.spotify.com\/embed\/playlist\/4DtkrfgRd0UCwzo4DYYJlT?utm_source=generator\" width=\"100%\" height=\"380\" frameborder=\"0\" allowfullscreen=\"allowfullscreen\" data-mce-fragment=\"1\"><\/iframe><\/p>\n","protected":false},"excerpt":{"rendered":"<p>Os que olham para ele est\u00e3o radiantes de alegria; seus rostos jamais mostrar\u00e3o decep\u00e7\u00e3o. (Sl 34.5) Os que olham para o Senhor, garante o salmista, \u201cest\u00e3o radiantes de alegria\u201d e \u201cseus rostos jamais mostrar\u00e3o decep\u00e7\u00e3o\u201d (Sl 34.5). A express\u00e3o do rosto revela o que est\u00e1 escondido no cora\u00e7\u00e3o. Da\u00ed o rosto abatido de Ana antes [&hellip;]<\/p>\n","protected":false},"author":21,"featured_media":162,"comment_status":"open","ping_status":"open","sticky":false,"template":"","format":"standard","meta":{"ngg_post_thumbnail":0,"footnotes":""},"categories":[5478],"tags":[],"class_list":["post-9974","post","type-post","status-publish","format-standard","has-post-thumbnail","hentry","category-elben-cesar"],"publishpress_future_action":{"enabled":false,"date":"2026-05-04 23:36:50","action":"change-status","newStatus":"draft","terms":[],"taxonomy":"category","extraData":[]},"publishpress_future_workflow_manual_trigger":{"enabledWorkflows":[]},"_links":{"self":[{"href":"https:\/\/ultimato.com.br\/sites\/devocional-diaria\/wp-json\/wp\/v2\/posts\/9974","targetHints":{"allow":["GET"]}}],"collection":[{"href":"https:\/\/ultimato.com.br\/sites\/devocional-diaria\/wp-json\/wp\/v2\/posts"}],"about":[{"href":"https:\/\/ultimato.com.br\/sites\/devocional-diaria\/wp-json\/wp\/v2\/types\/post"}],"author":[{"embeddable":true,"href":"https:\/\/ultimato.com.br\/sites\/devocional-diaria\/wp-json\/wp\/v2\/users\/21"}],"replies":[{"embeddable":true,"href":"https:\/\/ultimato.com.br\/sites\/devocional-diaria\/wp-json\/wp\/v2\/comments?post=9974"}],"version-history":[{"count":1,"href":"https:\/\/ultimato.com.br\/sites\/devocional-diaria\/wp-json\/wp\/v2\/posts\/9974\/revisions"}],"predecessor-version":[{"id":9975,"href":"https:\/\/ultimato.com.br\/sites\/devocional-diaria\/wp-json\/wp\/v2\/posts\/9974\/revisions\/9975"}],"wp:featuredmedia":[{"embeddable":true,"href":"https:\/\/ultimato.com.br\/sites\/devocional-diaria\/wp-json\/wp\/v2\/media\/162"}],"wp:attachment":[{"href":"https:\/\/ultimato.com.br\/sites\/devocional-diaria\/wp-json\/wp\/v2\/media?parent=9974"}],"wp:term":[{"taxonomy":"category","embeddable":true,"href":"https:\/\/ultimato.com.br\/sites\/devocional-diaria\/wp-json\/wp\/v2\/categories?post=9974"},{"taxonomy":"post_tag","embeddable":true,"href":"https:\/\/ultimato.com.br\/sites\/devocional-diaria\/wp-json\/wp\/v2\/tags?post=9974"}],"curies":[{"name":"wp","href":"https:\/\/api.w.org\/{rel}","templated":true}]}}