{"id":9971,"date":"2022-09-28T00:00:31","date_gmt":"2022-09-28T02:00:31","guid":{"rendered":"https:\/\/ultimato.com.br\/sites\/devocional-diaria\/?p=9971"},"modified":"2022-09-15T16:34:40","modified_gmt":"2022-09-15T18:34:40","slug":"a-oracao-inteligente-2","status":"publish","type":"post","link":"https:\/\/ultimato.com.br\/sites\/devocional-diaria\/2022\/09\/28\/autor\/elben-cesar\/a-oracao-inteligente-2\/","title":{"rendered":"A ora\u00e7\u00e3o inteligente"},"content":{"rendered":"<p>Ouve-me e responde-me! Os meus pensamentos me perturbam, e estou atordoado. (Sl 55.2)<\/p>\n<p>No Salmo 55, mais uma vez, o salmista faz a ora\u00e7\u00e3o inteligente, isto \u00e9, p\u00f5e para fora os seus temores sem cortes e sem acanhamento.<\/p>\n<p>\u201cMeus pensamentos me perturbam\u201d; \u201cEstou atordoado diante da gri\u00adtaria dos \u00edmpios\u201d; \u201cO meu cora\u00e7\u00e3o est\u00e1 acelerado\u201d; \u201cOs pavores da morte me assaltam\u201d; \u201cTemor e tremor me dominam\u201d; \u201cO medo tomou conta de mim\u201d (Sl 55.2-5).<\/p>\n<p>A estrat\u00e9gia que ele usa para continuar vivo, para n\u00e3o se decepcio\u00adnar com a vida, para n\u00e3o amarrar o rosto, para n\u00e3o se entregar ao \u00e1lcool, para n\u00e3o descambar para a descren\u00e7a, para n\u00e3o enlouquecer, para n\u00e3o se enfurecer contra tudo e contra todos, para n\u00e3o dar um tiro no ouvido \u2013 funciona perfeitamente. \u00c9 a tal ora\u00e7\u00e3o inteligente, a ora\u00e7\u00e3o do desa\u00adbafo, aquela que \u00e9 capaz de derramar e espalhar perante o Senhor todas as dores, todos os medos, todas as cruzes, todos os espinhos, todos os fantasmas. O salmista n\u00e3o esconde: \u201c\u00c0 tarde, pela manh\u00e3 e ao meio-dia choro angustiado, e Deus ouve a minha ora\u00e7\u00e3o\u201d (Sl 55.17).<\/p>\n<p>A ora\u00e7\u00e3o inteligente d\u00e1 t\u00e3o certo que, depois de falar de si o tempo todo, o poeta interrompe bruscamente o seu discurso e dirige ao leitor a exorta\u00e7\u00e3o: \u201cEntregue suas preocupa\u00e7\u00f5es ao Senhor e ele o suster\u00e1; jamais permitir\u00e1 que o justo venha a cair\u201d (Sl 55.22)!<\/p>\n<p><strong>\u00a0<\/strong><\/p>\n<p><strong>&gt;&gt; Retirado de\u00a0<\/strong><strong><em><a href=\"https:\/\/www.ultimato.com.br\/loja\/produtos\/um-ano-com-os-salmos\">Um Ano com os Salmos<\/a><\/em><\/strong><strong> [Elben C\u00e9sar]. <\/strong><strong>Editora Ultimato.<\/strong><strong>\u00a0<\/strong><\/p>\n<p>&nbsp;<\/p>\n<blockquote><p><a href=\"https:\/\/ultimato.com.br\/sites\/devocional-diaria\/files\/2022\/09\/um_ano_salmos_3d.png\"><img loading=\"lazy\" decoding=\"async\" class=\"alignright wp-image-9942\" src=\"https:\/\/ultimato.com.br\/sites\/devocional-diaria\/files\/2022\/09\/um_ano_salmos_3d.png\" alt=\"\" width=\"155\" height=\"224\" srcset=\"https:\/\/ultimato.com.br\/sites\/devocional-diaria\/files\/2022\/09\/um_ano_salmos_3d.png 350w, https:\/\/ultimato.com.br\/sites\/devocional-diaria\/files\/2022\/09\/um_ano_salmos_3d-208x300.png 208w\" sizes=\"auto, (max-width: 155px) 100vw, 155px\" \/><\/a>O livro dos Salmos \u00e9 o fio condutor desta preciosa colet\u00e2nea de leituras e medita\u00e7\u00f5es di\u00e1rias, do conhecido pastor e escritor Elben C\u00e9sar. Para o autor, n\u00e3o se l\u00ea as Escrituras apenas para tomar conhecimento da verdade. A B\u00edblia \u00e9 tamb\u00e9m alimento para fazer crescer, \u00e9 lenha para atear fogo, e combust\u00edvel para p\u00f4r em movimento os bons prop\u00f3sitos do cora\u00e7\u00e3o.<\/p>\n<p><a href=\"https:\/\/www.ultimato.com.br\/loja\/produtos\/um-ano-com-os-salmos\" target=\"_blank\" rel=\"noopener\"><strong>Um Ano com os Salmos<\/strong><\/a>\u00a0ajuda o leitor a caminhar pelas Escrituras acompanhado de palavras de consolo e desafio, em uma leitura pr\u00e1tica e rica em aplica\u00e7\u00e3o das verdades b\u00edblicas e da espiritualidade crist\u00e3 ao longo dos 365 dias do ano.<\/p>\n<p>&nbsp;<\/p><\/blockquote>\n<p>&gt;&gt; Conhe\u00e7a a playlist especial de <em>Um Ano com os Salmos<\/em>:<\/p>\n<p><iframe loading=\"lazy\" style=\"border-radius: 12px;\" src=\"https:\/\/open.spotify.com\/embed\/playlist\/4DtkrfgRd0UCwzo4DYYJlT?utm_source=generator\" width=\"100%\" height=\"380\" frameborder=\"0\" allowfullscreen=\"allowfullscreen\" data-mce-fragment=\"1\"><\/iframe><\/p>\n","protected":false},"excerpt":{"rendered":"<p>Ouve-me e responde-me! Os meus pensamentos me perturbam, e estou atordoado. (Sl 55.2) No Salmo 55, mais uma vez, o salmista faz a ora\u00e7\u00e3o inteligente, isto \u00e9, p\u00f5e para fora os seus temores sem cortes e sem acanhamento. \u201cMeus pensamentos me perturbam\u201d; \u201cEstou atordoado diante da gri\u00adtaria dos \u00edmpios\u201d; \u201cO meu cora\u00e7\u00e3o est\u00e1 acelerado\u201d; \u201cOs [&hellip;]<\/p>\n","protected":false},"author":21,"featured_media":163,"comment_status":"open","ping_status":"open","sticky":false,"template":"","format":"standard","meta":{"ngg_post_thumbnail":0,"footnotes":""},"categories":[5478],"tags":[],"class_list":["post-9971","post","type-post","status-publish","format-standard","has-post-thumbnail","hentry","category-elben-cesar"],"publishpress_future_action":{"enabled":false,"date":"2026-05-05 01:11:42","action":"change-status","newStatus":"draft","terms":[],"taxonomy":"category","extraData":[]},"publishpress_future_workflow_manual_trigger":{"enabledWorkflows":[]},"_links":{"self":[{"href":"https:\/\/ultimato.com.br\/sites\/devocional-diaria\/wp-json\/wp\/v2\/posts\/9971","targetHints":{"allow":["GET"]}}],"collection":[{"href":"https:\/\/ultimato.com.br\/sites\/devocional-diaria\/wp-json\/wp\/v2\/posts"}],"about":[{"href":"https:\/\/ultimato.com.br\/sites\/devocional-diaria\/wp-json\/wp\/v2\/types\/post"}],"author":[{"embeddable":true,"href":"https:\/\/ultimato.com.br\/sites\/devocional-diaria\/wp-json\/wp\/v2\/users\/21"}],"replies":[{"embeddable":true,"href":"https:\/\/ultimato.com.br\/sites\/devocional-diaria\/wp-json\/wp\/v2\/comments?post=9971"}],"version-history":[{"count":2,"href":"https:\/\/ultimato.com.br\/sites\/devocional-diaria\/wp-json\/wp\/v2\/posts\/9971\/revisions"}],"predecessor-version":[{"id":9973,"href":"https:\/\/ultimato.com.br\/sites\/devocional-diaria\/wp-json\/wp\/v2\/posts\/9971\/revisions\/9973"}],"wp:featuredmedia":[{"embeddable":true,"href":"https:\/\/ultimato.com.br\/sites\/devocional-diaria\/wp-json\/wp\/v2\/media\/163"}],"wp:attachment":[{"href":"https:\/\/ultimato.com.br\/sites\/devocional-diaria\/wp-json\/wp\/v2\/media?parent=9971"}],"wp:term":[{"taxonomy":"category","embeddable":true,"href":"https:\/\/ultimato.com.br\/sites\/devocional-diaria\/wp-json\/wp\/v2\/categories?post=9971"},{"taxonomy":"post_tag","embeddable":true,"href":"https:\/\/ultimato.com.br\/sites\/devocional-diaria\/wp-json\/wp\/v2\/tags?post=9971"}],"curies":[{"name":"wp","href":"https:\/\/api.w.org\/{rel}","templated":true}]}}