{"id":9967,"date":"2022-09-27T00:00:18","date_gmt":"2022-09-27T02:00:18","guid":{"rendered":"https:\/\/ultimato.com.br\/sites\/devocional-diaria\/?p=9967"},"modified":"2022-09-15T16:12:32","modified_gmt":"2022-09-15T18:12:32","slug":"liberdade-para-chorar-2","status":"publish","type":"post","link":"https:\/\/ultimato.com.br\/sites\/devocional-diaria\/2022\/09\/27\/autor\/elben-cesar\/liberdade-para-chorar-2\/","title":{"rendered":"Liberdade para chorar"},"content":{"rendered":"<p>N\u00e3o me deixes decepcionado, pois eu me refugio em ti. (Sl 25.20)<\/p>\n<p>Decepcionado com Deus? Decepcionado porque o salmista se refugiou nele e ele n\u00e3o foi capaz de guardar a sua vida da f\u00faria de seus inimigos? Deus \u00e9 t\u00e3o pequeno assim?<\/p>\n<p>Na verdade n\u00e3o \u00e9 o ser humano que se decepciona com o ser divino. O que ocorre \u00e9 exatamente o contr\u00e1rio: \u00e9 a criatura que deixa o Cria\u00addor decepcionado. V\u00e1rias vezes, muitas vezes. Basta ler o lamento de Jesus sobre Jerusal\u00e9m: \u201cQuantas vezes eu quis reunir os seus filhos, como a galinha re\u00fane os seus pintinhos debaixo das suas asas, mas voc\u00eas n\u00e3o quiseram!\u201d (Lc 13.34). Basta lembrar o desgosto de Jesus quando sentiu a falta de nove dos dez leprosos que ele havia curado: \u201cOnde est\u00e3o os outros nove? N\u00e3o se achou nenhum que voltasse e desse louvor a Deus, a n\u00e3o ser este estrangeiro?\u201d (Lc 17.17-18).<\/p>\n<p>O salmista est\u00e1 simplesmente suplicando: \u201cN\u00e3o me deixes decepcio\u00adnado\u201d, \u201cN\u00e3o te furtes de mim\u201d, \u201cN\u00e3o te ausentes neste momento dif\u00edcil\u201d, \u201cN\u00e3o permitas que eu me apavore\u201d, \u201cN\u00e3o me entregues na m\u00e3o dos meus inimigos\u201d. O vers\u00edculo a seguir o confirma: \u201cGuarda a minha vida e livra\u00ad-me!\u201d (Sl 25.20).<\/p>\n<p>Em outras vers\u00f5es podemos ler assim: \u201cQue eu n\u00e3o seja envergo\u00adnhado por abrigar-me em ti!\u201d (BJ) ou \u201cQue eu n\u00e3o fique defraudado por ter-me abrigado em ti\u201d (BP) ou \u201cLivra-me da vergonha da derrota, pois em ti encontro seguran\u00e7a\u201d (NTLH).<\/p>\n<p>Na hora do sofrimento, no pique da dor, na mais densa escurid\u00e3o, o crente precisa de liberdade para orar, chorar, clamar, gritar, p\u00f4r para fora o que est\u00e1 l\u00e1 dentro. Ele n\u00e3o precisa escolher as palavras mais adequadas, teologicamente mais corretas ou mais comedidas. O pr\u00f3prio Jesus, no Gets\u00eamani, teve o desejo passageiro de n\u00e3o beber o c\u00e1lice! (Mt 26.39)<\/p>\n<p><strong>\u00a0<\/strong><\/p>\n<p><strong>&gt;&gt; Retirado de\u00a0<\/strong><strong><em><a href=\"https:\/\/www.ultimato.com.br\/loja\/produtos\/um-ano-com-os-salmos\">Um Ano com os Salmos<\/a><\/em><\/strong><strong> [Elben C\u00e9sar]. <\/strong><strong>Editora Ultimato.<\/strong><strong>\u00a0<\/strong><\/p>\n<p>&nbsp;<\/p>\n<blockquote><p><a href=\"https:\/\/ultimato.com.br\/sites\/devocional-diaria\/files\/2022\/09\/um_ano_salmos_3d.png\"><img loading=\"lazy\" decoding=\"async\" class=\"alignright wp-image-9942\" src=\"https:\/\/ultimato.com.br\/sites\/devocional-diaria\/files\/2022\/09\/um_ano_salmos_3d.png\" alt=\"\" width=\"155\" height=\"224\" srcset=\"https:\/\/ultimato.com.br\/sites\/devocional-diaria\/files\/2022\/09\/um_ano_salmos_3d.png 350w, https:\/\/ultimato.com.br\/sites\/devocional-diaria\/files\/2022\/09\/um_ano_salmos_3d-208x300.png 208w\" sizes=\"auto, (max-width: 155px) 100vw, 155px\" \/><\/a>O livro dos Salmos \u00e9 o fio condutor desta preciosa colet\u00e2nea de leituras e medita\u00e7\u00f5es di\u00e1rias, do conhecido pastor e escritor Elben C\u00e9sar. Para o autor, n\u00e3o se l\u00ea as Escrituras apenas para tomar conhecimento da verdade. A B\u00edblia \u00e9 tamb\u00e9m alimento para fazer crescer, \u00e9 lenha para atear fogo, e combust\u00edvel para p\u00f4r em movimento os bons prop\u00f3sitos do cora\u00e7\u00e3o.<\/p>\n<p><a href=\"https:\/\/www.ultimato.com.br\/loja\/produtos\/um-ano-com-os-salmos\" target=\"_blank\" rel=\"noopener\"><strong>Um Ano com os Salmos<\/strong><\/a>\u00a0ajuda o leitor a caminhar pelas Escrituras acompanhado de palavras de consolo e desafio, em uma leitura pr\u00e1tica e rica em aplica\u00e7\u00e3o das verdades b\u00edblicas e da espiritualidade crist\u00e3 ao longo dos 365 dias do ano.<\/p>\n<p>&nbsp;<\/p><\/blockquote>\n<p>&gt;&gt; Conhe\u00e7a a playlist especial de <em>Um Ano com os Salmos<\/em>:<\/p>\n<p><iframe loading=\"lazy\" style=\"border-radius: 12px;\" src=\"https:\/\/open.spotify.com\/embed\/playlist\/4DtkrfgRd0UCwzo4DYYJlT?utm_source=generator\" width=\"100%\" height=\"380\" frameborder=\"0\" allowfullscreen=\"allowfullscreen\" data-mce-fragment=\"1\"><\/iframe><\/p>\n","protected":false},"excerpt":{"rendered":"<p>N\u00e3o me deixes decepcionado, pois eu me refugio em ti. (Sl 25.20) Decepcionado com Deus? Decepcionado porque o salmista se refugiou nele e ele n\u00e3o foi capaz de guardar a sua vida da f\u00faria de seus inimigos? Deus \u00e9 t\u00e3o pequeno assim? Na verdade n\u00e3o \u00e9 o ser humano que se decepciona com o ser [&hellip;]<\/p>\n","protected":false},"author":21,"featured_media":164,"comment_status":"open","ping_status":"open","sticky":false,"template":"","format":"standard","meta":{"ngg_post_thumbnail":0,"footnotes":""},"categories":[5478],"tags":[],"class_list":["post-9967","post","type-post","status-publish","format-standard","has-post-thumbnail","hentry","category-elben-cesar"],"publishpress_future_action":{"enabled":false,"date":"2026-05-05 00:58:33","action":"change-status","newStatus":"draft","terms":[],"taxonomy":"category","extraData":[]},"publishpress_future_workflow_manual_trigger":{"enabledWorkflows":[]},"_links":{"self":[{"href":"https:\/\/ultimato.com.br\/sites\/devocional-diaria\/wp-json\/wp\/v2\/posts\/9967","targetHints":{"allow":["GET"]}}],"collection":[{"href":"https:\/\/ultimato.com.br\/sites\/devocional-diaria\/wp-json\/wp\/v2\/posts"}],"about":[{"href":"https:\/\/ultimato.com.br\/sites\/devocional-diaria\/wp-json\/wp\/v2\/types\/post"}],"author":[{"embeddable":true,"href":"https:\/\/ultimato.com.br\/sites\/devocional-diaria\/wp-json\/wp\/v2\/users\/21"}],"replies":[{"embeddable":true,"href":"https:\/\/ultimato.com.br\/sites\/devocional-diaria\/wp-json\/wp\/v2\/comments?post=9967"}],"version-history":[{"count":1,"href":"https:\/\/ultimato.com.br\/sites\/devocional-diaria\/wp-json\/wp\/v2\/posts\/9967\/revisions"}],"predecessor-version":[{"id":9968,"href":"https:\/\/ultimato.com.br\/sites\/devocional-diaria\/wp-json\/wp\/v2\/posts\/9967\/revisions\/9968"}],"wp:featuredmedia":[{"embeddable":true,"href":"https:\/\/ultimato.com.br\/sites\/devocional-diaria\/wp-json\/wp\/v2\/media\/164"}],"wp:attachment":[{"href":"https:\/\/ultimato.com.br\/sites\/devocional-diaria\/wp-json\/wp\/v2\/media?parent=9967"}],"wp:term":[{"taxonomy":"category","embeddable":true,"href":"https:\/\/ultimato.com.br\/sites\/devocional-diaria\/wp-json\/wp\/v2\/categories?post=9967"},{"taxonomy":"post_tag","embeddable":true,"href":"https:\/\/ultimato.com.br\/sites\/devocional-diaria\/wp-json\/wp\/v2\/tags?post=9967"}],"curies":[{"name":"wp","href":"https:\/\/api.w.org\/{rel}","templated":true}]}}