{"id":9964,"date":"2022-09-26T00:00:53","date_gmt":"2022-09-26T02:00:53","guid":{"rendered":"https:\/\/ultimato.com.br\/sites\/devocional-diaria\/?p=9964"},"modified":"2022-09-15T16:09:37","modified_gmt":"2022-09-15T18:09:37","slug":"o-refugio-secreto-2","status":"publish","type":"post","link":"https:\/\/ultimato.com.br\/sites\/devocional-diaria\/2022\/09\/26\/autor\/elben-cesar\/o-refugio-secreto-2\/","title":{"rendered":"O ref\u00fagio secreto"},"content":{"rendered":"<p>Tu, \u00f3 Deus, \u00e9s o meu alto ref\u00fagio. (Sl 59.9)<\/p>\n<p>O ref\u00fagio n\u00e3o \u00e9 o por\u00e3o ou o s\u00f3t\u00e3o de uma casa, n\u00e3o \u00e9 aquele quarto sem porta e sem janela escondido atr\u00e1s de uma estante, n\u00e3o \u00e9 uma redoma de vidro inquebr\u00e1vel, n\u00e3o \u00e9 uma caverna \u00e0 beira do mar, n\u00e3o \u00e9 o cume da montanha mais alta nem o mais profundo abismo, n\u00e3o \u00e9 o abrigo subter\u00adr\u00e2neo em tempos de guerra.<\/p>\n<p>Para o salmista, o ref\u00fagio \u00e9 o Senhor: \u201c\u00d3 Deus, \u00e9s o meu alto ref\u00fagio\u201d (Sl 59.9). Chama-se de ref\u00fagio secreto porque n\u00e3o \u00e9 um lugar f\u00edsico. \u00c9 um ref\u00fagio baseado no relacionamento da cria\u00e7\u00e3o com o Criador, do vis\u00edvel com o Invis\u00edvel, do pecador com o Santo, do perdoado com o Perdoador. Um ref\u00fagio subjetivo, pessoal e intransfer\u00edvel.<\/p>\n<p>\u201cComo \u00e9 feliz o homem que nele se refugia!\u201d, exclama o salmista, para depois acrescentar: \u201cNingu\u00e9m que nele se refugia ser\u00e1 condenado\u201d (Sl 34.8, 22).<\/p>\n<p>A vida vitoriosa, sem altos e baixos em demasia, sem desvios e esc\u00e2n\u00addalos, sem legalismo e permissividade, depende do ref\u00fagio secreto. \u00c9 ali que a alma bebe da \u00e1gua viva e se alimenta do p\u00e3o do c\u00e9u, \u00e9 ali que ela se reabastece numa sequ\u00eancia perfeita depois de qualquer esfor\u00e7o e de qualquer diminui\u00e7\u00e3o, \u00e9 ali que ela aprende a n\u00e3o ter medo.<\/p>\n<p><strong>\u00a0<\/strong><\/p>\n<p><strong>&gt;&gt; Retirado de\u00a0<\/strong><strong><em><a href=\"https:\/\/www.ultimato.com.br\/loja\/produtos\/um-ano-com-os-salmos\">Um Ano com os Salmos<\/a><\/em><\/strong><strong> [Elben C\u00e9sar]. <\/strong><strong>Editora Ultimato.<\/strong><strong>\u00a0<\/strong><\/p>\n<p>&nbsp;<\/p>\n<blockquote><p><a href=\"https:\/\/ultimato.com.br\/sites\/devocional-diaria\/files\/2022\/09\/um_ano_salmos_3d.png\"><img loading=\"lazy\" decoding=\"async\" class=\"alignright wp-image-9942\" src=\"https:\/\/ultimato.com.br\/sites\/devocional-diaria\/files\/2022\/09\/um_ano_salmos_3d.png\" alt=\"\" width=\"155\" height=\"224\" srcset=\"https:\/\/ultimato.com.br\/sites\/devocional-diaria\/files\/2022\/09\/um_ano_salmos_3d.png 350w, https:\/\/ultimato.com.br\/sites\/devocional-diaria\/files\/2022\/09\/um_ano_salmos_3d-208x300.png 208w\" sizes=\"auto, (max-width: 155px) 100vw, 155px\" \/><\/a>O livro dos Salmos \u00e9 o fio condutor desta preciosa colet\u00e2nea de leituras e medita\u00e7\u00f5es di\u00e1rias, do conhecido pastor e escritor Elben C\u00e9sar. Para o autor, n\u00e3o se l\u00ea as Escrituras apenas para tomar conhecimento da verdade. A B\u00edblia \u00e9 tamb\u00e9m alimento para fazer crescer, \u00e9 lenha para atear fogo, e combust\u00edvel para p\u00f4r em movimento os bons prop\u00f3sitos do cora\u00e7\u00e3o.<\/p>\n<p><a href=\"https:\/\/www.ultimato.com.br\/loja\/produtos\/um-ano-com-os-salmos\" target=\"_blank\" rel=\"noopener\"><strong>Um Ano com os Salmos<\/strong><\/a>\u00a0ajuda o leitor a caminhar pelas Escrituras acompanhado de palavras de consolo e desafio, em uma leitura pr\u00e1tica e rica em aplica\u00e7\u00e3o das verdades b\u00edblicas e da espiritualidade crist\u00e3 ao longo dos 365 dias do ano.<\/p>\n<p>&nbsp;<\/p><\/blockquote>\n<p>&gt;&gt; Conhe\u00e7a a playlist especial de <em>Um Ano com os Salmos<\/em>:<\/p>\n<p><iframe loading=\"lazy\" style=\"border-radius: 12px;\" src=\"https:\/\/open.spotify.com\/embed\/playlist\/4DtkrfgRd0UCwzo4DYYJlT?utm_source=generator\" width=\"100%\" height=\"380\" frameborder=\"0\" allowfullscreen=\"allowfullscreen\" data-mce-fragment=\"1\"><\/iframe><\/p>\n","protected":false},"excerpt":{"rendered":"<p>Tu, \u00f3 Deus, \u00e9s o meu alto ref\u00fagio. (Sl 59.9) O ref\u00fagio n\u00e3o \u00e9 o por\u00e3o ou o s\u00f3t\u00e3o de uma casa, n\u00e3o \u00e9 aquele quarto sem porta e sem janela escondido atr\u00e1s de uma estante, n\u00e3o \u00e9 uma redoma de vidro inquebr\u00e1vel, n\u00e3o \u00e9 uma caverna \u00e0 beira do mar, n\u00e3o \u00e9 o cume [&hellip;]<\/p>\n","protected":false},"author":21,"featured_media":165,"comment_status":"open","ping_status":"open","sticky":false,"template":"","format":"standard","meta":{"ngg_post_thumbnail":0,"footnotes":""},"categories":[5478],"tags":[],"class_list":["post-9964","post","type-post","status-publish","format-standard","has-post-thumbnail","hentry","category-elben-cesar"],"publishpress_future_action":{"enabled":false,"date":"2026-05-04 23:17:38","action":"change-status","newStatus":"draft","terms":[],"taxonomy":"category","extraData":[]},"publishpress_future_workflow_manual_trigger":{"enabledWorkflows":[]},"_links":{"self":[{"href":"https:\/\/ultimato.com.br\/sites\/devocional-diaria\/wp-json\/wp\/v2\/posts\/9964","targetHints":{"allow":["GET"]}}],"collection":[{"href":"https:\/\/ultimato.com.br\/sites\/devocional-diaria\/wp-json\/wp\/v2\/posts"}],"about":[{"href":"https:\/\/ultimato.com.br\/sites\/devocional-diaria\/wp-json\/wp\/v2\/types\/post"}],"author":[{"embeddable":true,"href":"https:\/\/ultimato.com.br\/sites\/devocional-diaria\/wp-json\/wp\/v2\/users\/21"}],"replies":[{"embeddable":true,"href":"https:\/\/ultimato.com.br\/sites\/devocional-diaria\/wp-json\/wp\/v2\/comments?post=9964"}],"version-history":[{"count":2,"href":"https:\/\/ultimato.com.br\/sites\/devocional-diaria\/wp-json\/wp\/v2\/posts\/9964\/revisions"}],"predecessor-version":[{"id":9966,"href":"https:\/\/ultimato.com.br\/sites\/devocional-diaria\/wp-json\/wp\/v2\/posts\/9964\/revisions\/9966"}],"wp:featuredmedia":[{"embeddable":true,"href":"https:\/\/ultimato.com.br\/sites\/devocional-diaria\/wp-json\/wp\/v2\/media\/165"}],"wp:attachment":[{"href":"https:\/\/ultimato.com.br\/sites\/devocional-diaria\/wp-json\/wp\/v2\/media?parent=9964"}],"wp:term":[{"taxonomy":"category","embeddable":true,"href":"https:\/\/ultimato.com.br\/sites\/devocional-diaria\/wp-json\/wp\/v2\/categories?post=9964"},{"taxonomy":"post_tag","embeddable":true,"href":"https:\/\/ultimato.com.br\/sites\/devocional-diaria\/wp-json\/wp\/v2\/tags?post=9964"}],"curies":[{"name":"wp","href":"https:\/\/api.w.org\/{rel}","templated":true}]}}