{"id":9955,"date":"2022-09-22T00:00:28","date_gmt":"2022-09-22T02:00:28","guid":{"rendered":"https:\/\/ultimato.com.br\/sites\/devocional-diaria\/?p=9955"},"modified":"2022-09-15T15:40:40","modified_gmt":"2022-09-15T17:40:40","slug":"deus-sabe-de-tudo","status":"publish","type":"post","link":"https:\/\/ultimato.com.br\/sites\/devocional-diaria\/2022\/09\/22\/autor\/elben-cesar\/deus-sabe-de-tudo\/","title":{"rendered":"Deus sabe de tudo"},"content":{"rendered":"<p>Como um pai tem compaix\u00e3o de seus filhos, assim o Senhor tem compaix\u00e3o dos que o temem; pois ele sabe do que somos formados; lembra-se de que somos p\u00f3. (Sl 103.13-14)<\/p>\n<p>Mesmo sem o atributo da onisci\u00eancia, a m\u00e3e sabe do que a crian\u00e7a precisa, o m\u00e9dico sabe do que o doente precisa, o professor sabe do que o aluno precisa. Se isso acontece com pessoas, extremamente limitadas, por que n\u00e3o aconteceria com Deus, que n\u00e3o tem limite algum?<\/p>\n<p>Para obter a confian\u00e7a de suas ovelhas e eliminar qualquer d\u00favida, Paulo lhes garantiu: \u201cDeus sabe que os amo!\u201d (2Co 11.11). J\u00f3 considerava\u00ad-se descoberto aos olhos de Deus: \u201cEle sabe o meu caminho\u201d (J\u00f3 23.10). O salmista vai muito al\u00e9m e declara: \u201cSenhor, tu sabes quando me sento e quando me levanto; de longe percebes os meus pensamentos. Sabes muito bem quando trabalho e quando descanso. Antes mesmo que a palavra me chegue \u00e0 l\u00edngua, tu j\u00e1 a conheces inteiramente, Senhor\u201d (Sl 139.2-4).<\/p>\n<p>\u00c9 por essa raz\u00e3o que Jesus afirma que a verbosidade nas ora\u00e7\u00f5es \u00e9 desnecess\u00e1ria, pois o \u201cPai <em>sabe <\/em>do que voc\u00eas precisam, antes mesmo de o pedirem\u201d (Mt 6.8). A ansiedade tamb\u00e9m \u00e9 desnecess\u00e1ria porque o Pai celestial <em>sabe <\/em>que n\u00f3s precisamos das coisas b\u00e1sicas, como alimento, roupa, moradia etc. (Mt 6.32). Ele sabe de tudo e a respeito de todos.<\/p>\n<p>Uma coisa que Deus precisa saber e sabe \u00e9 a nossa origem: \u201cComo um pai tem compaix\u00e3o de seus filhos, assim o Senhor tem compaix\u00e3o dos que o temem; pois ele <em>sabe <\/em>do que somos formados; <em>lembra-se <\/em>de que somos p\u00f3\u201d (Sl 103.13-14) Deus n\u00e3o nos trata como super-homens. Somos dif\u00edceis, complicados, limitados, fr\u00e1geis, quebradi\u00e7os, t\u00edmidos, vulner\u00e1veis, complexados e assim vai.<\/p>\n<p>Se ele n\u00e3o soubesse dessa nossa enorme depend\u00eancia dele, estar\u00edamos perdidos!<\/p>\n<p><strong>\u00a0<\/strong><\/p>\n<p><strong>&gt;&gt; Retirado de\u00a0<\/strong><strong><em><a href=\"https:\/\/www.ultimato.com.br\/loja\/produtos\/um-ano-com-os-salmos\">Um Ano com os Salmos<\/a><\/em><\/strong><strong> [Elben C\u00e9sar]. <\/strong><strong>Editora Ultimato.<\/strong><strong>\u00a0<\/strong><\/p>\n<p>&nbsp;<\/p>\n<blockquote><p><a href=\"https:\/\/ultimato.com.br\/sites\/devocional-diaria\/files\/2022\/09\/um_ano_salmos_3d.png\"><img loading=\"lazy\" decoding=\"async\" class=\"alignright wp-image-9942\" src=\"https:\/\/ultimato.com.br\/sites\/devocional-diaria\/files\/2022\/09\/um_ano_salmos_3d.png\" alt=\"\" width=\"155\" height=\"224\" srcset=\"https:\/\/ultimato.com.br\/sites\/devocional-diaria\/files\/2022\/09\/um_ano_salmos_3d.png 350w, https:\/\/ultimato.com.br\/sites\/devocional-diaria\/files\/2022\/09\/um_ano_salmos_3d-208x300.png 208w\" sizes=\"auto, (max-width: 155px) 100vw, 155px\" \/><\/a>O livro dos Salmos \u00e9 o fio condutor desta preciosa colet\u00e2nea de leituras e medita\u00e7\u00f5es di\u00e1rias, do conhecido pastor e escritor Elben C\u00e9sar. Para o autor, n\u00e3o se l\u00ea as Escrituras apenas para tomar conhecimento da verdade. A B\u00edblia \u00e9 tamb\u00e9m alimento para fazer crescer, \u00e9 lenha para atear fogo, e combust\u00edvel para p\u00f4r em movimento os bons prop\u00f3sitos do cora\u00e7\u00e3o.<\/p>\n<p><a href=\"https:\/\/www.ultimato.com.br\/loja\/produtos\/um-ano-com-os-salmos\" target=\"_blank\" rel=\"noopener\"><strong>Um Ano com os Salmos<\/strong><\/a>\u00a0ajuda o leitor a caminhar pelas Escrituras acompanhado de palavras de consolo e desafio, em uma leitura pr\u00e1tica e rica em aplica\u00e7\u00e3o das verdades b\u00edblicas e da espiritualidade crist\u00e3 ao longo dos 365 dias do ano.<\/p>\n<p>&nbsp;<\/p><\/blockquote>\n<p>&gt;&gt; Conhe\u00e7a a playlist especial de <em>Um Ano com os Salmos<\/em>:<\/p>\n<p><iframe loading=\"lazy\" style=\"border-radius: 12px;\" src=\"https:\/\/open.spotify.com\/embed\/playlist\/4DtkrfgRd0UCwzo4DYYJlT?utm_source=generator\" width=\"100%\" height=\"380\" frameborder=\"0\" allowfullscreen=\"allowfullscreen\" data-mce-fragment=\"1\"><\/iframe><\/p>\n","protected":false},"excerpt":{"rendered":"<p>Como um pai tem compaix\u00e3o de seus filhos, assim o Senhor tem compaix\u00e3o dos que o temem; pois ele sabe do que somos formados; lembra-se de que somos p\u00f3. (Sl 103.13-14) Mesmo sem o atributo da onisci\u00eancia, a m\u00e3e sabe do que a crian\u00e7a precisa, o m\u00e9dico sabe do que o doente precisa, o professor [&hellip;]<\/p>\n","protected":false},"author":21,"featured_media":162,"comment_status":"open","ping_status":"open","sticky":false,"template":"","format":"standard","meta":{"ngg_post_thumbnail":0,"footnotes":""},"categories":[5478],"tags":[],"class_list":["post-9955","post","type-post","status-publish","format-standard","has-post-thumbnail","hentry","category-elben-cesar"],"publishpress_future_action":{"enabled":false,"date":"2026-05-05 02:21:07","action":"change-status","newStatus":"draft","terms":[],"taxonomy":"category","extraData":[]},"publishpress_future_workflow_manual_trigger":{"enabledWorkflows":[]},"_links":{"self":[{"href":"https:\/\/ultimato.com.br\/sites\/devocional-diaria\/wp-json\/wp\/v2\/posts\/9955","targetHints":{"allow":["GET"]}}],"collection":[{"href":"https:\/\/ultimato.com.br\/sites\/devocional-diaria\/wp-json\/wp\/v2\/posts"}],"about":[{"href":"https:\/\/ultimato.com.br\/sites\/devocional-diaria\/wp-json\/wp\/v2\/types\/post"}],"author":[{"embeddable":true,"href":"https:\/\/ultimato.com.br\/sites\/devocional-diaria\/wp-json\/wp\/v2\/users\/21"}],"replies":[{"embeddable":true,"href":"https:\/\/ultimato.com.br\/sites\/devocional-diaria\/wp-json\/wp\/v2\/comments?post=9955"}],"version-history":[{"count":1,"href":"https:\/\/ultimato.com.br\/sites\/devocional-diaria\/wp-json\/wp\/v2\/posts\/9955\/revisions"}],"predecessor-version":[{"id":9956,"href":"https:\/\/ultimato.com.br\/sites\/devocional-diaria\/wp-json\/wp\/v2\/posts\/9955\/revisions\/9956"}],"wp:featuredmedia":[{"embeddable":true,"href":"https:\/\/ultimato.com.br\/sites\/devocional-diaria\/wp-json\/wp\/v2\/media\/162"}],"wp:attachment":[{"href":"https:\/\/ultimato.com.br\/sites\/devocional-diaria\/wp-json\/wp\/v2\/media?parent=9955"}],"wp:term":[{"taxonomy":"category","embeddable":true,"href":"https:\/\/ultimato.com.br\/sites\/devocional-diaria\/wp-json\/wp\/v2\/categories?post=9955"},{"taxonomy":"post_tag","embeddable":true,"href":"https:\/\/ultimato.com.br\/sites\/devocional-diaria\/wp-json\/wp\/v2\/tags?post=9955"}],"curies":[{"name":"wp","href":"https:\/\/api.w.org\/{rel}","templated":true}]}}