{"id":9953,"date":"2022-09-21T00:00:54","date_gmt":"2022-09-21T02:00:54","guid":{"rendered":"https:\/\/ultimato.com.br\/sites\/devocional-diaria\/?p=9953"},"modified":"2022-09-15T15:39:22","modified_gmt":"2022-09-15T17:39:22","slug":"o-cuidado-de-deus-5","status":"publish","type":"post","link":"https:\/\/ultimato.com.br\/sites\/devocional-diaria\/2022\/09\/21\/autor\/elben-cesar\/o-cuidado-de-deus-5\/","title":{"rendered":"O cuidado de Deus"},"content":{"rendered":"<p>Ainda que eu passe por ang\u00fastias, tu me preservas a vida da ira dos meus inimigos. (Sl 138.7)<\/p>\n<p>Em nenhum momento, Deus promete isentar-nos da dor, do imprevisto, da ang\u00fastia nem da morte. Em nenhuma passagem das Escrituras, en\u00adcontramos fundamento para esperar uma exist\u00eancia sem sofrimento. Ao contr\u00e1rio, a Palavra de Deus nos faz saber dos percal\u00e7os da vida. O primeiro aviso foi dado ao primeiro ser humano logo ap\u00f3s a queda por\u00adque foi ela que tornou vi\u00e1vel o sofrimento: \u201cMaldita \u00e9 a terra por sua causa; com sofrimento voc\u00ea se alimentar\u00e1 dela todos os dias da sua vida\u201d (Gn 3.17). O outro solene aviso foi dado por Jesus: \u201cNeste mundo voc\u00eas ter\u00e3o afli\u00e7\u00f5es\u201d (Jo 16.33). O que Deus promete \u00e9 estar conosco em todos os momentos, principalmente nos per\u00edodos de dor.<\/p>\n<p>Certo disso, o salmista abre-se diante de Deus: \u201cAinda que eu passe por ang\u00fastias, tu me preservas a vida da ira dos meus inimigos; estendes a tua m\u00e3o direita e me livras\u201d (Sl 138.7).<\/p>\n<p>Ele j\u00e1 havia mostrado essa certeza e essa confian\u00e7a em situa\u00e7\u00f5es ainda mais dram\u00e1ticas: \u201cMesmo quando eu andar por um vale de trevas e morte, n\u00e3o temerei perigo algum, pois tu est\u00e1s comigo\u201d (Sl 23.4).<\/p>\n<p>O salmista repousa n\u00e3o na promessa jamais feita de aus\u00eancia de so\u00adfrimento, mas na promessa sempre repetida da presen\u00e7a do Senhor em meio ao sofrimento: \u201cO Senhor est\u00e1 comigo, n\u00e3o temerei\u201d (Sl 118.6).<\/p>\n<p>N\u00e3o se pode esperar o que Deus nunca promete. \u00c9 preciso tomar todo o cuidado com a interpreta\u00e7\u00e3o de suas promessas. Os dois caminhantes de Ema\u00fas esperavam a reden\u00e7\u00e3o pol\u00edtica de Israel e n\u00e3o a reden\u00e7\u00e3o da culpa do pecado (Lc 24.20-21). No que diz respeito ao sofrimento, a pro\u00admessa de Deus \u00e9 clara: \u201cNa adversidade estarei com ele; vou livr\u00e1-lo e cobri-lo de honra\u201d (Sl 91.15).<\/p>\n<p><strong>\u00a0<\/strong><\/p>\n<p><strong>&gt;&gt; Retirado de\u00a0<\/strong><strong><em><a href=\"https:\/\/www.ultimato.com.br\/loja\/produtos\/um-ano-com-os-salmos\">Um Ano com os Salmos<\/a><\/em><\/strong><strong> [Elben C\u00e9sar]. <\/strong><strong>Editora Ultimato.<\/strong><strong>\u00a0<\/strong><\/p>\n<p>&nbsp;<\/p>\n<blockquote><p><a href=\"https:\/\/ultimato.com.br\/sites\/devocional-diaria\/files\/2022\/09\/um_ano_salmos_3d.png\"><img loading=\"lazy\" decoding=\"async\" class=\"alignright wp-image-9942\" src=\"https:\/\/ultimato.com.br\/sites\/devocional-diaria\/files\/2022\/09\/um_ano_salmos_3d.png\" alt=\"\" width=\"155\" height=\"224\" srcset=\"https:\/\/ultimato.com.br\/sites\/devocional-diaria\/files\/2022\/09\/um_ano_salmos_3d.png 350w, https:\/\/ultimato.com.br\/sites\/devocional-diaria\/files\/2022\/09\/um_ano_salmos_3d-208x300.png 208w\" sizes=\"auto, (max-width: 155px) 100vw, 155px\" \/><\/a>O livro dos Salmos \u00e9 o fio condutor desta preciosa colet\u00e2nea de leituras e medita\u00e7\u00f5es di\u00e1rias, do conhecido pastor e escritor Elben C\u00e9sar. Para o autor, n\u00e3o se l\u00ea as Escrituras apenas para tomar conhecimento da verdade. A B\u00edblia \u00e9 tamb\u00e9m alimento para fazer crescer, \u00e9 lenha para atear fogo, e combust\u00edvel para p\u00f4r em movimento os bons prop\u00f3sitos do cora\u00e7\u00e3o.<\/p>\n<p><a href=\"https:\/\/www.ultimato.com.br\/loja\/produtos\/um-ano-com-os-salmos\" target=\"_blank\" rel=\"noopener\"><strong>Um Ano com os Salmos<\/strong><\/a>\u00a0ajuda o leitor a caminhar pelas Escrituras acompanhado de palavras de consolo e desafio, em uma leitura pr\u00e1tica e rica em aplica\u00e7\u00e3o das verdades b\u00edblicas e da espiritualidade crist\u00e3 ao longo dos 365 dias do ano.<\/p>\n<p>&nbsp;<\/p><\/blockquote>\n<p>&gt;&gt; Conhe\u00e7a a playlist especial de <em>Um Ano com os Salmos<\/em>:<\/p>\n<p><iframe loading=\"lazy\" style=\"border-radius: 12px;\" src=\"https:\/\/open.spotify.com\/embed\/playlist\/4DtkrfgRd0UCwzo4DYYJlT?utm_source=generator\" width=\"100%\" height=\"380\" frameborder=\"0\" allowfullscreen=\"allowfullscreen\" data-mce-fragment=\"1\"><\/iframe><\/p>\n","protected":false},"excerpt":{"rendered":"<p>Ainda que eu passe por ang\u00fastias, tu me preservas a vida da ira dos meus inimigos. (Sl 138.7) Em nenhum momento, Deus promete isentar-nos da dor, do imprevisto, da ang\u00fastia nem da morte. Em nenhuma passagem das Escrituras, en\u00adcontramos fundamento para esperar uma exist\u00eancia sem sofrimento. Ao contr\u00e1rio, a Palavra de Deus nos faz saber [&hellip;]<\/p>\n","protected":false},"author":21,"featured_media":163,"comment_status":"open","ping_status":"open","sticky":false,"template":"","format":"standard","meta":{"ngg_post_thumbnail":0,"footnotes":""},"categories":[5478],"tags":[],"class_list":["post-9953","post","type-post","status-publish","format-standard","has-post-thumbnail","hentry","category-elben-cesar"],"publishpress_future_action":{"enabled":false,"date":"2026-05-05 03:52:44","action":"change-status","newStatus":"draft","terms":[],"taxonomy":"category","extraData":[]},"publishpress_future_workflow_manual_trigger":{"enabledWorkflows":[]},"_links":{"self":[{"href":"https:\/\/ultimato.com.br\/sites\/devocional-diaria\/wp-json\/wp\/v2\/posts\/9953","targetHints":{"allow":["GET"]}}],"collection":[{"href":"https:\/\/ultimato.com.br\/sites\/devocional-diaria\/wp-json\/wp\/v2\/posts"}],"about":[{"href":"https:\/\/ultimato.com.br\/sites\/devocional-diaria\/wp-json\/wp\/v2\/types\/post"}],"author":[{"embeddable":true,"href":"https:\/\/ultimato.com.br\/sites\/devocional-diaria\/wp-json\/wp\/v2\/users\/21"}],"replies":[{"embeddable":true,"href":"https:\/\/ultimato.com.br\/sites\/devocional-diaria\/wp-json\/wp\/v2\/comments?post=9953"}],"version-history":[{"count":1,"href":"https:\/\/ultimato.com.br\/sites\/devocional-diaria\/wp-json\/wp\/v2\/posts\/9953\/revisions"}],"predecessor-version":[{"id":9954,"href":"https:\/\/ultimato.com.br\/sites\/devocional-diaria\/wp-json\/wp\/v2\/posts\/9953\/revisions\/9954"}],"wp:featuredmedia":[{"embeddable":true,"href":"https:\/\/ultimato.com.br\/sites\/devocional-diaria\/wp-json\/wp\/v2\/media\/163"}],"wp:attachment":[{"href":"https:\/\/ultimato.com.br\/sites\/devocional-diaria\/wp-json\/wp\/v2\/media?parent=9953"}],"wp:term":[{"taxonomy":"category","embeddable":true,"href":"https:\/\/ultimato.com.br\/sites\/devocional-diaria\/wp-json\/wp\/v2\/categories?post=9953"},{"taxonomy":"post_tag","embeddable":true,"href":"https:\/\/ultimato.com.br\/sites\/devocional-diaria\/wp-json\/wp\/v2\/tags?post=9953"}],"curies":[{"name":"wp","href":"https:\/\/api.w.org\/{rel}","templated":true}]}}