{"id":9950,"date":"2022-09-20T00:00:58","date_gmt":"2022-09-20T02:00:58","guid":{"rendered":"https:\/\/ultimato.com.br\/sites\/devocional-diaria\/?p=9950"},"modified":"2022-09-15T15:35:49","modified_gmt":"2022-09-15T17:35:49","slug":"caminho-plano-2","status":"publish","type":"post","link":"https:\/\/ultimato.com.br\/sites\/devocional-diaria\/2022\/09\/20\/autor\/elben-cesar\/caminho-plano-2\/","title":{"rendered":"Caminho plano"},"content":{"rendered":"<p>Aplaina o teu caminho diante de mim. (Sl 5.8)<\/p>\n<p>Jesus disse que o caminho que leva \u00e0 vida \u00e9 apertado e pouco frequentado (Mt 7.14). Portanto, eu n\u00e3o tenho o direito de alarg\u00e1-lo nem para mim nem para os outros. N\u00e3o posso pedir que ele seja menos exigente, menos rigoroso, menos perfeccionista. N\u00e3o posso pedir que ele retire algumas leis do Dec\u00e1logo e seja mais condescendente com a natureza humana.<\/p>\n<p>Mas certamente eu posso pedir o mesmo que o salmista pediu: \u201cAplaina o teu caminho diante de mim\u201d (Sl 5.8). O caminho continua sendo o caminho dele, tra\u00e7ado soberanamente por ele, n\u00e3o modificado nem adaptado por causa das minhas dificuldades pessoais. N\u00e3o quero ser desobrigado de alguma coisa. O que pe\u00e7o a Deus \u00e9 que ele torne plano o caminho, facilite a minha caminhada, remova as subidas e as descidas bruscas. Pois n\u00e3o quero abandonar o caminho dele em tempo algum. Quero que Deus me pastoreie, me alimente, me anime, me revigore, me perdoe e tenha sempre miseric\u00f3rdia de mim. Quero que meus compa\u00adnheiros de caminhada me deem a m\u00e3o para seguirmos juntos, cantando, chorando, confessando e avan\u00e7ando rumo \u00e0 Jerusal\u00e9m celestial, cada vez mais vis\u00edvel, cada vez mais pr\u00f3xima.<\/p>\n<p>No final das contas, quando eu pe\u00e7o a Deus: \u201cAplaina o teu cami\u00adnho diante de mim\u201d, estou pedindo que ele remova as montanhas imagi\u00adn\u00e1rias que eu mesmo coloco na trilha j\u00e1apertada, isto \u00e9, as dificuldades que eu invento ou que eu amplio desnecessariamente. E tamb\u00e9m as montanhas que os fariseus de ontem e de hoje colocam sem autoridade alguma para apertar ainda mais o caminho, com o prop\u00f3sito de provocar des\u00e2nimo e deser\u00e7\u00e3o.<\/p>\n<p><strong>\u00a0<\/strong><\/p>\n<p><strong>&gt;&gt; Retirado de\u00a0<\/strong><strong><em><a href=\"https:\/\/www.ultimato.com.br\/loja\/produtos\/um-ano-com-os-salmos\">Um Ano com os Salmos<\/a><\/em><\/strong><strong> [Elben C\u00e9sar]. <\/strong><strong>Editora Ultimato.<\/strong><strong>\u00a0<\/strong><\/p>\n<p>&nbsp;<\/p>\n<blockquote><p><img loading=\"lazy\" decoding=\"async\" class=\"alignright wp-image-9942\" src=\"https:\/\/ultimato.com.br\/sites\/devocional-diaria\/files\/2022\/09\/um_ano_salmos_3d.png\" alt=\"\" width=\"155\" height=\"224\" srcset=\"https:\/\/ultimato.com.br\/sites\/devocional-diaria\/files\/2022\/09\/um_ano_salmos_3d.png 350w, https:\/\/ultimato.com.br\/sites\/devocional-diaria\/files\/2022\/09\/um_ano_salmos_3d-208x300.png 208w\" sizes=\"auto, (max-width: 155px) 100vw, 155px\" \/>O livro dos Salmos \u00e9 o fio condutor desta preciosa colet\u00e2nea de leituras e medita\u00e7\u00f5es di\u00e1rias, do conhecido pastor e escritor Elben C\u00e9sar. Para o autor, n\u00e3o se l\u00ea as Escrituras apenas para tomar conhecimento da verdade. A B\u00edblia \u00e9 tamb\u00e9m alimento para fazer crescer, \u00e9 lenha para atear fogo, e combust\u00edvel para p\u00f4r em movimento os bons prop\u00f3sitos do cora\u00e7\u00e3o.<\/p>\n<p><a href=\"https:\/\/www.ultimato.com.br\/loja\/produtos\/um-ano-com-os-salmos\" target=\"_blank\" rel=\"noopener\"><strong>Um Ano com os Salmos<\/strong><\/a>\u00a0ajuda o leitor a caminhar pelas Escrituras acompanhado de palavras de consolo e desafio, em uma leitura pr\u00e1tica e rica em aplica\u00e7\u00e3o das verdades b\u00edblicas e da espiritualidade crist\u00e3 ao longo dos 365 dias do ano.<\/p>\n<p>&nbsp;<\/p><\/blockquote>\n<p>&gt;&gt; Conhe\u00e7a a playlist especial de <em>Um Ano com os Salmos<\/em>:<\/p>\n<p><iframe loading=\"lazy\" style=\"border-radius: 12px;\" src=\"https:\/\/open.spotify.com\/embed\/playlist\/4DtkrfgRd0UCwzo4DYYJlT?utm_source=generator\" width=\"100%\" height=\"380\" frameborder=\"0\" allowfullscreen=\"allowfullscreen\" data-mce-fragment=\"1\"><\/iframe><\/p>\n","protected":false},"excerpt":{"rendered":"<p>Aplaina o teu caminho diante de mim. (Sl 5.8) Jesus disse que o caminho que leva \u00e0 vida \u00e9 apertado e pouco frequentado (Mt 7.14). Portanto, eu n\u00e3o tenho o direito de alarg\u00e1-lo nem para mim nem para os outros. N\u00e3o posso pedir que ele seja menos exigente, menos rigoroso, menos perfeccionista. N\u00e3o posso pedir [&hellip;]<\/p>\n","protected":false},"author":21,"featured_media":164,"comment_status":"open","ping_status":"open","sticky":false,"template":"","format":"standard","meta":{"ngg_post_thumbnail":0,"footnotes":""},"categories":[5478],"tags":[],"class_list":["post-9950","post","type-post","status-publish","format-standard","has-post-thumbnail","hentry","category-elben-cesar"],"publishpress_future_action":{"enabled":false,"date":"2026-05-05 05:38:19","action":"change-status","newStatus":"draft","terms":[],"taxonomy":"category","extraData":[]},"publishpress_future_workflow_manual_trigger":{"enabledWorkflows":[]},"_links":{"self":[{"href":"https:\/\/ultimato.com.br\/sites\/devocional-diaria\/wp-json\/wp\/v2\/posts\/9950","targetHints":{"allow":["GET"]}}],"collection":[{"href":"https:\/\/ultimato.com.br\/sites\/devocional-diaria\/wp-json\/wp\/v2\/posts"}],"about":[{"href":"https:\/\/ultimato.com.br\/sites\/devocional-diaria\/wp-json\/wp\/v2\/types\/post"}],"author":[{"embeddable":true,"href":"https:\/\/ultimato.com.br\/sites\/devocional-diaria\/wp-json\/wp\/v2\/users\/21"}],"replies":[{"embeddable":true,"href":"https:\/\/ultimato.com.br\/sites\/devocional-diaria\/wp-json\/wp\/v2\/comments?post=9950"}],"version-history":[{"count":1,"href":"https:\/\/ultimato.com.br\/sites\/devocional-diaria\/wp-json\/wp\/v2\/posts\/9950\/revisions"}],"predecessor-version":[{"id":9952,"href":"https:\/\/ultimato.com.br\/sites\/devocional-diaria\/wp-json\/wp\/v2\/posts\/9950\/revisions\/9952"}],"wp:featuredmedia":[{"embeddable":true,"href":"https:\/\/ultimato.com.br\/sites\/devocional-diaria\/wp-json\/wp\/v2\/media\/164"}],"wp:attachment":[{"href":"https:\/\/ultimato.com.br\/sites\/devocional-diaria\/wp-json\/wp\/v2\/media?parent=9950"}],"wp:term":[{"taxonomy":"category","embeddable":true,"href":"https:\/\/ultimato.com.br\/sites\/devocional-diaria\/wp-json\/wp\/v2\/categories?post=9950"},{"taxonomy":"post_tag","embeddable":true,"href":"https:\/\/ultimato.com.br\/sites\/devocional-diaria\/wp-json\/wp\/v2\/tags?post=9950"}],"curies":[{"name":"wp","href":"https:\/\/api.w.org\/{rel}","templated":true}]}}