{"id":9941,"date":"2022-09-19T00:00:26","date_gmt":"2022-09-19T02:00:26","guid":{"rendered":"https:\/\/ultimato.com.br\/sites\/devocional-diaria\/?p=9941"},"modified":"2022-09-15T12:41:39","modified_gmt":"2022-09-15T14:41:39","slug":"de-geracao-em-geracao-3","status":"publish","type":"post","link":"https:\/\/ultimato.com.br\/sites\/devocional-diaria\/2022\/09\/19\/autor\/elben-cesar\/de-geracao-em-geracao-3\/","title":{"rendered":"De gera\u00e7\u00e3o em gera\u00e7\u00e3o"},"content":{"rendered":"<p>[Observem tudo] para que voc\u00eas falem \u00e0 pr\u00f3xima gera\u00e7\u00e3o que este Deus \u00e9 o nosso Deus para todo o sempre. (Sl 48.13-14)<\/p>\n<p>H\u00e1 muito o que falar a respeito de Deus \u00e0 pr\u00f3xima gera\u00e7\u00e3o. Basta abrir os olhos e percorrer com eles tudo o que est\u00e1 acima de n\u00f3s, diante de n\u00f3s e abaixo de n\u00f3s. \u00c9 uma imensid\u00e3o enorme, uma beleza enorme e uma riqueza enorme. Tudo \u00e9 do Senhor, tudo foi feito por ele, tudo \u00e9 sustentado por ele.<\/p>\n<p>H\u00e1 muito o que falar a respeito de Deus \u00e0 pr\u00f3xima gera\u00e7\u00e3o. Basta abrir a mem\u00f3ria e contar a hist\u00f3ria do povo eleito no Antigo Testamento e no Novo Testamento e a nossa pr\u00f3pria hist\u00f3ria. Tudo veio de Deus e tudo volta para ele. Ele \u00e9 o centro de tudo e de todos.<\/p>\n<p>H\u00e1 muito o que falar a respeito de Deus \u00e0 pr\u00f3xima gera\u00e7\u00e3o. Basta abrir o cora\u00e7\u00e3o e enumerar quantas vezes n\u00f3s pecamos e sofremos as conse\u00adqu\u00eancias, quantas vezes n\u00f3s confessamos e fomos perdoados, quantas vezes n\u00f3s choramos e nossas l\u00e1grimas foram enxugadas, quantas vezes ficamos abatidos e ele nos levantou o \u00e2nimo, quantas vezes perdemos a dire\u00e7\u00e3o e ele nos p\u00f4s outra vez no caminho.<\/p>\n<p>Carregamos uma grande e preciosa bagagem, em parte recebida da gera\u00e7\u00e3o anterior, em parte adquirida por n\u00f3s mesmos no correr dos anos. Precisamos repassar todo esse patrim\u00f4nio para a gera\u00e7\u00e3o seguinte. N\u00e3o come\u00e7amos do zero e os nossos filhos precisam receber uma heran\u00e7a maior do que a nossa. Precisamos perpetuar a lembran\u00e7a de Deus por todas as gera\u00e7\u00f5es (Sl 45.17) \u2013 para a gera\u00e7\u00e3o seguinte (nossos filhos), para a segunda gera\u00e7\u00e3o (nossos netos), para a terceira gera\u00e7\u00e3o (nossos bisnetos) e assim por diante (Sl 78.5-6).<\/p>\n<p><strong>&gt;&gt; Retirado de\u00a0<a href=\"https:\/\/www.ultimato.com.br\/loja\/produtos\/um-ano-com-os-salmos\" target=\"_blank\" rel=\"noopener\"><em>Um Ano com os Salmos<\/em><\/a> [Elben C\u00e9sar]. Editora Ultimato.<\/strong><strong>\u00a0<\/strong><\/p>\n<p>&nbsp;<\/p>\n<p><a href=\"https:\/\/ultimato.com.br\/sites\/devocional-diaria\/files\/2022\/09\/um_ano_salmos_3d.png\"><img loading=\"lazy\" decoding=\"async\" class=\"wp-image-9942 alignright\" src=\"https:\/\/ultimato.com.br\/sites\/devocional-diaria\/files\/2022\/09\/um_ano_salmos_3d.png\" alt=\"\" width=\"155\" height=\"224\" srcset=\"https:\/\/ultimato.com.br\/sites\/devocional-diaria\/files\/2022\/09\/um_ano_salmos_3d.png 350w, https:\/\/ultimato.com.br\/sites\/devocional-diaria\/files\/2022\/09\/um_ano_salmos_3d-208x300.png 208w\" sizes=\"auto, (max-width: 155px) 100vw, 155px\" \/><\/a><\/p>\n<blockquote><p>O livro dos Salmos \u00e9 o fio condutor desta preciosa colet\u00e2nea de leituras e medita\u00e7\u00f5es di\u00e1rias, do conhecido pastor e escritor Elben C\u00e9sar. Para o autor, n\u00e3o se l\u00ea as Escrituras apenas para tomar conhecimento da verdade. A B\u00edblia \u00e9 tamb\u00e9m alimento para fazer crescer, \u00e9 lenha para atear fogo, e combust\u00edvel para p\u00f4r em movimento os bons prop\u00f3sitos do cora\u00e7\u00e3o.<\/p>\n<p><a href=\"https:\/\/www.ultimato.com.br\/loja\/produtos\/um-ano-com-os-salmos\" target=\"_blank\" rel=\"noopener\"><strong>Um Ano com os Salmos<\/strong><\/a>\u00a0ajuda o leitor a caminhar pelas Escrituras acompanhado de palavras de consolo e desafio, em uma leitura pr\u00e1tica e rica em aplica\u00e7\u00e3o das verdades b\u00edblicas e da espiritualidade crist\u00e3 ao longo dos 365 dias do ano.<\/p>\n<p>&nbsp;<\/p><\/blockquote>\n<p>&gt;&gt; Conhe\u00e7a a playlist especial de <em>Um Ano com os Salmos<\/em>:<\/p>\n<p><iframe loading=\"lazy\" style=\"border-radius: 12px;\" src=\"https:\/\/open.spotify.com\/embed\/playlist\/4DtkrfgRd0UCwzo4DYYJlT?utm_source=generator\" width=\"100%\" height=\"380\" frameborder=\"0\" allowfullscreen=\"allowfullscreen\"><\/iframe><\/p>\n","protected":false},"excerpt":{"rendered":"<p>[Observem tudo] para que voc\u00eas falem \u00e0 pr\u00f3xima gera\u00e7\u00e3o que este Deus \u00e9 o nosso Deus para todo o sempre. (Sl 48.13-14) H\u00e1 muito o que falar a respeito de Deus \u00e0 pr\u00f3xima gera\u00e7\u00e3o. Basta abrir os olhos e percorrer com eles tudo o que est\u00e1 acima de n\u00f3s, diante de n\u00f3s e abaixo de [&hellip;]<\/p>\n","protected":false},"author":21,"featured_media":165,"comment_status":"open","ping_status":"open","sticky":false,"template":"","format":"standard","meta":{"ngg_post_thumbnail":0,"footnotes":""},"categories":[5478],"tags":[],"class_list":["post-9941","post","type-post","status-publish","format-standard","has-post-thumbnail","hentry","category-elben-cesar"],"publishpress_future_action":{"enabled":false,"date":"2026-05-06 18:16:55","action":"change-status","newStatus":"draft","terms":[],"taxonomy":"category","extraData":[]},"publishpress_future_workflow_manual_trigger":{"enabledWorkflows":[]},"_links":{"self":[{"href":"https:\/\/ultimato.com.br\/sites\/devocional-diaria\/wp-json\/wp\/v2\/posts\/9941","targetHints":{"allow":["GET"]}}],"collection":[{"href":"https:\/\/ultimato.com.br\/sites\/devocional-diaria\/wp-json\/wp\/v2\/posts"}],"about":[{"href":"https:\/\/ultimato.com.br\/sites\/devocional-diaria\/wp-json\/wp\/v2\/types\/post"}],"author":[{"embeddable":true,"href":"https:\/\/ultimato.com.br\/sites\/devocional-diaria\/wp-json\/wp\/v2\/users\/21"}],"replies":[{"embeddable":true,"href":"https:\/\/ultimato.com.br\/sites\/devocional-diaria\/wp-json\/wp\/v2\/comments?post=9941"}],"version-history":[{"count":4,"href":"https:\/\/ultimato.com.br\/sites\/devocional-diaria\/wp-json\/wp\/v2\/posts\/9941\/revisions"}],"predecessor-version":[{"id":9951,"href":"https:\/\/ultimato.com.br\/sites\/devocional-diaria\/wp-json\/wp\/v2\/posts\/9941\/revisions\/9951"}],"wp:featuredmedia":[{"embeddable":true,"href":"https:\/\/ultimato.com.br\/sites\/devocional-diaria\/wp-json\/wp\/v2\/media\/165"}],"wp:attachment":[{"href":"https:\/\/ultimato.com.br\/sites\/devocional-diaria\/wp-json\/wp\/v2\/media?parent=9941"}],"wp:term":[{"taxonomy":"category","embeddable":true,"href":"https:\/\/ultimato.com.br\/sites\/devocional-diaria\/wp-json\/wp\/v2\/categories?post=9941"},{"taxonomy":"post_tag","embeddable":true,"href":"https:\/\/ultimato.com.br\/sites\/devocional-diaria\/wp-json\/wp\/v2\/tags?post=9941"}],"curies":[{"name":"wp","href":"https:\/\/api.w.org\/{rel}","templated":true}]}}