{"id":9938,"date":"2022-09-16T00:00:50","date_gmt":"2022-09-16T02:00:50","guid":{"rendered":"https:\/\/ultimato.com.br\/sites\/devocional-diaria\/?p=9938"},"modified":"2022-09-08T10:09:15","modified_gmt":"2022-09-08T12:09:15","slug":"aproximacao-possivel","status":"publish","type":"post","link":"https:\/\/ultimato.com.br\/sites\/devocional-diaria\/2022\/09\/16\/autor\/elben-cesar\/aproximacao-possivel\/","title":{"rendered":"Aproxima\u00e7\u00e3o poss\u00edvel"},"content":{"rendered":"<p>Todo o povo procurava toc\u00e1-lo, porque sa\u00eda dele uma virtude que os curava\u00a0a todos. (Lc 6.19)<\/p>\n<p>Alguns dias antes de ser crucificado, Jesus disse solenemente: \u201cE eu,\u00a0quando for levantado da terra, atrairei todos a mim mesmo\u201d (Jo 12.32).<\/p>\n<p>Todavia, mesmo antes de ser erguido na cruz, Jesus j\u00e1 atra\u00eda muita gente a\u00a0si mesmo. A lista dos que se <em>aproximavam <\/em>dele \u00e9 enorme. Nela voc\u00ea encontra\u00a0o homem coberto de lepra (Mt 8.2), os dois homens desprovidos de vis\u00e3o\u00a0(Mt 9.28), o pai do rapaz dramaticamente possesso (Mt 17.14), o jovem rico\u00a0preocupado com a vida eterna (Mt 19.16) e o pai da menina de doze anos\u00a0que estava \u00e0 morte (Mt 9.18).<\/p>\n<p>Esta aproxima\u00e7\u00e3o \u00e9 poss\u00edvel ainda hoje, n\u00e3o no aspecto f\u00edsico como nos\u00a0dias de sua carne, mas no aspecto espiritual. Veja esta palavra de encorajamento:\u00a0\u201c<em>Aproximemo<\/em>&#8211;<em>nos <\/em>com seguran\u00e7a do trono da gra\u00e7a para conseguirmos\u00a0miseric\u00f3rdia e alcan\u00e7armos gra\u00e7a, como ajuda oportuna\u201d (Hb 4.16). Em\u00a0outras vers\u00f5es voc\u00ea encontra express\u00f5es sin\u00f4nimas, como \u201c<em>cheguemos <\/em>perto\u201d,\u00a0\u201c<em>adiantemo<\/em>-nos com toda seguran\u00e7a\u201d, \u201c<em>vamos <\/em>ousadamente\u201d e \u201c<em>acheguemo<\/em>-nos confiadamente\u201d.<\/p>\n<p>Aproxime-se pela f\u00e9 de Jesus Cristo. A aproxima\u00e7\u00e3o n\u00e3o \u00e9 t\u00e3o dif\u00edcil como\u00a0voc\u00ea pensa. O pr\u00f3prio Deus facilita e promove este encontro, como se l\u00ea\u00a0nesta passagem: \u201cF\u00e1-lo-ei aproximar, e ele se chegar\u00e1 a mim; pois quem de si\u00a0mesmo ousaria aproximar-se de mim?\u201d (Jr 30.21). Em Jesus voc\u00ea pode confiar.<strong>\u00a0<\/strong><\/p>\n<p><strong>\u00a0<\/strong><\/p>\n<p><strong>&gt;&gt; Retirado de\u00a0<em><a href=\"https:\/\/www.ultimato.com.br\/loja\/produtos\/refeicoes-diarias\">Refei\u00e7\u00f5es Di\u00e1rias \u2013 no partir do p\u00e3o e na ora\u00e7\u00e3o<\/a><\/em> [Elben C\u00e9sar]. Editora Ultimato.<\/strong><strong>\u00a0<\/strong><\/p>\n<p>Ou\u00e7a as nossas devocionais pelo <a href=\"https:\/\/open.spotify.com\/show\/7CG8DL9dgWZEgPzX3rnk51?si=1dbGejI2TQS16eamNjb2rA\">Spotify<\/a>!<\/p>\n","protected":false},"excerpt":{"rendered":"<p>Todo o povo procurava toc\u00e1-lo, porque sa\u00eda dele uma virtude que os curava\u00a0a todos. (Lc 6.19) Alguns dias antes de ser crucificado, Jesus disse solenemente: \u201cE eu,\u00a0quando for levantado da terra, atrairei todos a mim mesmo\u201d (Jo 12.32). Todavia, mesmo antes de ser erguido na cruz, Jesus j\u00e1 atra\u00eda muita gente a\u00a0si mesmo. A lista [&hellip;]<\/p>\n","protected":false},"author":21,"featured_media":161,"comment_status":"open","ping_status":"open","sticky":false,"template":"","format":"standard","meta":{"ngg_post_thumbnail":0,"footnotes":""},"categories":[5478],"tags":[],"class_list":["post-9938","post","type-post","status-publish","format-standard","has-post-thumbnail","hentry","category-elben-cesar"],"publishpress_future_action":{"enabled":false,"date":"2026-05-06 18:09:31","action":"change-status","newStatus":"draft","terms":[],"taxonomy":"category","extraData":[]},"publishpress_future_workflow_manual_trigger":{"enabledWorkflows":[]},"_links":{"self":[{"href":"https:\/\/ultimato.com.br\/sites\/devocional-diaria\/wp-json\/wp\/v2\/posts\/9938","targetHints":{"allow":["GET"]}}],"collection":[{"href":"https:\/\/ultimato.com.br\/sites\/devocional-diaria\/wp-json\/wp\/v2\/posts"}],"about":[{"href":"https:\/\/ultimato.com.br\/sites\/devocional-diaria\/wp-json\/wp\/v2\/types\/post"}],"author":[{"embeddable":true,"href":"https:\/\/ultimato.com.br\/sites\/devocional-diaria\/wp-json\/wp\/v2\/users\/21"}],"replies":[{"embeddable":true,"href":"https:\/\/ultimato.com.br\/sites\/devocional-diaria\/wp-json\/wp\/v2\/comments?post=9938"}],"version-history":[{"count":1,"href":"https:\/\/ultimato.com.br\/sites\/devocional-diaria\/wp-json\/wp\/v2\/posts\/9938\/revisions"}],"predecessor-version":[{"id":9939,"href":"https:\/\/ultimato.com.br\/sites\/devocional-diaria\/wp-json\/wp\/v2\/posts\/9938\/revisions\/9939"}],"wp:featuredmedia":[{"embeddable":true,"href":"https:\/\/ultimato.com.br\/sites\/devocional-diaria\/wp-json\/wp\/v2\/media\/161"}],"wp:attachment":[{"href":"https:\/\/ultimato.com.br\/sites\/devocional-diaria\/wp-json\/wp\/v2\/media?parent=9938"}],"wp:term":[{"taxonomy":"category","embeddable":true,"href":"https:\/\/ultimato.com.br\/sites\/devocional-diaria\/wp-json\/wp\/v2\/categories?post=9938"},{"taxonomy":"post_tag","embeddable":true,"href":"https:\/\/ultimato.com.br\/sites\/devocional-diaria\/wp-json\/wp\/v2\/tags?post=9938"}],"curies":[{"name":"wp","href":"https:\/\/api.w.org\/{rel}","templated":true}]}}