{"id":9934,"date":"2022-09-14T00:00:26","date_gmt":"2022-09-14T02:00:26","guid":{"rendered":"https:\/\/ultimato.com.br\/sites\/devocional-diaria\/?p=9934"},"modified":"2022-09-08T09:57:28","modified_gmt":"2022-09-08T11:57:28","slug":"salvacao-aberta-2","status":"publish","type":"post","link":"https:\/\/ultimato.com.br\/sites\/devocional-diaria\/2022\/09\/14\/autor\/elben-cesar\/salvacao-aberta-2\/","title":{"rendered":"Salva\u00e7\u00e3o aberta"},"content":{"rendered":"<p>Havia muitos leprosos em Israel no tempo do profeta Eliseu, mas nenhum deles foi curado. S\u00f3 Naam\u00e3, o s\u00edrio, foi curado. (Lucas 4.27, NTLH)<\/p>\n<p>No p\u00falpito da sinagoga de Nazar\u00e9, Jesus se sai t\u00e3o bem que \u00e9 elogiado por \u201csua maneira agrad\u00e1vel e simp\u00e1tica de falar\u201d (Lc 4.22, NTLH). \u00c9 o serm\u00e3o mais pessoal de Jesus e um dos mais cheios de cita\u00e7\u00f5es b\u00edblicas (Is 61.1-2; 1Rs 17.1-16 e 2Rs 5.1-14).<\/p>\n<p>Momentos depois, por\u00e9m, h\u00e1 uma mudan\u00e7a brusca no audit\u00f3rio. O servi\u00e7o religioso daquele s\u00e1bado termina em tumulto: enraivecidos, os presentes se levantam e arrastam o jovem pregador de 30 anos para fora da cidade, com a s\u00e9ria inten\u00e7\u00e3o de atir\u00e1-lo precip\u00edcio abaixo (Lc 4.28-30).<\/p>\n<p>O que provoca essa transi\u00e7\u00e3o do apoio \u00e0 oposi\u00e7\u00e3o, da admira\u00e7\u00e3o ao \u00f3dio, da tranquilidade ao tumulto, \u00e9 a lembran\u00e7a que Jesus traz do socorro de Deus dado aos n\u00e3o-judeus, como a vi\u00fava de Sarepta e o leproso Naam\u00e3, o s\u00edrio (Lc 4.24-27). Na hermen\u00eautica dos judeus de Nazar\u00e9 e de todos os outros, Elias deveria socorrer apenas as vi\u00favas de Israel e Eliseu deveria curar apenas os leprosos de Israel. Por\u00e9m, na hermen\u00eautica de Jesus, Deus ama o mundo \u2014 n\u00e3o apenas a na\u00e7\u00e3o eleita.<\/p>\n<p>\u2014 Ainda bem que Jesus ama tanto os judeus quanto os n\u00e3o judeus, como eu!<strong>\u00a0<\/strong><\/p>\n<p><strong>\u00a0<\/strong><\/p>\n<p><strong>&gt;&gt; Retirado de\u00a0<em><a href=\"https:\/\/www.ultimato.com.br\/loja\/produtos\/refeicoes-diarias-com-jesus\">Refei\u00e7\u00f5es Di\u00e1rias com Jesus<\/a><\/em> [Elben C\u00e9sar]. Editora Ultimato.<\/strong><\/p>\n<p>Ou\u00e7a as nossas devocionais pelo <a href=\"https:\/\/open.spotify.com\/show\/7CG8DL9dgWZEgPzX3rnk51?si=1dbGejI2TQS16eamNjb2rA\">Spotify<\/a>!<\/p>\n","protected":false},"excerpt":{"rendered":"<p>Havia muitos leprosos em Israel no tempo do profeta Eliseu, mas nenhum deles foi curado. S\u00f3 Naam\u00e3, o s\u00edrio, foi curado. (Lucas 4.27, NTLH) No p\u00falpito da sinagoga de Nazar\u00e9, Jesus se sai t\u00e3o bem que \u00e9 elogiado por \u201csua maneira agrad\u00e1vel e simp\u00e1tica de falar\u201d (Lc 4.22, NTLH). \u00c9 o serm\u00e3o mais pessoal de [&hellip;]<\/p>\n","protected":false},"author":21,"featured_media":163,"comment_status":"open","ping_status":"open","sticky":false,"template":"","format":"standard","meta":{"ngg_post_thumbnail":0,"footnotes":""},"categories":[5478],"tags":[],"class_list":["post-9934","post","type-post","status-publish","format-standard","has-post-thumbnail","hentry","category-elben-cesar"],"publishpress_future_action":{"enabled":false,"date":"2026-05-06 19:21:20","action":"change-status","newStatus":"draft","terms":[],"taxonomy":"category","extraData":[]},"publishpress_future_workflow_manual_trigger":{"enabledWorkflows":[]},"_links":{"self":[{"href":"https:\/\/ultimato.com.br\/sites\/devocional-diaria\/wp-json\/wp\/v2\/posts\/9934","targetHints":{"allow":["GET"]}}],"collection":[{"href":"https:\/\/ultimato.com.br\/sites\/devocional-diaria\/wp-json\/wp\/v2\/posts"}],"about":[{"href":"https:\/\/ultimato.com.br\/sites\/devocional-diaria\/wp-json\/wp\/v2\/types\/post"}],"author":[{"embeddable":true,"href":"https:\/\/ultimato.com.br\/sites\/devocional-diaria\/wp-json\/wp\/v2\/users\/21"}],"replies":[{"embeddable":true,"href":"https:\/\/ultimato.com.br\/sites\/devocional-diaria\/wp-json\/wp\/v2\/comments?post=9934"}],"version-history":[{"count":1,"href":"https:\/\/ultimato.com.br\/sites\/devocional-diaria\/wp-json\/wp\/v2\/posts\/9934\/revisions"}],"predecessor-version":[{"id":9935,"href":"https:\/\/ultimato.com.br\/sites\/devocional-diaria\/wp-json\/wp\/v2\/posts\/9934\/revisions\/9935"}],"wp:featuredmedia":[{"embeddable":true,"href":"https:\/\/ultimato.com.br\/sites\/devocional-diaria\/wp-json\/wp\/v2\/media\/163"}],"wp:attachment":[{"href":"https:\/\/ultimato.com.br\/sites\/devocional-diaria\/wp-json\/wp\/v2\/media?parent=9934"}],"wp:term":[{"taxonomy":"category","embeddable":true,"href":"https:\/\/ultimato.com.br\/sites\/devocional-diaria\/wp-json\/wp\/v2\/categories?post=9934"},{"taxonomy":"post_tag","embeddable":true,"href":"https:\/\/ultimato.com.br\/sites\/devocional-diaria\/wp-json\/wp\/v2\/tags?post=9934"}],"curies":[{"name":"wp","href":"https:\/\/api.w.org\/{rel}","templated":true}]}}