{"id":9929,"date":"2022-09-12T00:00:53","date_gmt":"2022-09-12T02:00:53","guid":{"rendered":"https:\/\/ultimato.com.br\/sites\/devocional-diaria\/?p=9929"},"modified":"2022-09-08T09:48:50","modified_gmt":"2022-09-08T11:48:50","slug":"maduros-e-corretos-2","status":"publish","type":"post","link":"https:\/\/ultimato.com.br\/sites\/devocional-diaria\/2022\/09\/12\/autor\/elben-cesar\/maduros-e-corretos-2\/","title":{"rendered":"Maduros e corretos"},"content":{"rendered":"<p>Que essa perseveran\u00e7a seja perfeita a fim de que voc\u00eas sejam maduros e corretos,\u00a0n\u00e3o falhando em nada. (Tg 1.4)<\/p>\n<p>Embora isso seja dif\u00edcil, o crente deve continuamente buscar ter uma\u00a0conduta irrepreens\u00edvel. A multissecular exorta\u00e7\u00e3o de Deus \u201csejam santos porque\u00a0eu sou santo\u201d nunca foi revogada (Lv 11.44; 1Pe 1.16). \u00c9 um alvo que\u00a0o crente purificado pela afli\u00e7\u00e3o deve perseguir. A perseveran\u00e7a nos caminhos\u00a0do Senhor deve ser buscada de tal modo a provocar amadurecimento e pleno\u00a0desenvolvimento do car\u00e1ter.<\/p>\n<p>Tiago \u00e9 ambicioso e diz que o fim desse processo cont\u00ednuo tem de nos\u00a0tornar maduros e \u00edntegros, completos e aut\u00eanticos, perfeitos e irrepreens\u00edveis.\u00a0Esse est\u00e1gio de santidade \u00e9 t\u00e3o alto que n\u00e3o pode permitir nenhuma falha,\u00a0fraqueza, defici\u00eancia, falta.<\/p>\n<p>Para chegar ao padr\u00e3o exigido, o crist\u00e3o precisa contrariar a carne, dizer\u00a0n\u00e3o a qualquer desejo que proceda dela. A explica\u00e7\u00e3o \u201cSe algu\u00e9m quer ser meu\u00a0seguidor, esque\u00e7a os seus pr\u00f3prios interesses, esteja pronto para morrer como\u00a0eu vou morrer e me acompanhe\u201d, dada sem rodeios por Jesus Cristo, aparece\u00a0nos tr\u00eas primeiros Evangelhos (Mt 16.24, Mc 8.34 e Lc 9.23). A carne n\u00e3o \u00e9\u00a0o \u00fanico obst\u00e1culo para a obten\u00e7\u00e3o dessa gra\u00e7a. A filosofia de vida dominante\u00a0e as potestades do ar est\u00e3o associadas com a carne e a carne est\u00e1 associada a\u00a0elas. Trata-se de um compl\u00f4 contra a alma, contra Jesus, contra o Esp\u00edrito e\u00a0contra Deus. Essa hostilidade come\u00e7ou com a Queda, mas n\u00e3o vai durar para\u00a0sempre. Na plenitude da salva\u00e7\u00e3o, o crente n\u00e3o precisar\u00e1 mais negar-se a si\u00a0mesmo, porque todas as suas vontades ser\u00e3o santas e para a gl\u00f3ria de Deus.<\/p>\n<p>Sem contrariar a carne \u00e9 imposs\u00edvel agradar a Deus!<strong>\u00a0<\/strong><\/p>\n<p><strong>\u00a0<\/strong><\/p>\n<p><strong>&gt;&gt; Retirado de\u00a0<em><a href=\"https:\/\/www.ultimato.com.br\/loja\/produtos\/refeicoes-diarias-com-os-discipulos\">Refei\u00e7\u00f5es Di\u00e1rias com os Disc\u00edpulos<\/a><\/em> [Elben C\u00e9sar]. Editora Ultimato.<\/strong><strong>\u00a0<\/strong><\/p>\n<p>Ou\u00e7a as nossas devocionais pelo <a href=\"https:\/\/open.spotify.com\/show\/7CG8DL9dgWZEgPzX3rnk51?si=1dbGejI2TQS16eamNjb2rA\">Spotify<\/a>!<\/p>\n","protected":false},"excerpt":{"rendered":"<p>Que essa perseveran\u00e7a seja perfeita a fim de que voc\u00eas sejam maduros e corretos,\u00a0n\u00e3o falhando em nada. (Tg 1.4) Embora isso seja dif\u00edcil, o crente deve continuamente buscar ter uma\u00a0conduta irrepreens\u00edvel. A multissecular exorta\u00e7\u00e3o de Deus \u201csejam santos porque\u00a0eu sou santo\u201d nunca foi revogada (Lv 11.44; 1Pe 1.16). \u00c9 um alvo que\u00a0o crente purificado pela [&hellip;]<\/p>\n","protected":false},"author":21,"featured_media":165,"comment_status":"open","ping_status":"open","sticky":false,"template":"","format":"standard","meta":{"ngg_post_thumbnail":0,"footnotes":""},"categories":[5478],"tags":[],"class_list":["post-9929","post","type-post","status-publish","format-standard","has-post-thumbnail","hentry","category-elben-cesar"],"publishpress_future_action":{"enabled":false,"date":"2026-05-04 23:18:50","action":"change-status","newStatus":"draft","terms":[],"taxonomy":"category","extraData":[]},"publishpress_future_workflow_manual_trigger":{"enabledWorkflows":[]},"_links":{"self":[{"href":"https:\/\/ultimato.com.br\/sites\/devocional-diaria\/wp-json\/wp\/v2\/posts\/9929","targetHints":{"allow":["GET"]}}],"collection":[{"href":"https:\/\/ultimato.com.br\/sites\/devocional-diaria\/wp-json\/wp\/v2\/posts"}],"about":[{"href":"https:\/\/ultimato.com.br\/sites\/devocional-diaria\/wp-json\/wp\/v2\/types\/post"}],"author":[{"embeddable":true,"href":"https:\/\/ultimato.com.br\/sites\/devocional-diaria\/wp-json\/wp\/v2\/users\/21"}],"replies":[{"embeddable":true,"href":"https:\/\/ultimato.com.br\/sites\/devocional-diaria\/wp-json\/wp\/v2\/comments?post=9929"}],"version-history":[{"count":1,"href":"https:\/\/ultimato.com.br\/sites\/devocional-diaria\/wp-json\/wp\/v2\/posts\/9929\/revisions"}],"predecessor-version":[{"id":9930,"href":"https:\/\/ultimato.com.br\/sites\/devocional-diaria\/wp-json\/wp\/v2\/posts\/9929\/revisions\/9930"}],"wp:featuredmedia":[{"embeddable":true,"href":"https:\/\/ultimato.com.br\/sites\/devocional-diaria\/wp-json\/wp\/v2\/media\/165"}],"wp:attachment":[{"href":"https:\/\/ultimato.com.br\/sites\/devocional-diaria\/wp-json\/wp\/v2\/media?parent=9929"}],"wp:term":[{"taxonomy":"category","embeddable":true,"href":"https:\/\/ultimato.com.br\/sites\/devocional-diaria\/wp-json\/wp\/v2\/categories?post=9929"},{"taxonomy":"post_tag","embeddable":true,"href":"https:\/\/ultimato.com.br\/sites\/devocional-diaria\/wp-json\/wp\/v2\/tags?post=9929"}],"curies":[{"name":"wp","href":"https:\/\/api.w.org\/{rel}","templated":true}]}}