{"id":9927,"date":"2022-09-11T00:00:48","date_gmt":"2022-09-11T02:00:48","guid":{"rendered":"https:\/\/ultimato.com.br\/sites\/devocional-diaria\/?p=9927"},"modified":"2022-09-08T09:46:30","modified_gmt":"2022-09-08T11:46:30","slug":"como-nunca-se-cansar-2","status":"publish","type":"post","link":"https:\/\/ultimato.com.br\/sites\/devocional-diaria\/2022\/09\/11\/autor\/stanley-jones\/como-nunca-se-cansar-2\/","title":{"rendered":"Como nunca se cansar"},"content":{"rendered":"<p>Mateus 11.28-30; 2 Cor\u00edntios 4.7-11<\/p>\n<p>Temos considerado o fato de que o Caminho \u00e9 o caminho para encarar \u201cqualquer\u00a0coisa\u201d. Essa \u201cqualquer coisa\u201d inclui o cansa\u00e7o f\u00edsico e o mental? O Caminho \u00e9 o\u00a0caminho para nunca se cansar?<\/p>\n<p>\u00c9 interessante e importante perceber que muitas pessoas n\u00e3o associam sua religi\u00e3o\u00a0ao corpo e \u00e0 mente. Sua religi\u00e3o n\u00e3o transmite aos nervos o poder renovador\u00a0de Deus. Essas pessoas esperam descansar no c\u00e9u, mas aqui precisam suportar o\u00a0cansa\u00e7o e a exaust\u00e3o. \u201cVenham a mim [&#8230;] e eu lhes darei descanso\u201d (Mt 11.28) \u00e9\u00a0interpretado apenas como descanso espiritual. Sua f\u00e9 \u00e9 compartimentada e entulhada.\u00a0Ela deveria contribuir para a vida como um todo de um modo total; em vez\u00a0disso, contribui para parte da vida de maneira parcial. \u201cO corpo [&#8230;] [\u00e9] para o\u00a0Senhor, e o Senhor para o corpo\u201d (1Co 6.13). O Senhor e o corpo t\u00eam afinidades?\u00a0Um corpo inadequado est\u00e1 fora de sintonia com o Senhor?<\/p>\n<p>\u201cComo nunca se cansar\u201d, claro, precisa de defini\u00e7\u00e3o. H\u00e1 um cansa\u00e7o saud\u00e1vel e\u00a0bom que resulta de um esfor\u00e7o f\u00edsico intenso. \u201cJesus, cansado da viagem, sentou-se\u00a0\u00e0 beira do po\u00e7o\u201d (Jo 4.6). H\u00e1 o cansa\u00e7o que vem da doen\u00e7a f\u00edsica. H\u00e1 o cansa\u00e7o\u00a0que vem da velhice. Al\u00e9m desses tr\u00eas casos, \u00e9 poss\u00edvel nunca se cansar.<\/p>\n<p>Em rela\u00e7\u00e3o ao primeiro caso \u2013 o cansa\u00e7o f\u00edsico por causa do trabalho f\u00edsico\u00a0intenso \u2013, ele pode ser remediado e equilibrado rapidamente. Marie Beynon Ray\u00a0diz: \u201cEsse tipo de fadiga n\u00e3o pode se acumular. N\u00e3o pode haver d\u00edvida de fadiga.\u00a0A energia perdida durante o dia \u00e9 compensada por uma noite de sono. N\u00e3o pode\u00a0ser levada para a pr\u00f3xima semana ou para o dia seguinte, n\u00e3o com alimenta\u00e7\u00e3o e\u00a0descanso adequados. Um homem pode at\u00e9 morrer por excesso de trabalho f\u00edsico,\u00a0mas, se morrer, estar\u00e1 ali, no trabalho, com o martelo levantado para o pr\u00f3ximo\u00a0golpe\u201d.* Descobri, por experi\u00eancia pr\u00f3pria, que posso ir para a cama depois de\u00a0ter ministrado de tr\u00eas a cinco palestras por dia e acordar no dia seguinte revigorado\u00a0e disposto. E posso fazer isso por anos. Uma boa noite de descanso equilibra\u00a0o organismo e elimina as toxinas da fadiga. Dez minutos de exerc\u00edcios vigorosos\u00a0antes de dormir me relaxam e fazem o sangue fluir pelo meu corpo. Normalmente\u00a0durmo de uma vez e acordo descansado. Aprendi a deixar Deus participar dos\u00a0processos do meu corpo.<\/p>\n<p><em>\u00d3 Cristo, agrade\u00e7o-te por tua energia ilimitada. As pessoas aglomeravam-se ao teu redor\u00a0dia e noite e, ainda assim, n\u00e3o te esgotavam. D\u00e1-me o teu segredo; ajuda-me a aproveitar\u00a0os recursos que usaste. Am\u00e9m.\u00a0<\/em><\/p>\n<p>Afirma\u00e7\u00e3o do dia: \u201c[\u00c9 ele] que enche de bens a sua exist\u00eancia, de modo que a\u00a0sua juventude se renova como a \u00e1guia\u201d (Sl 103.5).<\/p>\n<p>* RAY, Marie Beynon. <em>How never to be tired. <\/em>Indian\u00e1polis; NY: Bobbs-Merrill Co., 1944.<\/p>\n<p>&nbsp;<\/p>\n<p><strong>&gt;&gt; Retirado de\u00a0<em><a href=\"https:\/\/www.ultimato.com.br\/loja\/produtos\/o-caminho\">O Caminho<\/a><\/em> [Stanley Jones]. Editora Ultimato.<\/strong><\/p>\n<p>Ou\u00e7a as nossas devocionais pelo <a href=\"https:\/\/open.spotify.com\/show\/7CG8DL9dgWZEgPzX3rnk51?si=1dbGejI2TQS16eamNjb2rA\">Spotify<\/a>!<\/p>\n","protected":false},"excerpt":{"rendered":"<p>Mateus 11.28-30; 2 Cor\u00edntios 4.7-11 Temos considerado o fato de que o Caminho \u00e9 o caminho para encarar \u201cqualquer\u00a0coisa\u201d. Essa \u201cqualquer coisa\u201d inclui o cansa\u00e7o f\u00edsico e o mental? O Caminho \u00e9 o\u00a0caminho para nunca se cansar? \u00c9 interessante e importante perceber que muitas pessoas n\u00e3o associam sua religi\u00e3o\u00a0ao corpo e \u00e0 mente. Sua religi\u00e3o [&hellip;]<\/p>\n","protected":false},"author":21,"featured_media":166,"comment_status":"open","ping_status":"open","sticky":false,"template":"","format":"standard","meta":{"ngg_post_thumbnail":0,"footnotes":""},"categories":[40852],"tags":[],"class_list":["post-9927","post","type-post","status-publish","format-standard","has-post-thumbnail","hentry","category-stanley-jones"],"publishpress_future_action":{"enabled":false,"date":"2026-05-04 21:53:01","action":"change-status","newStatus":"draft","terms":[],"taxonomy":"category","extraData":[]},"publishpress_future_workflow_manual_trigger":{"enabledWorkflows":[]},"_links":{"self":[{"href":"https:\/\/ultimato.com.br\/sites\/devocional-diaria\/wp-json\/wp\/v2\/posts\/9927","targetHints":{"allow":["GET"]}}],"collection":[{"href":"https:\/\/ultimato.com.br\/sites\/devocional-diaria\/wp-json\/wp\/v2\/posts"}],"about":[{"href":"https:\/\/ultimato.com.br\/sites\/devocional-diaria\/wp-json\/wp\/v2\/types\/post"}],"author":[{"embeddable":true,"href":"https:\/\/ultimato.com.br\/sites\/devocional-diaria\/wp-json\/wp\/v2\/users\/21"}],"replies":[{"embeddable":true,"href":"https:\/\/ultimato.com.br\/sites\/devocional-diaria\/wp-json\/wp\/v2\/comments?post=9927"}],"version-history":[{"count":1,"href":"https:\/\/ultimato.com.br\/sites\/devocional-diaria\/wp-json\/wp\/v2\/posts\/9927\/revisions"}],"predecessor-version":[{"id":9928,"href":"https:\/\/ultimato.com.br\/sites\/devocional-diaria\/wp-json\/wp\/v2\/posts\/9927\/revisions\/9928"}],"wp:featuredmedia":[{"embeddable":true,"href":"https:\/\/ultimato.com.br\/sites\/devocional-diaria\/wp-json\/wp\/v2\/media\/166"}],"wp:attachment":[{"href":"https:\/\/ultimato.com.br\/sites\/devocional-diaria\/wp-json\/wp\/v2\/media?parent=9927"}],"wp:term":[{"taxonomy":"category","embeddable":true,"href":"https:\/\/ultimato.com.br\/sites\/devocional-diaria\/wp-json\/wp\/v2\/categories?post=9927"},{"taxonomy":"post_tag","embeddable":true,"href":"https:\/\/ultimato.com.br\/sites\/devocional-diaria\/wp-json\/wp\/v2\/tags?post=9927"}],"curies":[{"name":"wp","href":"https:\/\/api.w.org\/{rel}","templated":true}]}}