{"id":9925,"date":"2022-09-10T00:00:02","date_gmt":"2022-09-10T02:00:02","guid":{"rendered":"https:\/\/ultimato.com.br\/sites\/devocional-diaria\/?p=9925"},"modified":"2022-09-08T09:44:13","modified_gmt":"2022-09-08T11:44:13","slug":"a-vida-e-o-ministerio-de-samuel","status":"publish","type":"post","link":"https:\/\/ultimato.com.br\/sites\/devocional-diaria\/2022\/09\/10\/autor\/john-stott\/a-vida-e-o-ministerio-de-samuel\/","title":{"rendered":"A vida e o minist\u00e9rio de Samuel"},"content":{"rendered":"<p>Enquanto Samuel crescia, o Senhor estava com ele, e fazia com que todas as suas palavras se cumprissem. \u00a0(1 Samuel 3.19)<\/p>\n<p>Samuel foi o \u00faltimo e, indubitavelmente, o maior de todos os ju\u00edzes. Dedicado ao Senhor por seus pais antes de seu nascimento, ele foi levado a Silo\u00e9, onde permaneceu sob a tutela do sumo sacerdote Eli. Ainda jovem, lemos que \u201ctodo o Israel, desde D\u00e3 at\u00e9 Berseba, reconhecia que Samuel estava confirmado como profeta do Senhor\u201d (3.20). Como juiz, todos os anos ele percorria as cidades da regi\u00e3o (7.15-17), e \u00e0s vezes atuava tamb\u00e9m como sacerdote, acumulando assim as fun\u00e7\u00f5es de profeta, sacerdote e juiz.<\/p>\n<p>Quando Samuel envelheceu, ele designou seus filhos como ju\u00edzes. Por\u00e9m, eles n\u00e3o trilharam os caminhos de seu pai, mas \u201cse tornaram gananciosos, aceitavam suborno e pervertiam a justi\u00e7a\u201d (8.3). Assim, os l\u00edderes de Israel exigiram que Samuel indicasse um rei para govern\u00e1-los. Isso significa que os israelitas rejeitaram Deus como seu rei, pois desde o come\u00e7o (cerca de 250 anos antes), Israel era uma teocracia (uma na\u00e7\u00e3o governada por Deus). Samuel protestou diante de tal exig\u00eancia, advertindo-os que seriam oprimidos pelos seus futuros reis. O povo, no entanto, recusou-se a dar ouvidos ao que ele dizia e respondeu: \u201cN\u00e3o! Queremos ter um rei. Seremos como todas as outras na\u00e7\u00f5es\u201d (v. 19-20). Assim, por duas vezes Israel exigiu um rei, e por duas vezes usou o mesmo argumento: o povo queria ser \u201ccomo todas as outras na\u00e7\u00f5es\u201d. O Senhor ent\u00e3o disse a Samuel que concordasse com o pedido.<\/p>\n<p>Por\u00e9m, as consequ\u00eancias foram tr\u00e1gicas. Afinal, Deus havia escolhido Israel dentre todas as na\u00e7\u00f5es precisamente para torn\u00e1-la uma na\u00e7\u00e3o santa, um povo de propriedade exclusiva de Deus, diferente de todos os outros povos. Atualmente, o povo de Deus enfrenta esse mesmo dilema. N\u00e3o podemos nos conformar com este mundo. Ao contr\u00e1rio, devemos ser radicalmente contra os padr\u00f5es deste mundo.<\/p>\n<p>Para saber mais: 1 Samuel 12.1-4<strong>\u00a0<\/strong><\/p>\n<p><strong>\u00a0<\/strong><\/p>\n<p><strong>&gt;&gt; Retirado de\u00a0<em><a href=\"https:\/\/www.ultimato.com.br\/loja\/produtos\/a-biblia-toda-o-ano-todo-1\">A B\u00edblia Toda, o Ano Todo<\/a><\/em>\u00a0[John Stott]. Editora Ultimato.<\/strong><\/p>\n<p>Ou\u00e7a as nossas devocionais pelo <a href=\"https:\/\/open.spotify.com\/show\/7CG8DL9dgWZEgPzX3rnk51?si=1dbGejI2TQS16eamNjb2rA\">Spotify<\/a>!<\/p>\n","protected":false},"excerpt":{"rendered":"<p>Enquanto Samuel crescia, o Senhor estava com ele, e fazia com que todas as suas palavras se cumprissem. \u00a0(1 Samuel 3.19) Samuel foi o \u00faltimo e, indubitavelmente, o maior de todos os ju\u00edzes. Dedicado ao Senhor por seus pais antes de seu nascimento, ele foi levado a Silo\u00e9, onde permaneceu sob a tutela do sumo [&hellip;]<\/p>\n","protected":false},"author":21,"featured_media":157,"comment_status":"open","ping_status":"open","sticky":false,"template":"","format":"standard","meta":{"ngg_post_thumbnail":0,"footnotes":""},"categories":[5668],"tags":[],"class_list":["post-9925","post","type-post","status-publish","format-standard","has-post-thumbnail","hentry","category-john-stott"],"publishpress_future_action":{"enabled":false,"date":"2026-05-04 23:18:54","action":"change-status","newStatus":"draft","terms":[],"taxonomy":"category","extraData":[]},"publishpress_future_workflow_manual_trigger":{"enabledWorkflows":[]},"_links":{"self":[{"href":"https:\/\/ultimato.com.br\/sites\/devocional-diaria\/wp-json\/wp\/v2\/posts\/9925","targetHints":{"allow":["GET"]}}],"collection":[{"href":"https:\/\/ultimato.com.br\/sites\/devocional-diaria\/wp-json\/wp\/v2\/posts"}],"about":[{"href":"https:\/\/ultimato.com.br\/sites\/devocional-diaria\/wp-json\/wp\/v2\/types\/post"}],"author":[{"embeddable":true,"href":"https:\/\/ultimato.com.br\/sites\/devocional-diaria\/wp-json\/wp\/v2\/users\/21"}],"replies":[{"embeddable":true,"href":"https:\/\/ultimato.com.br\/sites\/devocional-diaria\/wp-json\/wp\/v2\/comments?post=9925"}],"version-history":[{"count":1,"href":"https:\/\/ultimato.com.br\/sites\/devocional-diaria\/wp-json\/wp\/v2\/posts\/9925\/revisions"}],"predecessor-version":[{"id":9926,"href":"https:\/\/ultimato.com.br\/sites\/devocional-diaria\/wp-json\/wp\/v2\/posts\/9925\/revisions\/9926"}],"wp:featuredmedia":[{"embeddable":true,"href":"https:\/\/ultimato.com.br\/sites\/devocional-diaria\/wp-json\/wp\/v2\/media\/157"}],"wp:attachment":[{"href":"https:\/\/ultimato.com.br\/sites\/devocional-diaria\/wp-json\/wp\/v2\/media?parent=9925"}],"wp:term":[{"taxonomy":"category","embeddable":true,"href":"https:\/\/ultimato.com.br\/sites\/devocional-diaria\/wp-json\/wp\/v2\/categories?post=9925"},{"taxonomy":"post_tag","embeddable":true,"href":"https:\/\/ultimato.com.br\/sites\/devocional-diaria\/wp-json\/wp\/v2\/tags?post=9925"}],"curies":[{"name":"wp","href":"https:\/\/api.w.org\/{rel}","templated":true}]}}