{"id":9917,"date":"2022-09-08T00:00:00","date_gmt":"2022-09-08T02:00:00","guid":{"rendered":"https:\/\/ultimato.com.br\/sites\/devocional-diaria\/?p=9917"},"modified":"2022-08-30T09:52:18","modified_gmt":"2022-08-30T11:52:18","slug":"o-evangelho-e-o-poder-de-deus","status":"publish","type":"post","link":"https:\/\/ultimato.com.br\/sites\/devocional-diaria\/2022\/09\/08\/claudia-barbosa\/o-evangelho-e-o-poder-de-deus\/","title":{"rendered":"O evangelho \u00e9 o poder de Deus"},"content":{"rendered":"<p>N\u00e3o me envergonho do Evangelho, porque \u00e9 o poder de Deus para a salva\u00e7\u00e3o de todo aquele que cr\u00ea. (Romanos 1.16)<\/p>\n<p>Um dia desses, numa conversa com meu irm\u00e3o, ele me fez a seguinte pergunta:\u00a0\u201cOnde foi parar o evangelho que \u00e9 o poder de Deus para todo aquele que\u00a0cr\u00ea?\u201d. O assunto da conversa era a pouca influ\u00eancia da igreja na sociedade.\u00a0A pergunta ecoava em minha mente e, enquanto eu pensava na igreja que n\u00e3o\u00a0salgava nem iluminava, um questionamento ecoou forte em meu cora\u00e7\u00e3o:\u00a0\u201cOnde est\u00e1, em minha vida, o evangelho que \u00e9 o poder de Deus?\u201d.<\/p>\n<p>\u00c9 ilus\u00e3o pensar que o show da f\u00e9 pode ocupar o espa\u00e7o de uma f\u00e9 que se\u00a0sustenta na ora\u00e7\u00e3o solit\u00e1ria, na devo\u00e7\u00e3o \u00e0 Palavra que sai da boca de Deus, na\u00a0obedi\u00eancia absoluta, no amor sincero e no arrependimento. Tamb\u00e9m \u00e9 ilus\u00e3o\u00a0achar que o conhecimento, os t\u00edtulos, o saber sobre Deus nos far\u00e3o encontrar\u00a0o caminho do cora\u00e7\u00e3o, a porta de entrada da alma. O conhecimento que n\u00e3o\u00a0objetiva a transforma\u00e7\u00e3o se torna uma pris\u00e3o.<\/p>\n<p>\u201cSe creres, ver\u00e1s a gl\u00f3ria de Deus\u201d (Jo 11.40). Temos tido t\u00e3o poucas vis\u00f5es\u00a0da gl\u00f3ria do Senhor exatamente porque n\u00e3o temos sido impactados pelo\u00a0evangelho que \u00e9 o poder de Deus para o que cr\u00ea. Falta-nos crer. Falta-nos\u00a0experimentar o poder que a Palavra tem. Confiamos demais em nossos\u00a0pr\u00f3prios recursos, capacidades e <em>expertises<\/em>. Por isso nossa experi\u00eancia com\u00a0as Escrituras tem se tornado cada dia mais insignificante. Voltemos ao\u00a0evangelho! Ele \u00e9 o poder de Deus.<\/p>\n<p>Senhor Jesus, renova em n\u00f3s a f\u00e9 e a confian\u00e7a. Ajuda-nos em nossa fraqueza.\u00a0D\u00e1-nos a alegria de experimentar o poder do evangelho em nosso dia a dia.\u00a0Em teu nome oramos, am\u00e9m.<\/p>\n<p><strong>\u00a0<\/strong><\/p>\n<p><strong>&gt;&gt; Retirado de\u00a0<em><a href=\"https:\/\/www.ultimato.com.br\/loja\/produtos\/refeicoes-diarias-celebrando-a-reconciliacao\">Refei\u00e7\u00f5es Di\u00e1rias \u2013 Celebrando a Reconcilia\u00e7\u00e3o<\/a><\/em>. Editora Ultimato.<\/strong><\/p>\n<p>Ou\u00e7a as nossas devocionais pelo <a href=\"https:\/\/open.spotify.com\/show\/7CG8DL9dgWZEgPzX3rnk51?si=1dbGejI2TQS16eamNjb2rA\">Spotify<\/a>!<\/p>\n","protected":false},"excerpt":{"rendered":"<p>N\u00e3o me envergonho do Evangelho, porque \u00e9 o poder de Deus para a salva\u00e7\u00e3o de todo aquele que cr\u00ea. (Romanos 1.16) Um dia desses, numa conversa com meu irm\u00e3o, ele me fez a seguinte pergunta:\u00a0\u201cOnde foi parar o evangelho que \u00e9 o poder de Deus para todo aquele que\u00a0cr\u00ea?\u201d. O assunto da conversa era a [&hellip;]<\/p>\n","protected":false},"author":21,"featured_media":162,"comment_status":"open","ping_status":"open","sticky":false,"template":"","format":"standard","meta":{"ngg_post_thumbnail":0,"footnotes":""},"categories":[11399],"tags":[],"class_list":["post-9917","post","type-post","status-publish","format-standard","has-post-thumbnail","hentry","category-claudia-barbosa"],"publishpress_future_action":{"enabled":false,"date":"2026-05-05 03:53:21","action":"change-status","newStatus":"draft","terms":[],"taxonomy":"category","extraData":[]},"publishpress_future_workflow_manual_trigger":{"enabledWorkflows":[]},"_links":{"self":[{"href":"https:\/\/ultimato.com.br\/sites\/devocional-diaria\/wp-json\/wp\/v2\/posts\/9917","targetHints":{"allow":["GET"]}}],"collection":[{"href":"https:\/\/ultimato.com.br\/sites\/devocional-diaria\/wp-json\/wp\/v2\/posts"}],"about":[{"href":"https:\/\/ultimato.com.br\/sites\/devocional-diaria\/wp-json\/wp\/v2\/types\/post"}],"author":[{"embeddable":true,"href":"https:\/\/ultimato.com.br\/sites\/devocional-diaria\/wp-json\/wp\/v2\/users\/21"}],"replies":[{"embeddable":true,"href":"https:\/\/ultimato.com.br\/sites\/devocional-diaria\/wp-json\/wp\/v2\/comments?post=9917"}],"version-history":[{"count":1,"href":"https:\/\/ultimato.com.br\/sites\/devocional-diaria\/wp-json\/wp\/v2\/posts\/9917\/revisions"}],"predecessor-version":[{"id":9918,"href":"https:\/\/ultimato.com.br\/sites\/devocional-diaria\/wp-json\/wp\/v2\/posts\/9917\/revisions\/9918"}],"wp:featuredmedia":[{"embeddable":true,"href":"https:\/\/ultimato.com.br\/sites\/devocional-diaria\/wp-json\/wp\/v2\/media\/162"}],"wp:attachment":[{"href":"https:\/\/ultimato.com.br\/sites\/devocional-diaria\/wp-json\/wp\/v2\/media?parent=9917"}],"wp:term":[{"taxonomy":"category","embeddable":true,"href":"https:\/\/ultimato.com.br\/sites\/devocional-diaria\/wp-json\/wp\/v2\/categories?post=9917"},{"taxonomy":"post_tag","embeddable":true,"href":"https:\/\/ultimato.com.br\/sites\/devocional-diaria\/wp-json\/wp\/v2\/tags?post=9917"}],"curies":[{"name":"wp","href":"https:\/\/api.w.org\/{rel}","templated":true}]}}