{"id":9912,"date":"2022-09-06T00:00:46","date_gmt":"2022-09-06T02:00:46","guid":{"rendered":"https:\/\/ultimato.com.br\/sites\/devocional-diaria\/?p=9912"},"modified":"2022-08-30T09:48:34","modified_gmt":"2022-08-30T11:48:34","slug":"a-sede-de-jesus-2","status":"publish","type":"post","link":"https:\/\/ultimato.com.br\/sites\/devocional-diaria\/2022\/09\/06\/autor\/elben-cesar\/a-sede-de-jesus-2\/","title":{"rendered":"A sede de Jesus"},"content":{"rendered":"<p>Embeberam de vinagre uma esponja e, fixando-a num cani\u00e7o de hissopo, lha chegaram \u00e0 boca. (Jo\u00e3o 19.29)<\/p>\n<p>Aquela sede da alma de que fala o salmista, Jesus nunca experimentou (Sl 42.2; 63.1). Ao contr\u00e1rio, ele estava t\u00e3o cheio da \u00e1gua viva, que a oferecia aos sedentos: \u201cSe algu\u00e9m tem sede, venha a mim e beba\u201d (Jo 7.37). Por\u00e9m, sede de \u00e1gua pot\u00e1vel, ele sentia. Aquele que transformou \u00e1gua em vinho teve sede!<\/p>\n<p>A sede \u00e9 um fen\u00f4meno decorrente da insufici\u00eancia de \u00e1gua no corpo. A boca fica seca, anunciando a necessidade de algum l\u00edquido. Comparativamente, para o organismo, a falta de \u00e1gua \u00e9 mais grave do que a falta de alimento.<\/p>\n<p>Depois de caminhar a manh\u00e3 inteira da Judeia \u00e0 Samaria, a primeira palavra de Jesus ao se encontrar com a mulher samaritana junto ao po\u00e7o de Jac\u00f3 foi um pedido direto: \u201cD\u00e1-me de beber\u201d (Jo 4.7). Naquele momento, o sol estava a pino. V\u00e1rios meses depois, pregado numa cruz, debaixo do sol e derramando sangue pelas perfura\u00e7\u00f5es dos pregos e da coroa de espinhos, Jesus confessou: \u201cTenho sede!\u201d (Jo 19.28). Deram-lhe vinagre e n\u00e3o \u00e1gua pot\u00e1vel. Ent\u00e3o, ele disse mais uma palavra e rendeu o esp\u00edrito.<\/p>\n<p>\u2014 Senhor, d\u00e1-me da mesma \u00e1gua que deste \u00e0 samaritana!<\/p>\n<p><strong>\u00a0<\/strong><\/p>\n<p><strong>&gt;&gt; Retirado de\u00a0<em><a href=\"https:\/\/www.ultimato.com.br\/loja\/produtos\/refeicoes-diarias-com-jesus\">Refei\u00e7\u00f5es Di\u00e1rias com Jesus<\/a><\/em> [Elben C\u00e9sar]. Editora Ultimato.<\/strong><\/p>\n<p>Ou\u00e7a as nossas devocionais pelo <a href=\"https:\/\/open.spotify.com\/show\/7CG8DL9dgWZEgPzX3rnk51?si=1dbGejI2TQS16eamNjb2rA\">Spotify<\/a>!<\/p>\n","protected":false},"excerpt":{"rendered":"<p>Embeberam de vinagre uma esponja e, fixando-a num cani\u00e7o de hissopo, lha chegaram \u00e0 boca. (Jo\u00e3o 19.29) Aquela sede da alma de que fala o salmista, Jesus nunca experimentou (Sl 42.2; 63.1). Ao contr\u00e1rio, ele estava t\u00e3o cheio da \u00e1gua viva, que a oferecia aos sedentos: \u201cSe algu\u00e9m tem sede, venha a mim e beba\u201d [&hellip;]<\/p>\n","protected":false},"author":21,"featured_media":164,"comment_status":"open","ping_status":"open","sticky":false,"template":"","format":"standard","meta":{"ngg_post_thumbnail":0,"footnotes":""},"categories":[5478],"tags":[],"class_list":["post-9912","post","type-post","status-publish","format-standard","has-post-thumbnail","hentry","category-elben-cesar"],"publishpress_future_action":{"enabled":false,"date":"2026-05-05 00:58:31","action":"change-status","newStatus":"draft","terms":[],"taxonomy":"category","extraData":[]},"publishpress_future_workflow_manual_trigger":{"enabledWorkflows":[]},"_links":{"self":[{"href":"https:\/\/ultimato.com.br\/sites\/devocional-diaria\/wp-json\/wp\/v2\/posts\/9912","targetHints":{"allow":["GET"]}}],"collection":[{"href":"https:\/\/ultimato.com.br\/sites\/devocional-diaria\/wp-json\/wp\/v2\/posts"}],"about":[{"href":"https:\/\/ultimato.com.br\/sites\/devocional-diaria\/wp-json\/wp\/v2\/types\/post"}],"author":[{"embeddable":true,"href":"https:\/\/ultimato.com.br\/sites\/devocional-diaria\/wp-json\/wp\/v2\/users\/21"}],"replies":[{"embeddable":true,"href":"https:\/\/ultimato.com.br\/sites\/devocional-diaria\/wp-json\/wp\/v2\/comments?post=9912"}],"version-history":[{"count":2,"href":"https:\/\/ultimato.com.br\/sites\/devocional-diaria\/wp-json\/wp\/v2\/posts\/9912\/revisions"}],"predecessor-version":[{"id":9914,"href":"https:\/\/ultimato.com.br\/sites\/devocional-diaria\/wp-json\/wp\/v2\/posts\/9912\/revisions\/9914"}],"wp:featuredmedia":[{"embeddable":true,"href":"https:\/\/ultimato.com.br\/sites\/devocional-diaria\/wp-json\/wp\/v2\/media\/164"}],"wp:attachment":[{"href":"https:\/\/ultimato.com.br\/sites\/devocional-diaria\/wp-json\/wp\/v2\/media?parent=9912"}],"wp:term":[{"taxonomy":"category","embeddable":true,"href":"https:\/\/ultimato.com.br\/sites\/devocional-diaria\/wp-json\/wp\/v2\/categories?post=9912"},{"taxonomy":"post_tag","embeddable":true,"href":"https:\/\/ultimato.com.br\/sites\/devocional-diaria\/wp-json\/wp\/v2\/tags?post=9912"}],"curies":[{"name":"wp","href":"https:\/\/api.w.org\/{rel}","templated":true}]}}