{"id":9910,"date":"2022-09-05T00:00:22","date_gmt":"2022-09-05T02:00:22","guid":{"rendered":"https:\/\/ultimato.com.br\/sites\/devocional-diaria\/?p=9910"},"modified":"2022-08-30T09:41:38","modified_gmt":"2022-08-30T11:41:38","slug":"um-passo-a-frente","status":"publish","type":"post","link":"https:\/\/ultimato.com.br\/sites\/devocional-diaria\/2022\/09\/05\/autor\/elben-cesar\/um-passo-a-frente\/","title":{"rendered":"Um passo \u00e0 frente"},"content":{"rendered":"<p>N\u00e3o se turbe o vosso cora\u00e7\u00e3o; crede em Deus, crede tamb\u00e9m em mim. (Jo 14.1)<\/p>\n<p>Para enfrentar per\u00edodos de turbul\u00eancia \u00e9 preciso crer \u2013 crer em Deus e\u00a0crer em Jesus.<\/p>\n<p>\u00c9 preciso crer tanto na humanidade como na divindade de Jesus: \u201cO\u00a0Verbo se fez carne e habitou entre n\u00f3s, cheio de gra\u00e7a e de verdade\u201d (Jo 1.14).\u00a0\u00c9 preciso crer que ele \u00e9 anterior a Abra\u00e3o (Jo 8.58) e que, no princ\u00edpio mais\u00a0remoto, ele estava com Deus e \u201csem ele nada do que foi feito se fez\u201d (Jo 1.3).\u00a0\u00c9 preciso crer que ele \u00e9 o tremendo \u201cEu Sou\u201d (Jo 8.58); o mesmo que se\u00a0apresentou a Mois\u00e9s em Horebe (\u00cax 3.14). \u00c9 preciso crer que ele e o Pai\u00a0s\u00e3o um (Jo 10.30) e quem v\u00ea a ele v\u00ea o Pai (Jo 14.9). \u00c9 preciso crer que ele\u00a0morreu porque espontaneamente deu a sua vida para reassumi-la em seguida\u00a0(Jo 10.18). \u00c9 preciso crer que ele tira o pecado do mundo. \u00c9 preciso crer que\u00a0ele ressuscitou dentre os mortos porque \u201cn\u00e3o era poss\u00edvel que fosse retido\u00a0pela morte\u201d (At 2.24). \u00c9 preciso crer que ele, depois de ter padecido, \u201cse\u00a0apresentou vivo, com muitas provas incontest\u00e1veis\u201d (At 1.3). \u00c9 preciso crer\u00a0que ele foi elevado \u00e0s alturas \u00e0 vista dos seus disc\u00edpulos (At 1.9) e, ent\u00e3o, se\u00a0assentou \u00e0 direita de Deus (Cl 3.1). \u00c9 preciso crer que ele est\u00e1 colocando\u00a0debaixo dos seus p\u00e9s todos os inimigos e sujeitando a si todas as coisas,\u00a0inclusive a morte (1Co 15.25-27). \u00c9 preciso crer que ele \u201caparecer\u00e1 pela\u00a0segunda vez, n\u00e3o para tirar pecados, mas para salvar os que est\u00e3o esperando\u00a0por ele\u201d (Hb 9.28).<\/p>\n<p>N\u00e3o se pode crer apenas em Deus. \u00c9 preciso apreciar tamb\u00e9m a pessoa e as\u00a0obras de Jesus Cristo. Crer em Deus j\u00e1 \u00e9 uma grande b\u00ean\u00e7\u00e3o. Crer em Jesus, o\u00a0enviado de Deus, \u00e9 uma consequ\u00eancia inevit\u00e1vel de crer plenamente em Deus.<strong>\u00a0<\/strong><\/p>\n<p><strong>\u00a0<\/strong><\/p>\n<p><strong>&gt;&gt; Retirado de\u00a0<em><a href=\"https:\/\/www.ultimato.com.br\/loja\/produtos\/cuide-das-raizes-espere-pelos-frutos\">Cuide das Ra\u00edzes, Espere pelos Frutos<\/a><\/em>, [Elben C\u00e9sar]. Editora Ultimato.<\/strong><\/p>\n<p>Ou\u00e7a as nossas devocionais pelo <a href=\"https:\/\/open.spotify.com\/show\/7CG8DL9dgWZEgPzX3rnk51?si=1dbGejI2TQS16eamNjb2rA\">Spotify<\/a>!<\/p>\n","protected":false},"excerpt":{"rendered":"<p>N\u00e3o se turbe o vosso cora\u00e7\u00e3o; crede em Deus, crede tamb\u00e9m em mim. (Jo 14.1) Para enfrentar per\u00edodos de turbul\u00eancia \u00e9 preciso crer \u2013 crer em Deus e\u00a0crer em Jesus. \u00c9 preciso crer tanto na humanidade como na divindade de Jesus: \u201cO\u00a0Verbo se fez carne e habitou entre n\u00f3s, cheio de gra\u00e7a e de verdade\u201d [&hellip;]<\/p>\n","protected":false},"author":21,"featured_media":165,"comment_status":"open","ping_status":"open","sticky":false,"template":"","format":"standard","meta":{"ngg_post_thumbnail":0,"footnotes":""},"categories":[5478],"tags":[],"class_list":["post-9910","post","type-post","status-publish","format-standard","has-post-thumbnail","hentry","category-elben-cesar"],"publishpress_future_action":{"enabled":false,"date":"2026-05-04 23:18:55","action":"change-status","newStatus":"draft","terms":[],"taxonomy":"category","extraData":[]},"publishpress_future_workflow_manual_trigger":{"enabledWorkflows":[]},"_links":{"self":[{"href":"https:\/\/ultimato.com.br\/sites\/devocional-diaria\/wp-json\/wp\/v2\/posts\/9910","targetHints":{"allow":["GET"]}}],"collection":[{"href":"https:\/\/ultimato.com.br\/sites\/devocional-diaria\/wp-json\/wp\/v2\/posts"}],"about":[{"href":"https:\/\/ultimato.com.br\/sites\/devocional-diaria\/wp-json\/wp\/v2\/types\/post"}],"author":[{"embeddable":true,"href":"https:\/\/ultimato.com.br\/sites\/devocional-diaria\/wp-json\/wp\/v2\/users\/21"}],"replies":[{"embeddable":true,"href":"https:\/\/ultimato.com.br\/sites\/devocional-diaria\/wp-json\/wp\/v2\/comments?post=9910"}],"version-history":[{"count":1,"href":"https:\/\/ultimato.com.br\/sites\/devocional-diaria\/wp-json\/wp\/v2\/posts\/9910\/revisions"}],"predecessor-version":[{"id":9911,"href":"https:\/\/ultimato.com.br\/sites\/devocional-diaria\/wp-json\/wp\/v2\/posts\/9910\/revisions\/9911"}],"wp:featuredmedia":[{"embeddable":true,"href":"https:\/\/ultimato.com.br\/sites\/devocional-diaria\/wp-json\/wp\/v2\/media\/165"}],"wp:attachment":[{"href":"https:\/\/ultimato.com.br\/sites\/devocional-diaria\/wp-json\/wp\/v2\/media?parent=9910"}],"wp:term":[{"taxonomy":"category","embeddable":true,"href":"https:\/\/ultimato.com.br\/sites\/devocional-diaria\/wp-json\/wp\/v2\/categories?post=9910"},{"taxonomy":"post_tag","embeddable":true,"href":"https:\/\/ultimato.com.br\/sites\/devocional-diaria\/wp-json\/wp\/v2\/tags?post=9910"}],"curies":[{"name":"wp","href":"https:\/\/api.w.org\/{rel}","templated":true}]}}