{"id":9906,"date":"2022-09-01T00:00:29","date_gmt":"2022-09-01T02:00:29","guid":{"rendered":"https:\/\/ultimato.com.br\/sites\/devocional-diaria\/?p=9906"},"modified":"2022-08-30T09:29:30","modified_gmt":"2022-08-30T11:29:30","slug":"novo-e-vivo-caminho-2","status":"publish","type":"post","link":"https:\/\/ultimato.com.br\/sites\/devocional-diaria\/2022\/09\/01\/autor\/antonia-leonora\/novo-e-vivo-caminho-2\/","title":{"rendered":"Novo e vivo caminho"},"content":{"rendered":"<p>Temos plena confian\u00e7a para entrar no Santo dos Santos pelo sangue de Jesus, por um novo e vivo caminho que ele nos abriu por meio do v\u00e9u, isto \u00e9, do seu corpo. (Hebreus 10.19-20)<\/p>\n<p>Na antiga alian\u00e7a, chegar-se \u00e0 presen\u00e7a de Deus era dif\u00edcil e arriscado.\u00a0Uma vez por ano, somente o Sumo sacerdote tinha autoriza\u00e7\u00e3o para entrar\u00a0no Santo dos santos, com o sangue de um cordeiro, para fazer expia\u00e7\u00e3o por\u00a0seus pr\u00f3prios pecados e pelos pecados do povo.<\/p>\n<p>No entanto com a morte de Jesus houve uma profunda transforma\u00e7\u00e3o,\u00a0abrindo-se um novo e vivo caminho, agora n\u00e3o s\u00f3 para uma \u00fanica pessoa, mas\u00a0para todos os filhos de Deus&#8230; e tamb\u00e9m n\u00e3o apenas uma vez por ano, mas\u00a0sempre, a cada dia, a cada hora e em qualquer lugar. Quando nosso Senhor\u00a0Jesus morreu, o v\u00e9u que protegia o Santo dos santos foi rasgado, de alto a\u00a0baixo, simbolizando claramente o caminho aberto, sem restri\u00e7\u00f5es, a Deus.\u00a0Um \u00fanico e suficiente sacrif\u00edcio, por todos os nossos pecados e os de todos os\u00a0homens, foi feito mediante o sangue de Jesus derramado na cruz. Um pre\u00e7o\u00a0muito alto, por\u00e9m suficiente!<\/p>\n<p>Somos convidados a aproximar-nos de Deus com o cora\u00e7\u00e3o purificado\u00a0por meio da confiss\u00e3o e do perd\u00e3o de nossos pecados, tendo a certeza de que\u00a0somos aceitos n\u00e3o por nossos m\u00e9ritos, mas unicamente pela reden\u00e7\u00e3o que\u00a0temos em Jesus.<\/p>\n<p>E essa boa nova n\u00e3o \u00e9 algo que devemos guardar apenas para n\u00f3s. Vamos\u00a0incentivar uns aos outros ao amor e \u00e0s boas obras, pois temos uma nova vida\u00a0inspirada no profundo amor e na imensa miseric\u00f3rdia de Deus.<\/p>\n<p>Que tremendo privil\u00e9gio \u00e9 este que temos hoje! Que saibamos valoriz\u00e1-lo.<\/p>\n<p>Amado Senhor, que realidade incr\u00edvel esta: agora tenho livre acesso \u00e0 sala de\u00a0controle do universo, \u00e0 presen\u00e7a de meu maravilhoso, todo-poderoso e santo\u00a0Deus. Ajuda-me a responder ao teu am\u00e1vel convite.<strong>\u00a0<\/strong><\/p>\n<p><strong>\u00a0<\/strong><\/p>\n<p><strong>&gt;&gt; Retirado de\u00a0<em><a href=\"https:\/\/www.ultimato.com.br\/loja\/produtos\/refeicoes-diarias-celebrando-a-reconciliacao\">Refei\u00e7\u00f5es Di\u00e1rias \u2013 Celebrando a Reconcilia\u00e7\u00e3o<\/a><\/em>. Editora Ultimato.<\/strong><\/p>\n<p>Ou\u00e7a as nossas devocionais pelo <a href=\"https:\/\/open.spotify.com\/show\/7CG8DL9dgWZEgPzX3rnk51?si=1dbGejI2TQS16eamNjb2rA\">Spotify<\/a>!<\/p>\n","protected":false},"excerpt":{"rendered":"<p>Temos plena confian\u00e7a para entrar no Santo dos Santos pelo sangue de Jesus, por um novo e vivo caminho que ele nos abriu por meio do v\u00e9u, isto \u00e9, do seu corpo. (Hebreus 10.19-20) Na antiga alian\u00e7a, chegar-se \u00e0 presen\u00e7a de Deus era dif\u00edcil e arriscado.\u00a0Uma vez por ano, somente o Sumo sacerdote tinha autoriza\u00e7\u00e3o [&hellip;]<\/p>\n","protected":false},"author":21,"featured_media":163,"comment_status":"open","ping_status":"open","sticky":false,"template":"","format":"standard","meta":{"ngg_post_thumbnail":0,"footnotes":""},"categories":[40853],"tags":[],"class_list":["post-9906","post","type-post","status-publish","format-standard","has-post-thumbnail","hentry","category-antonia-leonora"],"publishpress_future_action":{"enabled":false,"date":"2026-05-05 02:20:32","action":"change-status","newStatus":"draft","terms":[],"taxonomy":"category","extraData":[]},"publishpress_future_workflow_manual_trigger":{"enabledWorkflows":[]},"_links":{"self":[{"href":"https:\/\/ultimato.com.br\/sites\/devocional-diaria\/wp-json\/wp\/v2\/posts\/9906","targetHints":{"allow":["GET"]}}],"collection":[{"href":"https:\/\/ultimato.com.br\/sites\/devocional-diaria\/wp-json\/wp\/v2\/posts"}],"about":[{"href":"https:\/\/ultimato.com.br\/sites\/devocional-diaria\/wp-json\/wp\/v2\/types\/post"}],"author":[{"embeddable":true,"href":"https:\/\/ultimato.com.br\/sites\/devocional-diaria\/wp-json\/wp\/v2\/users\/21"}],"replies":[{"embeddable":true,"href":"https:\/\/ultimato.com.br\/sites\/devocional-diaria\/wp-json\/wp\/v2\/comments?post=9906"}],"version-history":[{"count":1,"href":"https:\/\/ultimato.com.br\/sites\/devocional-diaria\/wp-json\/wp\/v2\/posts\/9906\/revisions"}],"predecessor-version":[{"id":9907,"href":"https:\/\/ultimato.com.br\/sites\/devocional-diaria\/wp-json\/wp\/v2\/posts\/9906\/revisions\/9907"}],"wp:featuredmedia":[{"embeddable":true,"href":"https:\/\/ultimato.com.br\/sites\/devocional-diaria\/wp-json\/wp\/v2\/media\/163"}],"wp:attachment":[{"href":"https:\/\/ultimato.com.br\/sites\/devocional-diaria\/wp-json\/wp\/v2\/media?parent=9906"}],"wp:term":[{"taxonomy":"category","embeddable":true,"href":"https:\/\/ultimato.com.br\/sites\/devocional-diaria\/wp-json\/wp\/v2\/categories?post=9906"},{"taxonomy":"post_tag","embeddable":true,"href":"https:\/\/ultimato.com.br\/sites\/devocional-diaria\/wp-json\/wp\/v2\/tags?post=9906"}],"curies":[{"name":"wp","href":"https:\/\/api.w.org\/{rel}","templated":true}]}}