{"id":9903,"date":"2022-09-02T00:00:58","date_gmt":"2022-09-02T02:00:58","guid":{"rendered":"https:\/\/ultimato.com.br\/sites\/devocional-diaria\/?p=9903"},"modified":"2022-08-30T09:25:04","modified_gmt":"2022-08-30T11:25:04","slug":"orar-e-cantar","status":"publish","type":"post","link":"https:\/\/ultimato.com.br\/sites\/devocional-diaria\/2022\/09\/02\/autor\/elben-cesar\/orar-e-cantar\/","title":{"rendered":"Orar e cantar"},"content":{"rendered":"<p>Mais ou menos \u00e0 meia-noite, Paulo e Silas estavam orando e cantando hinos a Deus. (At 16.25)<\/p>\n<p>Como \u00e9 poss\u00edvel orar e cantar naquele hor\u00e1rio (perto da meia-noite) e naquele\u00a0lugar (numa cela que ficava no fundo da cadeia)? Como \u00e9 poss\u00edvel orar e\u00a0cantar se os p\u00e9s est\u00e3o presos entre dois blocos de madeira, se os companheiros\u00a0de pris\u00e3o s\u00e3o presos comuns, se as costas ainda est\u00e3o sujas de sangue, se o\u00a0corpo est\u00e1 cheio de feridas por causa da pancadaria? Mas Paulo e Silas de fato\u00a0estavam orando e cantando quando o ch\u00e3o tremeu, abalando os alicerces e\u00a0a seguran\u00e7a da pris\u00e3o. Eles poderiam estar dormindo na pousada de L\u00eddia,\u00a0onde estavam Tim\u00f3teo e Lucas, que foram poupados da surra e do c\u00e1rcere.<\/p>\n<p>Essa \u00e9 uma das muitas pris\u00f5es de Paulo. Por ser a primeira, ele deve\u00a0ter se lembrado dos \u201cmuitos seguidores de Jesus\u201d que ele havia prendido\u00a0quando ainda era Saulo (26.10), das mulheres que havia separado de seus\u00a0maridos e filhos para jog\u00e1-las na cadeia (8.3; 22.4). Deve ter se lembrado\u00a0daqueles crist\u00e3os que ele havia castigado, for\u00e7ando-os a negar a f\u00e9, tanto em\u00a0Jerusal\u00e9m como em outras cidades (26.11). Deve ter se lembrado da \u00faltima\u00a0viagem antimission\u00e1ria, quando o Senhor, na estrada de Damasco, n\u00e3o \u00e0\u00a0meia-noite, mas ao meio-dia, o parou para perguntar-lhe: \u201cSaulo, Saulo, por\u00a0que voc\u00ea me persegue?\u201d (9.4). Quem sabe ali na cadeia de Filipos ele orava\u00a0para lamentar todo o seu passado e cantava para expressar sua alegria por\u00a0ter sido perdoado e feito ap\u00f3stolo? Mais tarde, Paulo escreveria aos cor\u00edntios:\u00a0\u201cTenho estado mais vezes na cadeia\u201d do que todos os outros (2Co 11.23).<strong>\u00a0<\/strong><\/p>\n<p><strong>\u00a0<\/strong><\/p>\n<p><strong>&gt;&gt; Retirado de\u00a0<em><a href=\"https:\/\/www.ultimato.com.br\/loja\/produtos\/refeicoes-diarias\">Refei\u00e7\u00f5es Di\u00e1rias \u2013 no partir do p\u00e3o e na ora\u00e7\u00e3o<\/a><\/em> [Elben C\u00e9sar]. Editora Ultimato.<\/strong><strong>\u00a0<\/strong><\/p>\n<p>Ou\u00e7a as nossas devocionais pelo <a href=\"https:\/\/open.spotify.com\/show\/7CG8DL9dgWZEgPzX3rnk51?si=1dbGejI2TQS16eamNjb2rA\">Spotify<\/a>!<\/p>\n","protected":false},"excerpt":{"rendered":"<p>Mais ou menos \u00e0 meia-noite, Paulo e Silas estavam orando e cantando hinos a Deus. (At 16.25) Como \u00e9 poss\u00edvel orar e cantar naquele hor\u00e1rio (perto da meia-noite) e naquele\u00a0lugar (numa cela que ficava no fundo da cadeia)? Como \u00e9 poss\u00edvel orar e\u00a0cantar se os p\u00e9s est\u00e3o presos entre dois blocos de madeira, se os [&hellip;]<\/p>\n","protected":false},"author":21,"featured_media":162,"comment_status":"open","ping_status":"open","sticky":false,"template":"","format":"standard","meta":{"ngg_post_thumbnail":0,"footnotes":""},"categories":[5478],"tags":[],"class_list":["post-9903","post","type-post","status-publish","format-standard","has-post-thumbnail","hentry","category-elben-cesar"],"publishpress_future_action":{"enabled":false,"date":"2026-05-05 00:58:32","action":"change-status","newStatus":"draft","terms":[],"taxonomy":"category","extraData":[]},"publishpress_future_workflow_manual_trigger":{"enabledWorkflows":[]},"_links":{"self":[{"href":"https:\/\/ultimato.com.br\/sites\/devocional-diaria\/wp-json\/wp\/v2\/posts\/9903","targetHints":{"allow":["GET"]}}],"collection":[{"href":"https:\/\/ultimato.com.br\/sites\/devocional-diaria\/wp-json\/wp\/v2\/posts"}],"about":[{"href":"https:\/\/ultimato.com.br\/sites\/devocional-diaria\/wp-json\/wp\/v2\/types\/post"}],"author":[{"embeddable":true,"href":"https:\/\/ultimato.com.br\/sites\/devocional-diaria\/wp-json\/wp\/v2\/users\/21"}],"replies":[{"embeddable":true,"href":"https:\/\/ultimato.com.br\/sites\/devocional-diaria\/wp-json\/wp\/v2\/comments?post=9903"}],"version-history":[{"count":1,"href":"https:\/\/ultimato.com.br\/sites\/devocional-diaria\/wp-json\/wp\/v2\/posts\/9903\/revisions"}],"predecessor-version":[{"id":9904,"href":"https:\/\/ultimato.com.br\/sites\/devocional-diaria\/wp-json\/wp\/v2\/posts\/9903\/revisions\/9904"}],"wp:featuredmedia":[{"embeddable":true,"href":"https:\/\/ultimato.com.br\/sites\/devocional-diaria\/wp-json\/wp\/v2\/media\/162"}],"wp:attachment":[{"href":"https:\/\/ultimato.com.br\/sites\/devocional-diaria\/wp-json\/wp\/v2\/media?parent=9903"}],"wp:term":[{"taxonomy":"category","embeddable":true,"href":"https:\/\/ultimato.com.br\/sites\/devocional-diaria\/wp-json\/wp\/v2\/categories?post=9903"},{"taxonomy":"post_tag","embeddable":true,"href":"https:\/\/ultimato.com.br\/sites\/devocional-diaria\/wp-json\/wp\/v2\/tags?post=9903"}],"curies":[{"name":"wp","href":"https:\/\/api.w.org\/{rel}","templated":true}]}}