{"id":9894,"date":"2022-08-30T00:00:25","date_gmt":"2022-08-30T02:00:25","guid":{"rendered":"https:\/\/ultimato.com.br\/sites\/devocional-diaria\/?p=9894"},"modified":"2022-08-08T17:38:58","modified_gmt":"2022-08-08T19:38:58","slug":"forasteiros-em-marcha-2","status":"publish","type":"post","link":"https:\/\/ultimato.com.br\/sites\/devocional-diaria\/2022\/08\/30\/autor\/elben-cesar\/forasteiros-em-marcha-2\/","title":{"rendered":"Forasteiros em marcha"},"content":{"rendered":"<p>Tenho vivido tempo demais entre os que odeiam a paz. (Sl 120.6)<\/p>\n<p>O n\u00e3o-natural de um lugar \u00e9 obrigado a conviver com h\u00e1bitos\u00a0culturais diferentes, comida diferente, vestes diferentes, l\u00edngua diferente, credo\u00a0diferente, culto diferente, pessoas diferentes. \u00c0s vezes por pouco tempo, outras\u00a0vezes a vida inteira. No caso do salmista foi por muito tempo: \u201cTenho vivido\u00a0tempo demais entre os que odeiam a paz\u201d (Sl 120.6).<\/p>\n<p>Na verdade, porque \u201ca nossa cidadania est\u00e1 nos c\u00e9us\u201d (Fp 3.20), a rigor,\u00a0somos todos \u201cestrangeiros e peregrinos no mundo\u201d (1Pe 2.11). Essa situa\u00e7\u00e3o\u00a0produz desgaste, sofrimento, ang\u00fastia, tenta\u00e7\u00e3o e muito risco, \u201cpois n\u00e3o temos\u00a0aqui nenhuma cidade permanente, mas buscamos a que h\u00e1 de vir\u201d\u00a0(Hb 13.14).<\/p>\n<p>Entre os riscos que corremos est\u00e3o a adapta\u00e7\u00e3o demasiada, o esquecimento\u00a0da p\u00e1tria original, a naturaliza\u00e7\u00e3o, o cansa\u00e7o, a educa\u00e7\u00e3o dos filhos\u00a0sem o temor do Senhor e sem a perspectiva da p\u00e1tria futura.<\/p>\n<p>Todos os her\u00f3is da f\u00e9 reconheceram que eram estrangeiros e peregrinos\u00a0na terra e n\u00e3o se agarraram a ela. Ao contr\u00e1rio, tinham uma ideia fixa na\u00a0p\u00e1tria celestial, considerando-a uma p\u00e1tria melhor. Eram forasteiros em\u00a0marcha, movidos pela f\u00e9. Entre eles estavam Abel, Enoque, No\u00e9, Abra\u00e3o,\u00a0Isaque, Jac\u00f3, Mois\u00e9s, Raabe, Davi e muitos outros (Hb 11.13-16).<strong>\u00a0<\/strong><\/p>\n<p><strong>\u00a0<\/strong><\/p>\n<p><strong>&gt;&gt; Retirado de\u00a0<em><a href=\"http:\/\/www.ultimato.com.br\/loja\/produtos\/refeicoes-diarias-com-o-sabor-dos-salmos\">Refei\u00e7\u00f5es Di\u00e1rias com o Sabor dos Salmos<\/a><\/em> [Elben C\u00e9sar]. Editora Ultimato.<\/strong><strong>\u00a0<\/strong><\/p>\n<p>Ou\u00e7a as nossas devocionais pelo <a href=\"https:\/\/open.spotify.com\/show\/7CG8DL9dgWZEgPzX3rnk51?si=1dbGejI2TQS16eamNjb2rA\">Spotify<\/a>!<\/p>\n","protected":false},"excerpt":{"rendered":"<p>Tenho vivido tempo demais entre os que odeiam a paz. (Sl 120.6) O n\u00e3o-natural de um lugar \u00e9 obrigado a conviver com h\u00e1bitos\u00a0culturais diferentes, comida diferente, vestes diferentes, l\u00edngua diferente, credo\u00a0diferente, culto diferente, pessoas diferentes. \u00c0s vezes por pouco tempo, outras\u00a0vezes a vida inteira. No caso do salmista foi por muito tempo: \u201cTenho vivido\u00a0tempo demais [&hellip;]<\/p>\n","protected":false},"author":21,"featured_media":164,"comment_status":"open","ping_status":"open","sticky":false,"template":"","format":"standard","meta":{"ngg_post_thumbnail":0,"footnotes":""},"categories":[5478],"tags":[],"class_list":["post-9894","post","type-post","status-publish","format-standard","has-post-thumbnail","hentry","category-elben-cesar"],"publishpress_future_action":{"enabled":false,"date":"2026-05-05 03:52:45","action":"change-status","newStatus":"draft","terms":[],"taxonomy":"category","extraData":[]},"publishpress_future_workflow_manual_trigger":{"enabledWorkflows":[]},"_links":{"self":[{"href":"https:\/\/ultimato.com.br\/sites\/devocional-diaria\/wp-json\/wp\/v2\/posts\/9894","targetHints":{"allow":["GET"]}}],"collection":[{"href":"https:\/\/ultimato.com.br\/sites\/devocional-diaria\/wp-json\/wp\/v2\/posts"}],"about":[{"href":"https:\/\/ultimato.com.br\/sites\/devocional-diaria\/wp-json\/wp\/v2\/types\/post"}],"author":[{"embeddable":true,"href":"https:\/\/ultimato.com.br\/sites\/devocional-diaria\/wp-json\/wp\/v2\/users\/21"}],"replies":[{"embeddable":true,"href":"https:\/\/ultimato.com.br\/sites\/devocional-diaria\/wp-json\/wp\/v2\/comments?post=9894"}],"version-history":[{"count":1,"href":"https:\/\/ultimato.com.br\/sites\/devocional-diaria\/wp-json\/wp\/v2\/posts\/9894\/revisions"}],"predecessor-version":[{"id":9895,"href":"https:\/\/ultimato.com.br\/sites\/devocional-diaria\/wp-json\/wp\/v2\/posts\/9894\/revisions\/9895"}],"wp:featuredmedia":[{"embeddable":true,"href":"https:\/\/ultimato.com.br\/sites\/devocional-diaria\/wp-json\/wp\/v2\/media\/164"}],"wp:attachment":[{"href":"https:\/\/ultimato.com.br\/sites\/devocional-diaria\/wp-json\/wp\/v2\/media?parent=9894"}],"wp:term":[{"taxonomy":"category","embeddable":true,"href":"https:\/\/ultimato.com.br\/sites\/devocional-diaria\/wp-json\/wp\/v2\/categories?post=9894"},{"taxonomy":"post_tag","embeddable":true,"href":"https:\/\/ultimato.com.br\/sites\/devocional-diaria\/wp-json\/wp\/v2\/tags?post=9894"}],"curies":[{"name":"wp","href":"https:\/\/api.w.org\/{rel}","templated":true}]}}