{"id":9886,"date":"2022-08-26T00:00:36","date_gmt":"2022-08-26T02:00:36","guid":{"rendered":"https:\/\/ultimato.com.br\/sites\/devocional-diaria\/?p=9886"},"modified":"2022-08-08T17:29:38","modified_gmt":"2022-08-08T19:29:38","slug":"poder-e-testemunho","status":"publish","type":"post","link":"https:\/\/ultimato.com.br\/sites\/devocional-diaria\/2022\/08\/26\/autor\/elben-cesar\/poder-e-testemunho\/","title":{"rendered":"Poder e testemunho"},"content":{"rendered":"<p>Com que poder ou em nome de quem voc\u00eas fizeram isso? (4.7)<\/p>\n<p>Algo aconteceu de fato (a cura do coxo de nascen\u00e7a) e o Sin\u00e9drio estava\u00a0curioso: \u201cCom que poder voc\u00eas fizeram isso?\u201d.<\/p>\n<p>Os crist\u00e3os sabiam que por tr\u00e1s dos discursos, por tr\u00e1s das curas, por tr\u00e1s\u00a0dos milagres, por tr\u00e1s dos livramentos, havia o poder do Esp\u00edrito Santo. Mas\u00a0os inteligentes membros do Sin\u00e9drio nem o sumo sacerdote de nada sabiam.<\/p>\n<p>O poder que estava na frente das estranhas ocorr\u00eancias n\u00e3o era humano,\u00a0n\u00e3o era das massas, n\u00e3o era pol\u00edtico, n\u00e3o era de espada, n\u00e3o era do dem\u00f4nio,\u00a0n\u00e3o era de feiti\u00e7aria nem era de Pedro e Jo\u00e3o. Era o poder sobrenatural do\u00a0Esp\u00edrito Santo, como Jesus havia dito: \u201cQuando o Esp\u00edrito Santo descer sobre\u00a0voc\u00eas, voc\u00eas receber\u00e3o poder\u201d (1.8). Ele come\u00e7ou a aparecer especialmente\u00a0depois do Pentecostes, como estava previsto.<\/p>\n<p>Mas esse poder especial era emprestado aos ap\u00f3stolos e \u00e0 igreja, para fazerem\u00a0sinais e prod\u00edgios: \u201cEst\u00eav\u00e3o, um homem muito aben\u00e7oado por Deus\u00a0e <em>cheio de poder<\/em>, fazia grandes maravilhas e milagres entre o povo\u201d (6.8). N\u00e3o\u00a0s\u00f3 para isso, como tamb\u00e9m para dar testemunho de Jesus: \u201cCom <em>grande poder\u00a0<\/em>os ap\u00f3stolos davam testemunho da ressurrei\u00e7\u00e3o do Senhor Jesus\u201d (4.33). Era\u00a0assim que Apolo pregava: \u201cCom <em>grande poder, <\/em>convencia publicamente os\u00a0judeus, provando, por meio das Escrituras, que Cristo \u00e9 Jesus\u201d (18.28, RA).\u00a0Jesus colocou as coisas na ordem certa \u2014 primeiro o revestimento de poder\u00a0do Esp\u00edrito, depois: \u201cVoc\u00eas ser\u00e3o minhas testemunhas\u201d (1.8).<\/p>\n<p><strong>\u00a0<\/strong><\/p>\n<p><strong>&gt;&gt; Retirado de\u00a0<em><a href=\"https:\/\/www.ultimato.com.br\/loja\/produtos\/refeicoes-diarias\">Refei\u00e7\u00f5es Di\u00e1rias \u2013 no partir do p\u00e3o e na ora\u00e7\u00e3o<\/a><\/em> [Elben C\u00e9sar]. Editora Ultimato.<\/strong><strong>\u00a0<\/strong><\/p>\n<p>Ou\u00e7a as nossas devocionais pelo <a href=\"https:\/\/open.spotify.com\/show\/7CG8DL9dgWZEgPzX3rnk51?si=1dbGejI2TQS16eamNjb2rA\">Spotify<\/a>!<\/p>\n","protected":false},"excerpt":{"rendered":"<p>Com que poder ou em nome de quem voc\u00eas fizeram isso? (4.7) Algo aconteceu de fato (a cura do coxo de nascen\u00e7a) e o Sin\u00e9drio estava\u00a0curioso: \u201cCom que poder voc\u00eas fizeram isso?\u201d. Os crist\u00e3os sabiam que por tr\u00e1s dos discursos, por tr\u00e1s das curas, por tr\u00e1s\u00a0dos milagres, por tr\u00e1s dos livramentos, havia o poder do [&hellip;]<\/p>\n","protected":false},"author":21,"featured_media":161,"comment_status":"open","ping_status":"open","sticky":false,"template":"","format":"standard","meta":{"ngg_post_thumbnail":0,"footnotes":""},"categories":[5478],"tags":[],"class_list":["post-9886","post","type-post","status-publish","format-standard","has-post-thumbnail","hentry","category-elben-cesar"],"publishpress_future_action":{"enabled":false,"date":"2026-05-05 00:58:31","action":"change-status","newStatus":"draft","terms":[],"taxonomy":"category","extraData":[]},"publishpress_future_workflow_manual_trigger":{"enabledWorkflows":[]},"_links":{"self":[{"href":"https:\/\/ultimato.com.br\/sites\/devocional-diaria\/wp-json\/wp\/v2\/posts\/9886","targetHints":{"allow":["GET"]}}],"collection":[{"href":"https:\/\/ultimato.com.br\/sites\/devocional-diaria\/wp-json\/wp\/v2\/posts"}],"about":[{"href":"https:\/\/ultimato.com.br\/sites\/devocional-diaria\/wp-json\/wp\/v2\/types\/post"}],"author":[{"embeddable":true,"href":"https:\/\/ultimato.com.br\/sites\/devocional-diaria\/wp-json\/wp\/v2\/users\/21"}],"replies":[{"embeddable":true,"href":"https:\/\/ultimato.com.br\/sites\/devocional-diaria\/wp-json\/wp\/v2\/comments?post=9886"}],"version-history":[{"count":1,"href":"https:\/\/ultimato.com.br\/sites\/devocional-diaria\/wp-json\/wp\/v2\/posts\/9886\/revisions"}],"predecessor-version":[{"id":9887,"href":"https:\/\/ultimato.com.br\/sites\/devocional-diaria\/wp-json\/wp\/v2\/posts\/9886\/revisions\/9887"}],"wp:featuredmedia":[{"embeddable":true,"href":"https:\/\/ultimato.com.br\/sites\/devocional-diaria\/wp-json\/wp\/v2\/media\/161"}],"wp:attachment":[{"href":"https:\/\/ultimato.com.br\/sites\/devocional-diaria\/wp-json\/wp\/v2\/media?parent=9886"}],"wp:term":[{"taxonomy":"category","embeddable":true,"href":"https:\/\/ultimato.com.br\/sites\/devocional-diaria\/wp-json\/wp\/v2\/categories?post=9886"},{"taxonomy":"post_tag","embeddable":true,"href":"https:\/\/ultimato.com.br\/sites\/devocional-diaria\/wp-json\/wp\/v2\/tags?post=9886"}],"curies":[{"name":"wp","href":"https:\/\/api.w.org\/{rel}","templated":true}]}}