{"id":9882,"date":"2022-08-24T00:00:57","date_gmt":"2022-08-24T02:00:57","guid":{"rendered":"https:\/\/ultimato.com.br\/sites\/devocional-diaria\/?p=9882"},"modified":"2022-08-08T17:25:30","modified_gmt":"2022-08-08T19:25:30","slug":"os-dois-aniversarios-do-crente-2","status":"publish","type":"post","link":"https:\/\/ultimato.com.br\/sites\/devocional-diaria\/2022\/08\/24\/autor\/elben-cesar\/os-dois-aniversarios-do-crente-2\/","title":{"rendered":"Os dois anivers\u00e1rios do crente\u00a0"},"content":{"rendered":"<p>Voc\u00eas, pela viva e eterna palavra de Deus, nasceram de novo como filhos de um Pai\u00a0que \u00e9 imortal e n\u00e3o de pais mortais. (1Pe 1.23)<\/p>\n<p>Nem todo crente se lembra (nem \u00e9 obrigado a lembrar), mas todos os salvos,\u00a0os verdadeiros crentes, cujos nomes n\u00e3o est\u00e3o apenas nos livros de rol de membros\u00a0das igrejas, mas no Livro da Vida, t\u00eam dois anivers\u00e1rios: o anivers\u00e1rio do\u00a0nascimento f\u00edsico e o anivers\u00e1rio do nascimento espiritual. A B\u00edblia chama o\u00a0segundo nascimento de renascimento, de regenera\u00e7\u00e3o, de novo nascimento,\u00a0de convers\u00e3o (caso seja algo verdadeiramente aut\u00eantico). Ao nascer de novo,\u00a0na inf\u00e2ncia, na adolesc\u00eancia, na juventude, na idade adulta ou na velhice, essa\u00a0crian\u00e7a em Cristo \u00e9 batizada (para selar a transforma\u00e7\u00e3o pela qual passou) e\u00a0torna-se templo do Esp\u00edrito Santo (para selar a reden\u00e7\u00e3o).<\/p>\n<p>No primeiro nascimento, voc\u00ea vem ao mundo porque sua m\u00e3e ficou gr\u00e1vida\u00a0de seu pai. E eles, por serem humanos, s\u00e3o tamb\u00e9m mortais, perec\u00edveis e corrupt\u00edveis\u00a0(no que diz respeito \u00e0 dissolu\u00e7\u00e3o do corpo). No segundo nascimento,\u00a0voc\u00ea veio ao mundo porque a Palavra de Deus e o Esp\u00edrito Santo o alcan\u00e7aram.\u00a0Isso porque tanto a Palavra como o Esp\u00edrito s\u00e3o agentes de Deus, ambos s\u00e3o\u00a0\u201cpais\u201d imortais, imperec\u00edveis e incorrupt\u00edveis. N\u00e3o h\u00e1 nada complicado.<\/p>\n<p>A prega\u00e7\u00e3o do novo nascimento \u00e9 de suma import\u00e2ncia. O alvo dos\u00a0ganhadores de almas \u00e9 levar algu\u00e9m a Cristo e n\u00e3o necessariamente ao seu\u00a0grupo religioso. Todo ser humano precisa se convencer pela palavra vivida e\u00a0pela palavra pregada, pela Palavra de Deus e pelo Esp\u00edrito, que \u00e9 pecador e\u00a0est\u00e1 sob o peso da m\u00e3o de Deus. Precisa se arrepender e crer em Jesus Cristo\u00a0como Senhor e Salvador. Se todo esse simples processo acontecer de fato, esse\u00a0pecador ent\u00e3o se tornar\u00e1 uma nova criatura. Jesus disse a um proeminente\u00a0l\u00edder judaico, chamado Nicodemos: \u201cningu\u00e9m pode ver o Reino de Deus se\u00a0n\u00e3o nascer de novo\u201d (Jo 3.3).<\/p>\n<p>Quem est\u00e1 unido com Cristo \u00e9 uma nova pessoa; acabou-se o que era velho!<strong>\u00a0<\/strong><\/p>\n<p><strong>\u00a0<\/strong><\/p>\n<p><strong>&gt;&gt; Retirado de\u00a0<em><a href=\"https:\/\/www.ultimato.com.br\/loja\/produtos\/refeicoes-diarias-com-os-discipulos\">Refei\u00e7\u00f5es Di\u00e1rias com os Disc\u00edpulos<\/a><\/em> [Elben C\u00e9sar]. Editora Ultimato.<\/strong><strong>\u00a0<\/strong><\/p>\n<p>Ou\u00e7a as nossas devocionais pelo <a href=\"https:\/\/open.spotify.com\/show\/7CG8DL9dgWZEgPzX3rnk51?si=1dbGejI2TQS16eamNjb2rA\">Spotify<\/a>!<\/p>\n","protected":false},"excerpt":{"rendered":"<p>Voc\u00eas, pela viva e eterna palavra de Deus, nasceram de novo como filhos de um Pai\u00a0que \u00e9 imortal e n\u00e3o de pais mortais. (1Pe 1.23) Nem todo crente se lembra (nem \u00e9 obrigado a lembrar), mas todos os salvos,\u00a0os verdadeiros crentes, cujos nomes n\u00e3o est\u00e3o apenas nos livros de rol de membros\u00a0das igrejas, mas no [&hellip;]<\/p>\n","protected":false},"author":21,"featured_media":163,"comment_status":"open","ping_status":"open","sticky":false,"template":"","format":"standard","meta":{"ngg_post_thumbnail":0,"footnotes":""},"categories":[5478],"tags":[],"class_list":["post-9882","post","type-post","status-publish","format-standard","has-post-thumbnail","hentry","category-elben-cesar"],"publishpress_future_action":{"enabled":false,"date":"2026-05-06 22:36:24","action":"change-status","newStatus":"draft","terms":[],"taxonomy":"category","extraData":[]},"publishpress_future_workflow_manual_trigger":{"enabledWorkflows":[]},"_links":{"self":[{"href":"https:\/\/ultimato.com.br\/sites\/devocional-diaria\/wp-json\/wp\/v2\/posts\/9882","targetHints":{"allow":["GET"]}}],"collection":[{"href":"https:\/\/ultimato.com.br\/sites\/devocional-diaria\/wp-json\/wp\/v2\/posts"}],"about":[{"href":"https:\/\/ultimato.com.br\/sites\/devocional-diaria\/wp-json\/wp\/v2\/types\/post"}],"author":[{"embeddable":true,"href":"https:\/\/ultimato.com.br\/sites\/devocional-diaria\/wp-json\/wp\/v2\/users\/21"}],"replies":[{"embeddable":true,"href":"https:\/\/ultimato.com.br\/sites\/devocional-diaria\/wp-json\/wp\/v2\/comments?post=9882"}],"version-history":[{"count":1,"href":"https:\/\/ultimato.com.br\/sites\/devocional-diaria\/wp-json\/wp\/v2\/posts\/9882\/revisions"}],"predecessor-version":[{"id":9883,"href":"https:\/\/ultimato.com.br\/sites\/devocional-diaria\/wp-json\/wp\/v2\/posts\/9882\/revisions\/9883"}],"wp:featuredmedia":[{"embeddable":true,"href":"https:\/\/ultimato.com.br\/sites\/devocional-diaria\/wp-json\/wp\/v2\/media\/163"}],"wp:attachment":[{"href":"https:\/\/ultimato.com.br\/sites\/devocional-diaria\/wp-json\/wp\/v2\/media?parent=9882"}],"wp:term":[{"taxonomy":"category","embeddable":true,"href":"https:\/\/ultimato.com.br\/sites\/devocional-diaria\/wp-json\/wp\/v2\/categories?post=9882"},{"taxonomy":"post_tag","embeddable":true,"href":"https:\/\/ultimato.com.br\/sites\/devocional-diaria\/wp-json\/wp\/v2\/tags?post=9882"}],"curies":[{"name":"wp","href":"https:\/\/api.w.org\/{rel}","templated":true}]}}