{"id":9880,"date":"2022-08-23T00:00:44","date_gmt":"2022-08-23T02:00:44","guid":{"rendered":"https:\/\/ultimato.com.br\/sites\/devocional-diaria\/?p=9880"},"modified":"2022-08-08T17:23:28","modified_gmt":"2022-08-08T19:23:28","slug":"ele-vai-direto-ao-ponto","status":"publish","type":"post","link":"https:\/\/ultimato.com.br\/sites\/devocional-diaria\/2022\/08\/23\/autor\/elben-cesar\/ele-vai-direto-ao-ponto\/","title":{"rendered":"Ele vai direto ao ponto"},"content":{"rendered":"<p>Admiravam-se do seu ensino, porque ele os ensinava como quem tinha\u00a0autoridade e n\u00e3o como os escribas. (Mc 1.22)<\/p>\n<p>Jesus n\u00e3o era t\u00edmido. N\u00e3o era medroso. N\u00e3o fugia das quest\u00f5es levantadas\u00a0por seus opositores.<\/p>\n<p>Certa vez, depois de ter expulso os vendilh\u00f5es do templo, a lideran\u00e7a\u00a0religiosa de Jerusal\u00e9m se acercou dele e o interrogou: \u201cCom que autoridade\u00a0fazes estas coisas? E quem te deu essa autoridade?\u201d.<\/p>\n<p>Jesus se prontificou a dar a resposta, caso eles respondessem, primeiro,\u00a0a uma pergunta dele: \u201cDe onde era o batismo de Jo\u00e3o? Do c\u00e9u ou dos homens?\u201d.\u00a0Como os principais sacerdotes e os escribas disseram que n\u00e3o sabiam,\u00a0Jesus acudiu: \u201cNem eu vos digo com que autoridade fa\u00e7o estas coisas\u201d.<\/p>\n<p>A hist\u00f3ria n\u00e3o para a\u00ed. Depois de narrar para eles a hist\u00f3ria dos dois\u00a0irm\u00e3os que reagiram de maneira diferente \u00e0 ordem do pai para trabalhar na\u00a0vinha \u2013 o primeiro disse que iria, mas n\u00e3o foi, e o segundo disse que n\u00e3o\u00a0iria, mas, depois, arrependido, acabou indo \u2013, Jesus lhes perguntou: \u201cQual\u00a0dos dois fez a vontade do pai?\u201d. Desta vez, eles responderam: \u201cO segundo\u201d.<\/p>\n<p>Ent\u00e3o, Jesus lhes disse com toda a franqueza que eles estavam se comportando\u00a0como o primeiro mo\u00e7o, e as meretrizes e os publicanos estavam\u00a0se comportando como o segundo mo\u00e7o. Foi uma acusa\u00e7\u00e3o frontal e muito\u00a0do\u00edda para eles, que se consideravam justos e discriminavam as prostitutas\u00a0e a classe dos publicanos (Mt 21.23-32).<\/p>\n<p>&nbsp;<\/p>\n<p><strong>&gt;&gt; Retirado de\u00a0<em><a href=\"https:\/\/www.ultimato.com.br\/loja\/produtos\/cuide-das-raizes-espere-pelos-frutos\">Cuide das Ra\u00edzes, Espere pelos Frutos<\/a><\/em>, [Elben C\u00e9sar]. Editora Ultimato.<\/strong><\/p>\n<p>Ou\u00e7a as nossas devocionais pelo <a href=\"https:\/\/open.spotify.com\/show\/7CG8DL9dgWZEgPzX3rnk51?si=1dbGejI2TQS16eamNjb2rA\">Spotify<\/a>!<\/p>\n","protected":false},"excerpt":{"rendered":"<p>Admiravam-se do seu ensino, porque ele os ensinava como quem tinha\u00a0autoridade e n\u00e3o como os escribas. (Mc 1.22) Jesus n\u00e3o era t\u00edmido. N\u00e3o era medroso. N\u00e3o fugia das quest\u00f5es levantadas\u00a0por seus opositores. Certa vez, depois de ter expulso os vendilh\u00f5es do templo, a lideran\u00e7a\u00a0religiosa de Jerusal\u00e9m se acercou dele e o interrogou: \u201cCom que autoridade\u00a0fazes [&hellip;]<\/p>\n","protected":false},"author":21,"featured_media":164,"comment_status":"open","ping_status":"open","sticky":false,"template":"","format":"standard","meta":{"ngg_post_thumbnail":0,"footnotes":""},"categories":[5478],"tags":[],"class_list":["post-9880","post","type-post","status-publish","format-standard","has-post-thumbnail","hentry","category-elben-cesar"],"publishpress_future_action":{"enabled":false,"date":"2026-05-06 22:33:32","action":"change-status","newStatus":"draft","terms":[],"taxonomy":"category","extraData":[]},"publishpress_future_workflow_manual_trigger":{"enabledWorkflows":[]},"_links":{"self":[{"href":"https:\/\/ultimato.com.br\/sites\/devocional-diaria\/wp-json\/wp\/v2\/posts\/9880","targetHints":{"allow":["GET"]}}],"collection":[{"href":"https:\/\/ultimato.com.br\/sites\/devocional-diaria\/wp-json\/wp\/v2\/posts"}],"about":[{"href":"https:\/\/ultimato.com.br\/sites\/devocional-diaria\/wp-json\/wp\/v2\/types\/post"}],"author":[{"embeddable":true,"href":"https:\/\/ultimato.com.br\/sites\/devocional-diaria\/wp-json\/wp\/v2\/users\/21"}],"replies":[{"embeddable":true,"href":"https:\/\/ultimato.com.br\/sites\/devocional-diaria\/wp-json\/wp\/v2\/comments?post=9880"}],"version-history":[{"count":1,"href":"https:\/\/ultimato.com.br\/sites\/devocional-diaria\/wp-json\/wp\/v2\/posts\/9880\/revisions"}],"predecessor-version":[{"id":9881,"href":"https:\/\/ultimato.com.br\/sites\/devocional-diaria\/wp-json\/wp\/v2\/posts\/9880\/revisions\/9881"}],"wp:featuredmedia":[{"embeddable":true,"href":"https:\/\/ultimato.com.br\/sites\/devocional-diaria\/wp-json\/wp\/v2\/media\/164"}],"wp:attachment":[{"href":"https:\/\/ultimato.com.br\/sites\/devocional-diaria\/wp-json\/wp\/v2\/media?parent=9880"}],"wp:term":[{"taxonomy":"category","embeddable":true,"href":"https:\/\/ultimato.com.br\/sites\/devocional-diaria\/wp-json\/wp\/v2\/categories?post=9880"},{"taxonomy":"post_tag","embeddable":true,"href":"https:\/\/ultimato.com.br\/sites\/devocional-diaria\/wp-json\/wp\/v2\/tags?post=9880"}],"curies":[{"name":"wp","href":"https:\/\/api.w.org\/{rel}","templated":true}]}}