{"id":9876,"date":"2022-08-22T00:00:15","date_gmt":"2022-08-22T02:00:15","guid":{"rendered":"https:\/\/ultimato.com.br\/sites\/devocional-diaria\/?p=9876"},"modified":"2022-08-08T17:22:40","modified_gmt":"2022-08-08T19:22:40","slug":"quem-dera-2","status":"publish","type":"post","link":"https:\/\/ultimato.com.br\/sites\/devocional-diaria\/2022\/08\/22\/autor\/elben-cesar\/quem-dera-2\/","title":{"rendered":"Quem dera!"},"content":{"rendered":"<p>Quem dera fossem firmados os meus caminhos\u00a0na obedi\u00eancia aos teus decretos. (Sl 119.5)<\/p>\n<p>O cora\u00e7\u00e3o do homem est\u00e1 cheio de desejos. Qual deles\u00a0\u00e9 o mais intenso e qual deles \u00e9 o mais urgente, nem sempre se sabe com\u00a0precis\u00e3o. Por serem mais de um, por serem muitos, por serem variados, por\u00a0serem atrevidos.<\/p>\n<p>Numa ocasi\u00e3o, o salmista exclamou: \u201cQuem me dera me trouxessem\u00a0\u00e1gua da cisterna da porta de Bel\u00e9m!\u201d (2Sm 23.15). Noutra ocasi\u00e3o, tornou a\u00a0exclamar: \u201cQuem dera fossem firmados os meus caminhos na obedi\u00eancia\u00a0aos teus decretos!\u201d (Sl 119.5). \u00c1gua de Bel\u00e9m e obedi\u00eancia aos decretos do\u00a0Senhor: dois desejos fort\u00edssimos em ocasi\u00f5es diferentes.<\/p>\n<p>Dificilmente uma pessoa resgatada do dom\u00ednio das trevas e transportadas\u00a0para o Reino de Deus por Jesus Cristo (Cl 1.13) n\u00e3o tem ambi\u00e7\u00f5es de santidade.\u00a0Ela expressa esse forte desejo em suas ora\u00e7\u00f5es: \u201cTomara que eu n\u00e3o me\u00a0ire nunca mais\u201d; \u201cOxal\u00e1 eu nunca me deixe envaidecer\u201d; \u201cQuem dera que eu\u00a0jamais cometesse tal pecado outra vez\u201d; e assim por diante.<\/p>\n<p>De fato, o alvo mais alto, a meta mais desej\u00e1vel, o ideal mais bem-aventurado\u00a0\u00e9 n\u00e3o pecar contra Deus. Foi o ap\u00f3stolo Jo\u00e3o quem asseverou:\u00a0\u201cEscrevo-lhes estas coisas para que voc\u00eas n\u00e3o pequem\u201d (1Jo 2.1).<\/p>\n<p>Mas o alvo \u00e9 dif\u00edcil. Jo\u00e3o mesmo o admite: \u201cSe, por\u00e9m, algu\u00e9m pecar,\u00a0temos um intercessor junto ao Pai, Jesus Cristo, o Justo\u201d.<\/p>\n<p>\u00c9 por essa raz\u00e3o que dizemos: \u201cQuem dera!\u201d, \u201cTomara!\u201d e \u201cOxal\u00e1!\u201d.\u00a0Todavia, mesmo dif\u00edcil, mesmo alto demais para a atual estrutura interna e\u00a0externa, \u00e9 preciso continuar a clamar como o salmista: \u201cQuem dera fossem\u00a0firmados os meus caminhos na obedi\u00eancia aos teus decretos\u201d!<\/p>\n<p>&nbsp;<\/p>\n<p><strong>&gt;&gt; Retirado de\u00a0<em><a href=\"http:\/\/www.ultimato.com.br\/loja\/produtos\/refeicoes-diarias-com-o-sabor-dos-salmos\">Refei\u00e7\u00f5es Di\u00e1rias com o Sabor dos Salmos<\/a><\/em> [Elben C\u00e9sar]. Editora Ultimato.<\/strong><strong>\u00a0<\/strong><\/p>\n<p>Ou\u00e7a as nossas devocionais pelo <a href=\"https:\/\/open.spotify.com\/show\/7CG8DL9dgWZEgPzX3rnk51?si=1dbGejI2TQS16eamNjb2rA\">Spotify<\/a>!<\/p>\n","protected":false},"excerpt":{"rendered":"<p>Quem dera fossem firmados os meus caminhos\u00a0na obedi\u00eancia aos teus decretos. (Sl 119.5) O cora\u00e7\u00e3o do homem est\u00e1 cheio de desejos. Qual deles\u00a0\u00e9 o mais intenso e qual deles \u00e9 o mais urgente, nem sempre se sabe com\u00a0precis\u00e3o. Por serem mais de um, por serem muitos, por serem variados, por\u00a0serem atrevidos. Numa ocasi\u00e3o, o salmista [&hellip;]<\/p>\n","protected":false},"author":21,"featured_media":165,"comment_status":"open","ping_status":"open","sticky":false,"template":"","format":"standard","meta":{"ngg_post_thumbnail":0,"footnotes":""},"categories":[5478],"tags":[],"class_list":["post-9876","post","type-post","status-publish","format-standard","has-post-thumbnail","hentry","category-elben-cesar"],"publishpress_future_action":{"enabled":false,"date":"2026-05-06 22:37:41","action":"change-status","newStatus":"draft","terms":[],"taxonomy":"category","extraData":[]},"publishpress_future_workflow_manual_trigger":{"enabledWorkflows":[]},"_links":{"self":[{"href":"https:\/\/ultimato.com.br\/sites\/devocional-diaria\/wp-json\/wp\/v2\/posts\/9876","targetHints":{"allow":["GET"]}}],"collection":[{"href":"https:\/\/ultimato.com.br\/sites\/devocional-diaria\/wp-json\/wp\/v2\/posts"}],"about":[{"href":"https:\/\/ultimato.com.br\/sites\/devocional-diaria\/wp-json\/wp\/v2\/types\/post"}],"author":[{"embeddable":true,"href":"https:\/\/ultimato.com.br\/sites\/devocional-diaria\/wp-json\/wp\/v2\/users\/21"}],"replies":[{"embeddable":true,"href":"https:\/\/ultimato.com.br\/sites\/devocional-diaria\/wp-json\/wp\/v2\/comments?post=9876"}],"version-history":[{"count":3,"href":"https:\/\/ultimato.com.br\/sites\/devocional-diaria\/wp-json\/wp\/v2\/posts\/9876\/revisions"}],"predecessor-version":[{"id":9879,"href":"https:\/\/ultimato.com.br\/sites\/devocional-diaria\/wp-json\/wp\/v2\/posts\/9876\/revisions\/9879"}],"wp:featuredmedia":[{"embeddable":true,"href":"https:\/\/ultimato.com.br\/sites\/devocional-diaria\/wp-json\/wp\/v2\/media\/165"}],"wp:attachment":[{"href":"https:\/\/ultimato.com.br\/sites\/devocional-diaria\/wp-json\/wp\/v2\/media?parent=9876"}],"wp:term":[{"taxonomy":"category","embeddable":true,"href":"https:\/\/ultimato.com.br\/sites\/devocional-diaria\/wp-json\/wp\/v2\/categories?post=9876"},{"taxonomy":"post_tag","embeddable":true,"href":"https:\/\/ultimato.com.br\/sites\/devocional-diaria\/wp-json\/wp\/v2\/tags?post=9876"}],"curies":[{"name":"wp","href":"https:\/\/api.w.org\/{rel}","templated":true}]}}