{"id":9874,"date":"2022-08-21T00:00:54","date_gmt":"2022-08-21T02:00:54","guid":{"rendered":"https:\/\/ultimato.com.br\/sites\/devocional-diaria\/?p=9874"},"modified":"2022-08-08T17:16:13","modified_gmt":"2022-08-08T19:16:13","slug":"depressao-espiritual-3","status":"publish","type":"post","link":"https:\/\/ultimato.com.br\/sites\/devocional-diaria\/2022\/08\/21\/autor\/john-stott\/depressao-espiritual-3\/","title":{"rendered":"Depress\u00e3o espiritual"},"content":{"rendered":"<p>Por que voc\u00ea est\u00e1 assim t\u00e3o triste, \u00f3 minha alma? [&#8230;] Ponha a sua esperan\u00e7a em Deus! \u00a0(Salmos 42.5)<\/p>\n<p>A depress\u00e3o parece ser uma condi\u00e7\u00e3o bastante comum entre os crist\u00e3os. N\u00e3o me refiro \u00e0 depress\u00e3o cl\u00ednica, que pode necessitar de psicoterapia espe\u00adcializada, mas \u00e0 depress\u00e3o espiritual, com a qual dever\u00edamos ser capazes de lidar por n\u00f3s mesmos.<\/p>\n<p>O autor dos salmos 42 e 43 (que evidentemente formam um \u00fanico salmo) \u00e9 claro acerca de sua depress\u00e3o. Para come\u00e7ar, ele est\u00e1 com sede de Deus (t\u00e3o sedento quanto a cor\u00e7a pelas \u00e1guas), porque est\u00e1 separado dele, passando por algum tipo de ex\u00edlio for\u00e7ado. Ele lembra das grandes celebra\u00e7\u00f5es do passado, quando \u201centrava para apresentar-se a Deus\u201d (42.2), e anseia por retornar \u201cao altar de Deus\u201d, fonte de sua plena alegria (43.4).<\/p>\n<p>Sua depress\u00e3o se deve, no entanto, n\u00e3o somente \u00e0 aus\u00eancia de Deus, mas tamb\u00e9m \u00e0 presen\u00e7a de inimigos. Eles o provocam perguntando: \u201cOnde est\u00e1 o seu Deus?\u201d (42.3, 10). Eles fizeram essa pergunta em parte porque eram id\u00f3latras \u2013 seus deuses podiam ser vistos e tocados, enquanto o \u201cDeus vivo\u201d (42.2) \u00e9 invis\u00edvel e intang\u00edvel \u2013 e em parte porque Deus aparentemente n\u00e3o era capaz de defender seu povo.<\/p>\n<p>Cada estrofe termina com o mesmo refr\u00e3o (42.5,11; 43.5), no qual o sal\u00admista fala consigo mesmo. As pessoas costumam dizer que falar sozinho \u00e9 o primeiro sinal de loucura. Ao contr\u00e1rio, trata-se de um sinal de maturidade \u2013 embora dependa daquilo que estamos dizendo a n\u00f3s mesmos! No texto o salmista se recusa a resignar-se \u00e0 sua condi\u00e7\u00e3o ou ao seu estado de esp\u00edrito. Ele toma as r\u00e9deas de sua vida. Primeiramente, ele se questiona: \u201cPor que voc\u00ea est\u00e1 assim t\u00e3o triste, \u00f3 minha alma?\u201d Sua pergunta inclui uma repreens\u00e3o impl\u00edcita. Em seguida, ele exorta a si mesmo: \u201cPonha a sua esperan\u00e7a em Deus!\u201d. Somente Deus \u00e9 digno de nossa confian\u00e7a. Por fim, ele diz a si mesmo: \u201cPois ainda o louvarei; ele \u00e9 o meu Salvador e o meu Deus\u201d. O uso duplo do pronome possessivo, \u201cmeu Salvador e meu Deus\u201d, \u00e9 muito significativo. O salmista est\u00e1 reafirmando sua rela\u00e7\u00e3o de alian\u00e7a com Deus que nenhuma altera\u00e7\u00e3o de humor pode destruir.<\/p>\n<p>Para saber mais: Salmos 42.1-11<strong>\u00a0<\/strong><\/p>\n<p><strong>\u00a0<\/strong><\/p>\n<p><strong>&gt;&gt; Retirado de\u00a0<em><a href=\"https:\/\/www.ultimato.com.br\/loja\/produtos\/a-biblia-toda-o-ano-todo-1\">A B\u00edblia Toda, o Ano Todo<\/a><\/em>\u00a0[John Stott]. Editora Ultimato.<\/strong><\/p>\n<p>Ou\u00e7a as nossas devocionais pelo <a href=\"https:\/\/open.spotify.com\/show\/7CG8DL9dgWZEgPzX3rnk51?si=1dbGejI2TQS16eamNjb2rA\">Spotify<\/a>!<\/p>\n","protected":false},"excerpt":{"rendered":"<p>Por que voc\u00ea est\u00e1 assim t\u00e3o triste, \u00f3 minha alma? [&#8230;] Ponha a sua esperan\u00e7a em Deus! \u00a0(Salmos 42.5) A depress\u00e3o parece ser uma condi\u00e7\u00e3o bastante comum entre os crist\u00e3os. N\u00e3o me refiro \u00e0 depress\u00e3o cl\u00ednica, que pode necessitar de psicoterapia espe\u00adcializada, mas \u00e0 depress\u00e3o espiritual, com a qual dever\u00edamos ser capazes de lidar por [&hellip;]<\/p>\n","protected":false},"author":21,"featured_media":166,"comment_status":"open","ping_status":"open","sticky":false,"template":"","format":"standard","meta":{"ngg_post_thumbnail":0,"footnotes":""},"categories":[5668],"tags":[],"class_list":["post-9874","post","type-post","status-publish","format-standard","has-post-thumbnail","hentry","category-john-stott"],"publishpress_future_action":{"enabled":false,"date":"2026-05-05 00:56:49","action":"change-status","newStatus":"draft","terms":[],"taxonomy":"category","extraData":[]},"publishpress_future_workflow_manual_trigger":{"enabledWorkflows":[]},"_links":{"self":[{"href":"https:\/\/ultimato.com.br\/sites\/devocional-diaria\/wp-json\/wp\/v2\/posts\/9874","targetHints":{"allow":["GET"]}}],"collection":[{"href":"https:\/\/ultimato.com.br\/sites\/devocional-diaria\/wp-json\/wp\/v2\/posts"}],"about":[{"href":"https:\/\/ultimato.com.br\/sites\/devocional-diaria\/wp-json\/wp\/v2\/types\/post"}],"author":[{"embeddable":true,"href":"https:\/\/ultimato.com.br\/sites\/devocional-diaria\/wp-json\/wp\/v2\/users\/21"}],"replies":[{"embeddable":true,"href":"https:\/\/ultimato.com.br\/sites\/devocional-diaria\/wp-json\/wp\/v2\/comments?post=9874"}],"version-history":[{"count":1,"href":"https:\/\/ultimato.com.br\/sites\/devocional-diaria\/wp-json\/wp\/v2\/posts\/9874\/revisions"}],"predecessor-version":[{"id":9875,"href":"https:\/\/ultimato.com.br\/sites\/devocional-diaria\/wp-json\/wp\/v2\/posts\/9874\/revisions\/9875"}],"wp:featuredmedia":[{"embeddable":true,"href":"https:\/\/ultimato.com.br\/sites\/devocional-diaria\/wp-json\/wp\/v2\/media\/166"}],"wp:attachment":[{"href":"https:\/\/ultimato.com.br\/sites\/devocional-diaria\/wp-json\/wp\/v2\/media?parent=9874"}],"wp:term":[{"taxonomy":"category","embeddable":true,"href":"https:\/\/ultimato.com.br\/sites\/devocional-diaria\/wp-json\/wp\/v2\/categories?post=9874"},{"taxonomy":"post_tag","embeddable":true,"href":"https:\/\/ultimato.com.br\/sites\/devocional-diaria\/wp-json\/wp\/v2\/tags?post=9874"}],"curies":[{"name":"wp","href":"https:\/\/api.w.org\/{rel}","templated":true}]}}