{"id":9872,"date":"2022-08-20T00:00:39","date_gmt":"2022-08-20T02:00:39","guid":{"rendered":"https:\/\/ultimato.com.br\/sites\/devocional-diaria\/?p=9872"},"modified":"2022-08-08T17:13:29","modified_gmt":"2022-08-08T19:13:29","slug":"busque-novas-responsabilidades","status":"publish","type":"post","link":"https:\/\/ultimato.com.br\/sites\/devocional-diaria\/2022\/08\/20\/autor\/stanley-jones\/busque-novas-responsabilidades\/","title":{"rendered":"Busque novas responsabilidades"},"content":{"rendered":"<p>Salmos 92.12-15; 106.15<\/p>\n<p><em>Se sua tarefa atual o estiver cansando, resolva come\u00e7ar outra. <\/em>Quero dizer, al\u00e9m daquela\u00a0que voc\u00ea j\u00e1 faz. Sei que voc\u00ea n\u00e3o quer desistir, mas insisto nisso. \u201cN\u00e3o estamos\u00a0cansados daquilo que fazemos\u201d, diz Marie Beynon Ray, \u201cmas daquilo que n\u00e3o\u00a0fazemos, de todas as coisas interessantes e emocionantes negligenciadas no mundo\u00a0que estamos perdendo. Relaxar, n\u00e3o descansar, \u00e9 do que precisamos. E relaxamento\u00a0significa atividade construtiva. A cura da fadiga est\u00e1 no aumento de atividades,\u00a0seja na forma de trabalho ou de divers\u00e3o\u201d.*<\/p>\n<p>O poeta Edgar Guest aposentou-se aos cinquenta anos. N\u00e3o demorou muito,\u00a0ele ficou de cama, buscando m\u00e9dicos, enfermeiras e rem\u00e9dios. Nem um \u00fanico m\u00e9dico\u00a0conseguiu encontrar algo de errado com ele, e isso o deixou revoltado, pois se\u00a0sentia muito doente. Finalmente, a esposa lhe disse o que estava errado. Ele estava\u00a0morrendo \u2013 morrendo de t\u00e9dio \u2013, e seria melhor sair da cama por conta pr\u00f3pria\u00a0antes que eles tivessem de chamar o agente funer\u00e1rio. Guest pareceu deslumbrado\u00a0com a not\u00edcia, levantou-se no mesmo instante e p\u00f4s-se a trabalhar. At\u00e9 agora ele\u00a0tem trabalhado e na melhor forma f\u00edsica poss\u00edvel.<\/p>\n<p>E n\u00e3o tente a \u201ccura do repouso\u201d. Os lugares onde as pessoas n\u00e3o fazem nada\u00a0al\u00e9m de descansar e se encher de comida est\u00e3o fechando. Por qu\u00ea? Porque nove em\u00a0cada dez pessoas que v\u00e3o a esses lugares n\u00e3o precisam descansar; elas precisam se\u00a0libertar de si mesmas. \u201cNunca vi um \u00fanico caso cr\u00f4nico de dist\u00farbio nervoso curado\u00a0por tais meios\u201d, diz o not\u00e1vel psiquiatra Abraham Brill.** Precisamos de liberta\u00e7\u00e3o,\u00a0n\u00e3o de descanso. Essas pessoas precisam ser libertas da aten\u00e7\u00e3o que d\u00e3o a si mesmas.<\/p>\n<p>Um homem se aposentou aos 55 anos. Pensou que viveria de sua aposentadoria.\u00a0Em vez disso, vivia com dores, inc\u00f4modos e queixas. Toda a sua ocupa\u00e7\u00e3o mental\u00a0se concentrava em justificar sua inatividade \u2013 ele n\u00e3o estava doente? Como poderia\u00a0trabalhar? Ent\u00e3o ele come\u00e7ou a trabalhar um pouquinho a cada dia. Agora\u00a0ele trabalha em tempo integral. \u201cEle \u00e9 um homem diferente\u201d, dizem todos. E \u00e9\u00a0mesmo. O trabalho fez isso. A responsabilidade deu-lhe descanso, porque o p\u00f4s\u00a0em harmonia consigo mesmo. A doutora C. F. J. Richards disse: \u201cTenho 68 anos.\u00a0Ainda trabalho nove ou dez horas por dia, e nunca na minha vida me senti cansada.\u00a0Eu costumava oferecer a cura do repouso, e vi que todas essas pessoas tinham algo\u00a0em comum: a falta de autocontrole. Era a mente delas, n\u00e3o o corpo, que estava\u00a0doente\u201d.** Ela colocou as pessoas para trabalhar \u2013 e as curou!<\/p>\n<p><em>\u00d3 Cristo, que disseste: \u201cMeu Pai continua trabalhando at\u00e9 hoje, e eu tamb\u00e9m estou trabalhando\u201d\u00a0(Jo 5.17), d\u00e1-me tua paix\u00e3o pela atividade criativa. N\u00e3o quero estar inquietamente\u00a0ocupado, mas ser calmamente criativo. Pois fui criado pelo trabalho e para o trabalho. Mas,\u00a0contigo, o trabalho ser\u00e1 divertido e toda a vida, como f\u00e9rias. Eu te agrade\u00e7o. Am\u00e9m.\u00a0<\/em><\/p>\n<p>Afirma\u00e7\u00e3o do dia: \u201cSe por estarmos em Cristo n\u00f3s temos alguma motiva\u00e7\u00e3o [&#8230;]\u201d\u00a0(Fp 2.1).<\/p>\n<p>&nbsp;<\/p>\n<p>* RAY, Marie Beynon. <em>How never to be tired<\/em>. Indian\u00e1polis; NY: Bobbs-Merrill Co., 1944.<\/p>\n<p>** A fonte desta cita\u00e7\u00e3o \u00e9 desconhecida.<strong>\u00a0<\/strong><\/p>\n<p><strong>\u00a0<\/strong><\/p>\n<p><strong>&gt;&gt; Retirado de\u00a0<em><a href=\"https:\/\/www.ultimato.com.br\/loja\/produtos\/o-caminho\">O Caminho<\/a><\/em> [Stanley Jones]. Editora Ultimato.<\/strong><\/p>\n<p>Ou\u00e7a as nossas devocionais pelo <a href=\"https:\/\/open.spotify.com\/show\/7CG8DL9dgWZEgPzX3rnk51?si=1dbGejI2TQS16eamNjb2rA\">Spotify<\/a>!<\/p>\n","protected":false},"excerpt":{"rendered":"<p>Salmos 92.12-15; 106.15 Se sua tarefa atual o estiver cansando, resolva come\u00e7ar outra. Quero dizer, al\u00e9m daquela\u00a0que voc\u00ea j\u00e1 faz. Sei que voc\u00ea n\u00e3o quer desistir, mas insisto nisso. \u201cN\u00e3o estamos\u00a0cansados daquilo que fazemos\u201d, diz Marie Beynon Ray, \u201cmas daquilo que n\u00e3o\u00a0fazemos, de todas as coisas interessantes e emocionantes negligenciadas no mundo\u00a0que estamos perdendo. Relaxar, [&hellip;]<\/p>\n","protected":false},"author":21,"featured_media":157,"comment_status":"open","ping_status":"open","sticky":false,"template":"","format":"standard","meta":{"ngg_post_thumbnail":0,"footnotes":""},"categories":[40852],"tags":[],"class_list":["post-9872","post","type-post","status-publish","format-standard","has-post-thumbnail","hentry","category-stanley-jones"],"publishpress_future_action":{"enabled":false,"date":"2026-05-04 23:17:03","action":"change-status","newStatus":"draft","terms":[],"taxonomy":"category","extraData":[]},"publishpress_future_workflow_manual_trigger":{"enabledWorkflows":[]},"_links":{"self":[{"href":"https:\/\/ultimato.com.br\/sites\/devocional-diaria\/wp-json\/wp\/v2\/posts\/9872","targetHints":{"allow":["GET"]}}],"collection":[{"href":"https:\/\/ultimato.com.br\/sites\/devocional-diaria\/wp-json\/wp\/v2\/posts"}],"about":[{"href":"https:\/\/ultimato.com.br\/sites\/devocional-diaria\/wp-json\/wp\/v2\/types\/post"}],"author":[{"embeddable":true,"href":"https:\/\/ultimato.com.br\/sites\/devocional-diaria\/wp-json\/wp\/v2\/users\/21"}],"replies":[{"embeddable":true,"href":"https:\/\/ultimato.com.br\/sites\/devocional-diaria\/wp-json\/wp\/v2\/comments?post=9872"}],"version-history":[{"count":1,"href":"https:\/\/ultimato.com.br\/sites\/devocional-diaria\/wp-json\/wp\/v2\/posts\/9872\/revisions"}],"predecessor-version":[{"id":9873,"href":"https:\/\/ultimato.com.br\/sites\/devocional-diaria\/wp-json\/wp\/v2\/posts\/9872\/revisions\/9873"}],"wp:featuredmedia":[{"embeddable":true,"href":"https:\/\/ultimato.com.br\/sites\/devocional-diaria\/wp-json\/wp\/v2\/media\/157"}],"wp:attachment":[{"href":"https:\/\/ultimato.com.br\/sites\/devocional-diaria\/wp-json\/wp\/v2\/media?parent=9872"}],"wp:term":[{"taxonomy":"category","embeddable":true,"href":"https:\/\/ultimato.com.br\/sites\/devocional-diaria\/wp-json\/wp\/v2\/categories?post=9872"},{"taxonomy":"post_tag","embeddable":true,"href":"https:\/\/ultimato.com.br\/sites\/devocional-diaria\/wp-json\/wp\/v2\/tags?post=9872"}],"curies":[{"name":"wp","href":"https:\/\/api.w.org\/{rel}","templated":true}]}}