{"id":9870,"date":"2022-08-19T00:00:17","date_gmt":"2022-08-19T02:00:17","guid":{"rendered":"https:\/\/ultimato.com.br\/sites\/devocional-diaria\/?p=9870"},"modified":"2022-08-08T17:11:46","modified_gmt":"2022-08-08T19:11:46","slug":"eu-sigo-a-cristo-2","status":"publish","type":"post","link":"https:\/\/ultimato.com.br\/sites\/devocional-diaria\/2022\/08\/19\/autor\/elben-cesar\/eu-sigo-a-cristo-2\/","title":{"rendered":"Eu sigo a Cristo"},"content":{"rendered":"<p>Eu sigo o Caminho que os judeus dizem ser falso. (24.14a)<\/p>\n<p>Paulo foi escolhido soberanamente por Jesus para anunciar o seu nome aos\u00a0n\u00e3o judeus, aos reis e ao povo de Israel (9.15). O seu \u00faltimo testemunho\u00a0p\u00fablico aconteceu uma semana antes, em Jerusal\u00e9m. Nessa ocasi\u00e3o, o comandante\u00a0de um destacamento militar, alguns soldados, uma multid\u00e3o de\u00a0judeus e n\u00e3o poucos saduceus e fariseus o ouviram falar sobre suas convic\u00e7\u00f5es\u00a0crist\u00e3s. Agora, em Cesareia, ele vai testificar diante de um governador, um\u00a0sumo sacerdote, um advogado e alguns l\u00edderes judeus. Paulo n\u00e3o perde a\u00a0oportunidade. Tem consci\u00eancia de seu chamado.<\/p>\n<p>Diante do governador F\u00e9lix, Paulo faz uma defini\u00e7\u00e3o religiosa, n\u00e3o esconde\u00a0o seu compromisso com o Ressuscitado nem fica em cima do muro:\u00a0\u201cEu sigo o Caminho\u201d. Em outras vers\u00f5es se l\u00ea: \u201cAdoro o Deus dos nossos\u00a0antepassados como seguidor do Caminho, a que chamam seita\u201d (NVI); ou:\u00a0\u201cEu estou a servi\u00e7o do Deus dos nossos pais seguindo o Caminho que eles\u00a0qualificam de seita\u201d (TEB). Esse testemunho p\u00fablico de Paulo faz lembrar\u00a0o de Jonas. Apesar de sua desobedi\u00eancia e incr\u00edvel m\u00e1 vontade com os n\u00e3o\u00a0judeus, o profeta fez ao comandante e aos marinheiros a seguinte declara\u00e7\u00e3o\u00a0de f\u00e9: \u201cEu sou hebreu e adoro o Senhor, o Deus do c\u00e9u, que fez o mar e a\u00a0terra\u201d (Jn 1.9).<\/p>\n<p>A confiss\u00e3o de Paulo \u00e9 t\u00e3o firme e transparente quanto a de Pedro ao\u00a0declarar a Jesus: \u201cQuem \u00e9 que n\u00f3s vamos seguir [se n\u00e3o a ti]?\u201d (Jo 6.68).<\/p>\n<p><strong>\u00a0<\/strong><\/p>\n<p><strong>&gt;&gt; Retirado de\u00a0<em><a href=\"https:\/\/www.ultimato.com.br\/loja\/produtos\/refeicoes-diarias\">Refei\u00e7\u00f5es Di\u00e1rias \u2013 no partir do p\u00e3o e na ora\u00e7\u00e3o<\/a><\/em> [Elben C\u00e9sar]. Editora Ultimato.<\/strong><strong>\u00a0<\/strong><\/p>\n<p>Ou\u00e7a as nossas devocionais pelo <a href=\"https:\/\/open.spotify.com\/show\/7CG8DL9dgWZEgPzX3rnk51?si=1dbGejI2TQS16eamNjb2rA\">Spotify<\/a>!<\/p>\n","protected":false},"excerpt":{"rendered":"<p>Eu sigo o Caminho que os judeus dizem ser falso. (24.14a) Paulo foi escolhido soberanamente por Jesus para anunciar o seu nome aos\u00a0n\u00e3o judeus, aos reis e ao povo de Israel (9.15). O seu \u00faltimo testemunho\u00a0p\u00fablico aconteceu uma semana antes, em Jerusal\u00e9m. Nessa ocasi\u00e3o, o comandante\u00a0de um destacamento militar, alguns soldados, uma multid\u00e3o de\u00a0judeus e [&hellip;]<\/p>\n","protected":false},"author":21,"featured_media":161,"comment_status":"open","ping_status":"open","sticky":false,"template":"","format":"standard","meta":{"ngg_post_thumbnail":0,"footnotes":""},"categories":[5478],"tags":[],"class_list":["post-9870","post","type-post","status-publish","format-standard","has-post-thumbnail","hentry","category-elben-cesar"],"publishpress_future_action":{"enabled":false,"date":"2026-05-05 00:56:48","action":"change-status","newStatus":"draft","terms":[],"taxonomy":"category","extraData":[]},"publishpress_future_workflow_manual_trigger":{"enabledWorkflows":[]},"_links":{"self":[{"href":"https:\/\/ultimato.com.br\/sites\/devocional-diaria\/wp-json\/wp\/v2\/posts\/9870","targetHints":{"allow":["GET"]}}],"collection":[{"href":"https:\/\/ultimato.com.br\/sites\/devocional-diaria\/wp-json\/wp\/v2\/posts"}],"about":[{"href":"https:\/\/ultimato.com.br\/sites\/devocional-diaria\/wp-json\/wp\/v2\/types\/post"}],"author":[{"embeddable":true,"href":"https:\/\/ultimato.com.br\/sites\/devocional-diaria\/wp-json\/wp\/v2\/users\/21"}],"replies":[{"embeddable":true,"href":"https:\/\/ultimato.com.br\/sites\/devocional-diaria\/wp-json\/wp\/v2\/comments?post=9870"}],"version-history":[{"count":1,"href":"https:\/\/ultimato.com.br\/sites\/devocional-diaria\/wp-json\/wp\/v2\/posts\/9870\/revisions"}],"predecessor-version":[{"id":9871,"href":"https:\/\/ultimato.com.br\/sites\/devocional-diaria\/wp-json\/wp\/v2\/posts\/9870\/revisions\/9871"}],"wp:featuredmedia":[{"embeddable":true,"href":"https:\/\/ultimato.com.br\/sites\/devocional-diaria\/wp-json\/wp\/v2\/media\/161"}],"wp:attachment":[{"href":"https:\/\/ultimato.com.br\/sites\/devocional-diaria\/wp-json\/wp\/v2\/media?parent=9870"}],"wp:term":[{"taxonomy":"category","embeddable":true,"href":"https:\/\/ultimato.com.br\/sites\/devocional-diaria\/wp-json\/wp\/v2\/categories?post=9870"},{"taxonomy":"post_tag","embeddable":true,"href":"https:\/\/ultimato.com.br\/sites\/devocional-diaria\/wp-json\/wp\/v2\/tags?post=9870"}],"curies":[{"name":"wp","href":"https:\/\/api.w.org\/{rel}","templated":true}]}}