{"id":9868,"date":"2022-08-18T00:00:31","date_gmt":"2022-08-18T02:00:31","guid":{"rendered":"https:\/\/ultimato.com.br\/sites\/devocional-diaria\/?p=9868"},"modified":"2022-08-08T17:09:53","modified_gmt":"2022-08-08T19:09:53","slug":"humanidade-e-divindade-2","status":"publish","type":"post","link":"https:\/\/ultimato.com.br\/sites\/devocional-diaria\/2022\/08\/18\/autor\/elben-cesar\/humanidade-e-divindade-2\/","title":{"rendered":"Humanidade e divindade"},"content":{"rendered":"<p>Em Cristo habita corporalmente toda a plenitude da divindade. (Colossenses 2.9, NVI )<\/p>\n<p>Aquele que enviou Jesus ao mundo sempre dava testemunho dele. Tanto no batismo como na transfigura\u00e7\u00e3o, o Pai fez soar sua voz em favor de Jesus: \u201cEste \u00e9 o meu Filho querido, que me d\u00e1 muita alegria!\u201d (Mt 3.17 e 17.5, NTLH). Jo\u00e3o Batista se referia a Jesus como \u201co Filho \u00fanico, que \u00e9 Deus e est\u00e1 ao lado do Pai\u201d (Jo 1.18, NTLH). O que Jesus fazia indicava de fato que ele era \u201co Verbo feito carne\u201d (Jo 1.14). Em seu primeiro milagre, em Can\u00e1, \u201cJesus revelou a sua gl\u00f3ria\u201d (Jo 2.11) ou \u201crevelou a sua natureza divina\u201d (na NTLH).<\/p>\n<p>Por\u00e9m, essa convic\u00e7\u00e3o n\u00e3o era compartilhada por todos \u2014 os que se trancavam dentro de si n\u00e3o a tinham. Quando Jesus estava no p\u00e1tio do templo por ocasi\u00e3o da Festa da Dedica\u00e7\u00e3o, o povo se ajuntou em volta dele e declarou em un\u00edssono que ele n\u00e3o passava de um simples homem que se apresentava como Deus (Jo 10.33). A deprecia\u00e7\u00e3o \u00e9 grave, pois tanto a divindade como a humanidade de Jesus s\u00e3o revela\u00e7\u00f5es sobre as quais se assenta o cristianismo. O fato \u00e9 que, enquanto Jesus \u00e9 tre\u00admendamente diminu\u00eddo por alguns, Deus o eleva cada vez mais. At\u00e9 que todos declarem abertamente que ele \u00e9 o Senhor (Fp 2.11).<\/p>\n<p>\u2014 Como Tom\u00e9, ponho-me de joelhos diante de Jesus e exclamo: Senhor meu e Deus meu!<strong>\u00a0\u00a0<\/strong><\/p>\n<p><strong>\u00a0<\/strong><\/p>\n<p><strong>&gt;&gt; Retirado de\u00a0<em><a href=\"https:\/\/www.ultimato.com.br\/loja\/produtos\/refeicoes-diarias-com-jesus\">Refei\u00e7\u00f5es Di\u00e1rias com Jesus<\/a><\/em> [Elben C\u00e9sar]. Editora Ultimato.<\/strong><\/p>\n<p>Ou\u00e7a as nossas devocionais pelo <a href=\"https:\/\/open.spotify.com\/show\/7CG8DL9dgWZEgPzX3rnk51?si=1dbGejI2TQS16eamNjb2rA\">Spotify<\/a>!<\/p>\n","protected":false},"excerpt":{"rendered":"<p>Em Cristo habita corporalmente toda a plenitude da divindade. (Colossenses 2.9, NVI ) Aquele que enviou Jesus ao mundo sempre dava testemunho dele. Tanto no batismo como na transfigura\u00e7\u00e3o, o Pai fez soar sua voz em favor de Jesus: \u201cEste \u00e9 o meu Filho querido, que me d\u00e1 muita alegria!\u201d (Mt 3.17 e 17.5, NTLH). [&hellip;]<\/p>\n","protected":false},"author":21,"featured_media":162,"comment_status":"open","ping_status":"open","sticky":false,"template":"","format":"standard","meta":{"ngg_post_thumbnail":0,"footnotes":""},"categories":[5478],"tags":[],"class_list":["post-9868","post","type-post","status-publish","format-standard","has-post-thumbnail","hentry","category-elben-cesar"],"publishpress_future_action":{"enabled":false,"date":"2026-05-05 02:20:34","action":"change-status","newStatus":"draft","terms":[],"taxonomy":"category","extraData":[]},"publishpress_future_workflow_manual_trigger":{"enabledWorkflows":[]},"_links":{"self":[{"href":"https:\/\/ultimato.com.br\/sites\/devocional-diaria\/wp-json\/wp\/v2\/posts\/9868","targetHints":{"allow":["GET"]}}],"collection":[{"href":"https:\/\/ultimato.com.br\/sites\/devocional-diaria\/wp-json\/wp\/v2\/posts"}],"about":[{"href":"https:\/\/ultimato.com.br\/sites\/devocional-diaria\/wp-json\/wp\/v2\/types\/post"}],"author":[{"embeddable":true,"href":"https:\/\/ultimato.com.br\/sites\/devocional-diaria\/wp-json\/wp\/v2\/users\/21"}],"replies":[{"embeddable":true,"href":"https:\/\/ultimato.com.br\/sites\/devocional-diaria\/wp-json\/wp\/v2\/comments?post=9868"}],"version-history":[{"count":1,"href":"https:\/\/ultimato.com.br\/sites\/devocional-diaria\/wp-json\/wp\/v2\/posts\/9868\/revisions"}],"predecessor-version":[{"id":9869,"href":"https:\/\/ultimato.com.br\/sites\/devocional-diaria\/wp-json\/wp\/v2\/posts\/9868\/revisions\/9869"}],"wp:featuredmedia":[{"embeddable":true,"href":"https:\/\/ultimato.com.br\/sites\/devocional-diaria\/wp-json\/wp\/v2\/media\/162"}],"wp:attachment":[{"href":"https:\/\/ultimato.com.br\/sites\/devocional-diaria\/wp-json\/wp\/v2\/media?parent=9868"}],"wp:term":[{"taxonomy":"category","embeddable":true,"href":"https:\/\/ultimato.com.br\/sites\/devocional-diaria\/wp-json\/wp\/v2\/categories?post=9868"},{"taxonomy":"post_tag","embeddable":true,"href":"https:\/\/ultimato.com.br\/sites\/devocional-diaria\/wp-json\/wp\/v2\/tags?post=9868"}],"curies":[{"name":"wp","href":"https:\/\/api.w.org\/{rel}","templated":true}]}}