{"id":9866,"date":"2022-08-17T00:00:50","date_gmt":"2022-08-17T02:00:50","guid":{"rendered":"https:\/\/ultimato.com.br\/sites\/devocional-diaria\/?p=9866"},"modified":"2022-08-08T17:07:32","modified_gmt":"2022-08-08T19:07:32","slug":"de-dentro-para-fora-2","status":"publish","type":"post","link":"https:\/\/ultimato.com.br\/sites\/devocional-diaria\/2022\/08\/17\/autor\/elben-cesar\/de-dentro-para-fora-2\/","title":{"rendered":"De dentro para fora"},"content":{"rendered":"<p>De onde v\u00eam as lutas e as brigas entre voc\u00eas? (Tg 4.1a)<\/p>\n<p>Irm\u00e3o brigando com irm\u00e3o \u2013 que coisa feia! Ambos t\u00eam o mesmo Pai, o mesmo\u00a0Salvador, o mesmo Esp\u00edrito. Ambos s\u00e3o pecadores e tiveram suas d\u00edvidas pagas\u00a0pelo sangue de Jesus. Ambos t\u00eam as mesmas convic\u00e7\u00f5es, a mesma f\u00e9 salvadora,\u00a0a mesma esperan\u00e7a. Ambos vivem na mesma atmosfera do pecado. Ambos\u00a0s\u00e3o dependentes da ora\u00e7\u00e3o. Ambos s\u00e3o ramos da mesma videira. Ambos s\u00e3o\u00a0hostilizados pelos n\u00e3o crentes e tentados pelas mesmas potestades do ar. Eles\u00a0podem ter temperamentos diferentes e diferentes pontos fracos, mas no fundo\u00a0s\u00e3o iguais em tudo. Por que brigar? Por que viver em desarmonia? Por que\u00a0esbanjar energias com pequenos ou grandes atritos? Por qu\u00ea? Por qu\u00ea?<\/p>\n<p>As brigas entre irm\u00e3os na f\u00e9 s\u00e3o hist\u00f3ricas. Basta lembrar de Caim e Abel,\u00a0de Esa\u00fa e Jac\u00f3, de Penina e Ana, dos judaizantes e dos ap\u00f3stolos, das divis\u00f5es\u00a0entre os crentes de Corinto e sobretudo daquelas irm\u00e3s bem comprometidas\u00a0com a evangeliza\u00e7\u00e3o, Ev\u00f3dia e S\u00edntique (Fp 4.2).<\/p>\n<p>Tiago pergunta: \u201cDe onde v\u00eam as lutas e brigas entre voc\u00eas?\u201d Qual \u00e9 a\u00a0proced\u00eancia desses atritos? Quando eles come\u00e7aram? Por que come\u00e7aram? H\u00e1\u00a0quanto tempo voc\u00eas est\u00e3o brigando?<\/p>\n<p>O escritor n\u00e3o espera a resposta dos briguentos. Talvez tenha perdido a\u00a0paci\u00eancia com eles. Ele mesmo responde com outra pergunta: \u201cN\u00e3o v\u00eam das\u00a0paix\u00f5es que guerreiam dentro de voc\u00eas?\u201d (ARA). O que Tiago quer dizer \u00e9\u00a0que as lutas exteriores s\u00e3o consequ\u00eancia das lutas interiores. Dessa maneira,\u00a0ele volta a chamar a aten\u00e7\u00e3o deles para o problema b\u00e1sico: a natureza humana!<\/p>\n<p>Temos tanto em comum, que n\u00e3o dever\u00edamos brigar!<\/p>\n<p><strong>\u00a0<\/strong><\/p>\n<p><strong>&gt;&gt; Retirado de\u00a0<em><a href=\"https:\/\/www.ultimato.com.br\/loja\/produtos\/refeicoes-diarias-com-os-discipulos\">Refei\u00e7\u00f5es Di\u00e1rias com os Disc\u00edpulos<\/a><\/em> [Elben C\u00e9sar]. Editora Ultimato.<\/strong><strong>\u00a0<\/strong><\/p>\n<p>Ou\u00e7a as nossas devocionais pelo <a href=\"https:\/\/open.spotify.com\/show\/7CG8DL9dgWZEgPzX3rnk51?si=1dbGejI2TQS16eamNjb2rA\">Spotify<\/a>!<\/p>\n","protected":false},"excerpt":{"rendered":"<p>De onde v\u00eam as lutas e as brigas entre voc\u00eas? (Tg 4.1a) Irm\u00e3o brigando com irm\u00e3o \u2013 que coisa feia! Ambos t\u00eam o mesmo Pai, o mesmo\u00a0Salvador, o mesmo Esp\u00edrito. Ambos s\u00e3o pecadores e tiveram suas d\u00edvidas pagas\u00a0pelo sangue de Jesus. Ambos t\u00eam as mesmas convic\u00e7\u00f5es, a mesma f\u00e9 salvadora,\u00a0a mesma esperan\u00e7a. Ambos vivem na [&hellip;]<\/p>\n","protected":false},"author":21,"featured_media":163,"comment_status":"open","ping_status":"open","sticky":false,"template":"","format":"standard","meta":{"ngg_post_thumbnail":0,"footnotes":""},"categories":[5478],"tags":[],"class_list":["post-9866","post","type-post","status-publish","format-standard","has-post-thumbnail","hentry","category-elben-cesar"],"publishpress_future_action":{"enabled":false,"date":"2026-05-05 03:51:58","action":"change-status","newStatus":"draft","terms":[],"taxonomy":"category","extraData":[]},"publishpress_future_workflow_manual_trigger":{"enabledWorkflows":[]},"_links":{"self":[{"href":"https:\/\/ultimato.com.br\/sites\/devocional-diaria\/wp-json\/wp\/v2\/posts\/9866","targetHints":{"allow":["GET"]}}],"collection":[{"href":"https:\/\/ultimato.com.br\/sites\/devocional-diaria\/wp-json\/wp\/v2\/posts"}],"about":[{"href":"https:\/\/ultimato.com.br\/sites\/devocional-diaria\/wp-json\/wp\/v2\/types\/post"}],"author":[{"embeddable":true,"href":"https:\/\/ultimato.com.br\/sites\/devocional-diaria\/wp-json\/wp\/v2\/users\/21"}],"replies":[{"embeddable":true,"href":"https:\/\/ultimato.com.br\/sites\/devocional-diaria\/wp-json\/wp\/v2\/comments?post=9866"}],"version-history":[{"count":1,"href":"https:\/\/ultimato.com.br\/sites\/devocional-diaria\/wp-json\/wp\/v2\/posts\/9866\/revisions"}],"predecessor-version":[{"id":9867,"href":"https:\/\/ultimato.com.br\/sites\/devocional-diaria\/wp-json\/wp\/v2\/posts\/9866\/revisions\/9867"}],"wp:featuredmedia":[{"embeddable":true,"href":"https:\/\/ultimato.com.br\/sites\/devocional-diaria\/wp-json\/wp\/v2\/media\/163"}],"wp:attachment":[{"href":"https:\/\/ultimato.com.br\/sites\/devocional-diaria\/wp-json\/wp\/v2\/media?parent=9866"}],"wp:term":[{"taxonomy":"category","embeddable":true,"href":"https:\/\/ultimato.com.br\/sites\/devocional-diaria\/wp-json\/wp\/v2\/categories?post=9866"},{"taxonomy":"post_tag","embeddable":true,"href":"https:\/\/ultimato.com.br\/sites\/devocional-diaria\/wp-json\/wp\/v2\/tags?post=9866"}],"curies":[{"name":"wp","href":"https:\/\/api.w.org\/{rel}","templated":true}]}}