{"id":9864,"date":"2022-08-16T00:00:09","date_gmt":"2022-08-16T02:00:09","guid":{"rendered":"https:\/\/ultimato.com.br\/sites\/devocional-diaria\/?p=9864"},"modified":"2022-08-08T17:05:41","modified_gmt":"2022-08-08T19:05:41","slug":"so-uma-coisa-da-certo","status":"publish","type":"post","link":"https:\/\/ultimato.com.br\/sites\/devocional-diaria\/2022\/08\/16\/autor\/elben-cesar\/so-uma-coisa-da-certo\/","title":{"rendered":"S\u00f3 uma coisa d\u00e1 certo"},"content":{"rendered":"<p>Tudo que recebemos, que \u00e9 bom e perfeito, s\u00f3 pode vir diretamente do\u00a0Pai das Luzes. Em Deus existe plena firmeza, nele n\u00e3o existe instabilidade.\u00a0(Tg 1.17)<\/p>\n<p>A idolatria n\u00e3o deu certo. A poligamia n\u00e3o deu certo. O imperialismo\u00a0n\u00e3o deu certo. As cruzadas n\u00e3o deram certo. O colonialismo n\u00e3o deu certo.\u00a0O nazismo n\u00e3o deu certo. A corrida armamentista n\u00e3o deu certo. As ditaduras militares n\u00e3o deram certo. O apartheid\u00a0n\u00e3o deu certo. O Muro de Berlim n\u00e3o deu certo. O comunismo n\u00e3o deu\u00a0certo. O poderio at\u00f4mico n\u00e3o deu certo.<\/p>\n<p>O fanatismo religioso n\u00e3o tem dado certo. A concentra\u00e7\u00e3o de riqueza\u00a0n\u00e3o tem dado certo. A injusti\u00e7a social n\u00e3o tem dado certo. A polui\u00e7\u00e3o ambiental n\u00e3o tem dado certo.\u00a0A mentira n\u00e3o tem dado certo.\u00a0A corrup\u00e7\u00e3o n\u00e3o tem dado certo.<\/p>\n<p>S\u00f3 h\u00e1 uma coisa absolutamente certa. Em todos os tempos. Em todos os\u00a0lugares. Em todas as circunst\u00e2ncias. Para o homem e para a mulher. Para o\u00a0pobre e para o rico. Para o analfabeto e para o douto. Ela foi solenemente\u00a0anunciada por Jesus Cristo no final do Serm\u00e3o do Monte: \u201cTodo aquele que\u00a0<em>ouve <\/em>estas minhas palavras e as <em>pratica <\/em>ser\u00e1 comparado a um homem prudente\u00a0que edificou a sua casa sobre a rocha; e caiu a chuva, transbordaram os rios,\u00a0sopraram os ventos e deram com \u00edmpeto contra aquela casa, que n\u00e3o caiu,\u00a0porque fora edificada sobre a rocha\u201d (Mt 7.24-25).<strong>\u00a0<\/strong><\/p>\n<p><strong>\u00a0<\/strong><\/p>\n<p><strong>&gt;&gt; Retirado de\u00a0<em><a href=\"https:\/\/www.ultimato.com.br\/loja\/produtos\/cuide-das-raizes-espere-pelos-frutos\">Cuide das Ra\u00edzes, Espere pelos Frutos<\/a><\/em>, [Elben C\u00e9sar]. Editora Ultimato.<\/strong><\/p>\n<p>Ou\u00e7a as nossas devocionais pelo <a href=\"https:\/\/open.spotify.com\/show\/7CG8DL9dgWZEgPzX3rnk51?si=1dbGejI2TQS16eamNjb2rA\">Spotify<\/a>!<\/p>\n","protected":false},"excerpt":{"rendered":"<p>Tudo que recebemos, que \u00e9 bom e perfeito, s\u00f3 pode vir diretamente do\u00a0Pai das Luzes. Em Deus existe plena firmeza, nele n\u00e3o existe instabilidade.\u00a0(Tg 1.17) A idolatria n\u00e3o deu certo. A poligamia n\u00e3o deu certo. O imperialismo\u00a0n\u00e3o deu certo. As cruzadas n\u00e3o deram certo. O colonialismo n\u00e3o deu certo.\u00a0O nazismo n\u00e3o deu certo. A corrida [&hellip;]<\/p>\n","protected":false},"author":21,"featured_media":164,"comment_status":"open","ping_status":"open","sticky":false,"template":"","format":"standard","meta":{"ngg_post_thumbnail":0,"footnotes":""},"categories":[5478],"tags":[],"class_list":["post-9864","post","type-post","status-publish","format-standard","has-post-thumbnail","hentry","category-elben-cesar"],"publishpress_future_action":{"enabled":false,"date":"2026-05-05 03:51:59","action":"change-status","newStatus":"draft","terms":[],"taxonomy":"category","extraData":[]},"publishpress_future_workflow_manual_trigger":{"enabledWorkflows":[]},"_links":{"self":[{"href":"https:\/\/ultimato.com.br\/sites\/devocional-diaria\/wp-json\/wp\/v2\/posts\/9864","targetHints":{"allow":["GET"]}}],"collection":[{"href":"https:\/\/ultimato.com.br\/sites\/devocional-diaria\/wp-json\/wp\/v2\/posts"}],"about":[{"href":"https:\/\/ultimato.com.br\/sites\/devocional-diaria\/wp-json\/wp\/v2\/types\/post"}],"author":[{"embeddable":true,"href":"https:\/\/ultimato.com.br\/sites\/devocional-diaria\/wp-json\/wp\/v2\/users\/21"}],"replies":[{"embeddable":true,"href":"https:\/\/ultimato.com.br\/sites\/devocional-diaria\/wp-json\/wp\/v2\/comments?post=9864"}],"version-history":[{"count":1,"href":"https:\/\/ultimato.com.br\/sites\/devocional-diaria\/wp-json\/wp\/v2\/posts\/9864\/revisions"}],"predecessor-version":[{"id":9865,"href":"https:\/\/ultimato.com.br\/sites\/devocional-diaria\/wp-json\/wp\/v2\/posts\/9864\/revisions\/9865"}],"wp:featuredmedia":[{"embeddable":true,"href":"https:\/\/ultimato.com.br\/sites\/devocional-diaria\/wp-json\/wp\/v2\/media\/164"}],"wp:attachment":[{"href":"https:\/\/ultimato.com.br\/sites\/devocional-diaria\/wp-json\/wp\/v2\/media?parent=9864"}],"wp:term":[{"taxonomy":"category","embeddable":true,"href":"https:\/\/ultimato.com.br\/sites\/devocional-diaria\/wp-json\/wp\/v2\/categories?post=9864"},{"taxonomy":"post_tag","embeddable":true,"href":"https:\/\/ultimato.com.br\/sites\/devocional-diaria\/wp-json\/wp\/v2\/tags?post=9864"}],"curies":[{"name":"wp","href":"https:\/\/api.w.org\/{rel}","templated":true}]}}