{"id":9862,"date":"2022-08-15T00:00:45","date_gmt":"2022-08-15T02:00:45","guid":{"rendered":"https:\/\/ultimato.com.br\/sites\/devocional-diaria\/?p=9862"},"modified":"2022-08-08T17:02:44","modified_gmt":"2022-08-08T19:02:44","slug":"arrogancia-e-espiritualidade","status":"publish","type":"post","link":"https:\/\/ultimato.com.br\/sites\/devocional-diaria\/2022\/08\/15\/autor\/timoteo-carriker\/arrogancia-e-espiritualidade\/","title":{"rendered":"Arrog\u00e2ncia e espiritualidade"},"content":{"rendered":"<p>J\u00f3, voc\u00ea pensa que n\u00e3o temos resposta? Pensa que as suas zombarias v\u00e3o nos fazer calar a boca? Voc\u00ea diz que o seu modo de pensar est\u00e1 certo e afirma que \u00e9 inocente diante de Deus. Eu gostaria que Deus falasse e lhe desse uma resposta. (J\u00f3 11.3-5)<\/p>\n<p>O desabafo de J\u00f3 nos cap\u00edtulos 9 e 10 faz sentido, \u00e9 razo\u00e1vel. Por\u00e9m, a\u00a0resposta do terceiro amigo de J\u00f3, Zofar (11.2-5), \u00e9 especialmente desagrad\u00e1vel\u00a0e arrogante. Na verdade, a resposta de Zofar se aplica muito mais a ele pr\u00f3prio\u00a0do que a J\u00f3. Quem fala muito e n\u00e3o tem raz\u00e3o, ou pelo menos, n\u00e3o tem toda a\u00a0raz\u00e3o, s\u00e3o os amigos de J\u00f3. \u00c9 uma resposta preocupante e eu fico imaginando\u00a0se eu e voc\u00ea fazemos o mesmo quando procuramos aconselhar a outros.<\/p>\n<p>Zofar d\u00e1 o tipo de resposta que todo ministro \u00e9 tentado de dar: aquela\u00a0resposta com o ar de \u201ceu sei o que Deus est\u00e1 pensando a seu respeito\u201d. Quem\u00a0d\u00e1 esse tipo de resposta provavelmente superestima, como os amigos de J\u00f3, a\u00a0sua pr\u00f3pria espiritualidade ou intimidade com Deus. E, na verdade, esse tipo\u00a0de resposta revela arrog\u00e2ncia e n\u00e3o espiritualidade ou intimidade com Deus.<\/p>\n<p>Cuidemos para n\u00e3o julgar o pr\u00f3ximo e achar que sabemos os des\u00edgnios de\u00a0Deus para ele. Cuidemos! Cuidemos!<\/p>\n<p>Deus compassivo e misericordioso, perdoa-me quando alego saber mais que sei\u00a0dos teus des\u00edgnios para os outros. Ajuda-me a ser r\u00e1pido para me compadecer\u00a0e lento para julgar. Em nome de Jesus. Am\u00e9m.<strong>\u00a0\u00a0\u00a0\u00a0\u00a0<\/strong><\/p>\n<p><strong>\u00a0<\/strong><\/p>\n<p><strong>&gt;&gt; Retirado de\u00a0<em><a href=\"https:\/\/www.ultimato.com.br\/loja\/produtos\/refeicoes-diarias-celebrando-a-reconciliacao\">Refei\u00e7\u00f5es Di\u00e1rias \u2013 Celebrando a Reconcilia\u00e7\u00e3o<\/a><\/em>. Editora Ultimato.<\/strong><\/p>\n<p>Ou\u00e7a as nossas devocionais pelo <a href=\"https:\/\/open.spotify.com\/show\/7CG8DL9dgWZEgPzX3rnk51?si=1dbGejI2TQS16eamNjb2rA\">Spotify<\/a>!<\/p>\n","protected":false},"excerpt":{"rendered":"<p>J\u00f3, voc\u00ea pensa que n\u00e3o temos resposta? Pensa que as suas zombarias v\u00e3o nos fazer calar a boca? Voc\u00ea diz que o seu modo de pensar est\u00e1 certo e afirma que \u00e9 inocente diante de Deus. Eu gostaria que Deus falasse e lhe desse uma resposta. (J\u00f3 11.3-5) O desabafo de J\u00f3 nos cap\u00edtulos 9 [&hellip;]<\/p>\n","protected":false},"author":21,"featured_media":165,"comment_status":"open","ping_status":"open","sticky":false,"template":"","format":"standard","meta":{"ngg_post_thumbnail":0,"footnotes":""},"categories":[12028],"tags":[],"class_list":["post-9862","post","type-post","status-publish","format-standard","has-post-thumbnail","hentry","category-timoteo-carriker"],"publishpress_future_action":{"enabled":false,"date":"2026-05-05 02:20:32","action":"change-status","newStatus":"draft","terms":[],"taxonomy":"category","extraData":[]},"publishpress_future_workflow_manual_trigger":{"enabledWorkflows":[]},"_links":{"self":[{"href":"https:\/\/ultimato.com.br\/sites\/devocional-diaria\/wp-json\/wp\/v2\/posts\/9862","targetHints":{"allow":["GET"]}}],"collection":[{"href":"https:\/\/ultimato.com.br\/sites\/devocional-diaria\/wp-json\/wp\/v2\/posts"}],"about":[{"href":"https:\/\/ultimato.com.br\/sites\/devocional-diaria\/wp-json\/wp\/v2\/types\/post"}],"author":[{"embeddable":true,"href":"https:\/\/ultimato.com.br\/sites\/devocional-diaria\/wp-json\/wp\/v2\/users\/21"}],"replies":[{"embeddable":true,"href":"https:\/\/ultimato.com.br\/sites\/devocional-diaria\/wp-json\/wp\/v2\/comments?post=9862"}],"version-history":[{"count":1,"href":"https:\/\/ultimato.com.br\/sites\/devocional-diaria\/wp-json\/wp\/v2\/posts\/9862\/revisions"}],"predecessor-version":[{"id":9863,"href":"https:\/\/ultimato.com.br\/sites\/devocional-diaria\/wp-json\/wp\/v2\/posts\/9862\/revisions\/9863"}],"wp:featuredmedia":[{"embeddable":true,"href":"https:\/\/ultimato.com.br\/sites\/devocional-diaria\/wp-json\/wp\/v2\/media\/165"}],"wp:attachment":[{"href":"https:\/\/ultimato.com.br\/sites\/devocional-diaria\/wp-json\/wp\/v2\/media?parent=9862"}],"wp:term":[{"taxonomy":"category","embeddable":true,"href":"https:\/\/ultimato.com.br\/sites\/devocional-diaria\/wp-json\/wp\/v2\/categories?post=9862"},{"taxonomy":"post_tag","embeddable":true,"href":"https:\/\/ultimato.com.br\/sites\/devocional-diaria\/wp-json\/wp\/v2\/tags?post=9862"}],"curies":[{"name":"wp","href":"https:\/\/api.w.org\/{rel}","templated":true}]}}