{"id":9855,"date":"2022-08-12T00:00:55","date_gmt":"2022-08-12T02:00:55","guid":{"rendered":"https:\/\/ultimato.com.br\/sites\/devocional-diaria\/?p=9855"},"modified":"2022-08-01T14:18:54","modified_gmt":"2022-08-01T16:18:54","slug":"o-ultimo-degrau-da-escada","status":"publish","type":"post","link":"https:\/\/ultimato.com.br\/sites\/devocional-diaria\/2022\/08\/12\/autor\/elben-cesar\/o-ultimo-degrau-da-escada\/","title":{"rendered":"O \u00faltimo degrau da escada"},"content":{"rendered":"<p>\u00d3 minha for\u00e7a, canto louvores a ti; tu \u00e9s, \u00f3 Deus, o meu alto ref\u00fagio,\u00a0o Deus que me ama. (Sl 59.17)<\/p>\n<p>\u00c9 um passo enorme aproximar-se de Deus tendo-o como\u00a0\u201cmeu alto ref\u00fagio\u201d, \u201cmeu abrigo seguro\u201d, \u201cmeu escudo\u201d e \u201cminha for\u00e7a\u201d. Mas\u00a0o maior de todos os trunfos \u00e9 chamar o Senhor de \u201co Deus que me ama\u201d\u00a0(Sl 59.17). De posse dessa descoberta, de posse desse conhecimento, de posse\u00a0dessa certeza \u2014 chega-se ao \u00e1pice. A partir da\u00ed j\u00e1 n\u00e3o h\u00e1 degrau para subir na\u00a0escada do chamado \u201cpleno conhecimento de Deus\u201d (Ef 1.17; Cl 1.10), pois\u00a0\u201cDeus \u00e9 amor\u201d (1Jo 4.8). Al\u00e9m de conhecer a gl\u00f3ria de Deus, a santidade de\u00a0Deus e a justi\u00e7a de Deus, o crente precisa conhecer tamb\u00e9m o amor de Deus.<\/p>\n<p>Quando o ser humano confessa de cora\u00e7\u00e3o que o seu Deus \u00e9 \u201co Deus que\u00a0me ama\u201d, \u00e9 porque ele se sente alcan\u00e7ado e envolvido pelo amor de Deus e j\u00e1\u00a0consegue compreender pelo menos em parte \u201ca largura, o comprimento, a\u00a0altura e a profundidade\u201d de seu amor e \u201co amor de Cristo, que excede todo\u00a0entendimento\u201d (Ef 3.18,19).<\/p>\n<p>A partir desse passo, desse achado, dessa descoberta, dessa certeza, dessa\u00a0emo\u00e7\u00e3o \u2014 o crente precisa usufruir tamanho privil\u00e9gio na vida di\u00e1ria. Precisa\u00a0sentir-se seguro, protegido, encaminhado e aben\u00e7oado por Deus, n\u00e3o porque\u00a0\u00e9 especial, n\u00e3o porque merece, mas porque a miseric\u00f3rdia do Senhor o\u00a0alcan\u00e7ou.<strong>\u00a0<\/strong><\/p>\n<p><strong>\u00a0<\/strong><\/p>\n<p><strong>&gt;&gt; Retirado de\u00a0<em><a href=\"http:\/\/www.ultimato.com.br\/loja\/produtos\/refeicoes-diarias-com-o-sabor-dos-salmos\">Refei\u00e7\u00f5es Di\u00e1rias com o Sabor dos Salmos<\/a><\/em> [Elben C\u00e9sar]. Editora Ultimato.<\/strong><strong>\u00a0<\/strong><\/p>\n<p>Ou\u00e7a as nossas devocionais pelo <a href=\"https:\/\/open.spotify.com\/show\/7CG8DL9dgWZEgPzX3rnk51?si=1dbGejI2TQS16eamNjb2rA\">Spotify<\/a><\/p>\n","protected":false},"excerpt":{"rendered":"<p>\u00d3 minha for\u00e7a, canto louvores a ti; tu \u00e9s, \u00f3 Deus, o meu alto ref\u00fagio,\u00a0o Deus que me ama. (Sl 59.17) \u00c9 um passo enorme aproximar-se de Deus tendo-o como\u00a0\u201cmeu alto ref\u00fagio\u201d, \u201cmeu abrigo seguro\u201d, \u201cmeu escudo\u201d e \u201cminha for\u00e7a\u201d. Mas\u00a0o maior de todos os trunfos \u00e9 chamar o Senhor de \u201co Deus que me [&hellip;]<\/p>\n","protected":false},"author":21,"featured_media":161,"comment_status":"open","ping_status":"open","sticky":false,"template":"","format":"standard","meta":{"ngg_post_thumbnail":0,"footnotes":""},"categories":[5478],"tags":[],"class_list":["post-9855","post","type-post","status-publish","format-standard","has-post-thumbnail","hentry","category-elben-cesar"],"publishpress_future_action":{"enabled":false,"date":"2026-05-05 00:56:48","action":"change-status","newStatus":"draft","terms":[],"taxonomy":"category","extraData":[]},"publishpress_future_workflow_manual_trigger":{"enabledWorkflows":[]},"_links":{"self":[{"href":"https:\/\/ultimato.com.br\/sites\/devocional-diaria\/wp-json\/wp\/v2\/posts\/9855","targetHints":{"allow":["GET"]}}],"collection":[{"href":"https:\/\/ultimato.com.br\/sites\/devocional-diaria\/wp-json\/wp\/v2\/posts"}],"about":[{"href":"https:\/\/ultimato.com.br\/sites\/devocional-diaria\/wp-json\/wp\/v2\/types\/post"}],"author":[{"embeddable":true,"href":"https:\/\/ultimato.com.br\/sites\/devocional-diaria\/wp-json\/wp\/v2\/users\/21"}],"replies":[{"embeddable":true,"href":"https:\/\/ultimato.com.br\/sites\/devocional-diaria\/wp-json\/wp\/v2\/comments?post=9855"}],"version-history":[{"count":1,"href":"https:\/\/ultimato.com.br\/sites\/devocional-diaria\/wp-json\/wp\/v2\/posts\/9855\/revisions"}],"predecessor-version":[{"id":9856,"href":"https:\/\/ultimato.com.br\/sites\/devocional-diaria\/wp-json\/wp\/v2\/posts\/9855\/revisions\/9856"}],"wp:featuredmedia":[{"embeddable":true,"href":"https:\/\/ultimato.com.br\/sites\/devocional-diaria\/wp-json\/wp\/v2\/media\/161"}],"wp:attachment":[{"href":"https:\/\/ultimato.com.br\/sites\/devocional-diaria\/wp-json\/wp\/v2\/media?parent=9855"}],"wp:term":[{"taxonomy":"category","embeddable":true,"href":"https:\/\/ultimato.com.br\/sites\/devocional-diaria\/wp-json\/wp\/v2\/categories?post=9855"},{"taxonomy":"post_tag","embeddable":true,"href":"https:\/\/ultimato.com.br\/sites\/devocional-diaria\/wp-json\/wp\/v2\/tags?post=9855"}],"curies":[{"name":"wp","href":"https:\/\/api.w.org\/{rel}","templated":true}]}}