{"id":9852,"date":"2022-08-11T00:00:25","date_gmt":"2022-08-11T02:00:25","guid":{"rendered":"https:\/\/ultimato.com.br\/sites\/devocional-diaria\/?p=9852"},"modified":"2022-08-01T14:14:58","modified_gmt":"2022-08-01T16:14:58","slug":"barriga-cheia-e-alma-cheia","status":"publish","type":"post","link":"https:\/\/ultimato.com.br\/sites\/devocional-diaria\/2022\/08\/11\/autor\/elben-cesar\/barriga-cheia-e-alma-cheia\/","title":{"rendered":"Barriga cheia e alma cheia"},"content":{"rendered":"<p>\u00c9 ele quem d\u00e1 tamb\u00e9m alimento para voc\u00eas e enche o cora\u00e7\u00e3o de voc\u00eas de alegria. (14.17)<\/p>\n<p>Durante quarenta anos Deus n\u00e3o deixou de enviar o \u201cp\u00e3o do c\u00e9u\u201d para\u00a0milhares de israelitas em tr\u00e2nsito pelo deserto. Durante a seca que atingiu\u00a0Israel na \u00e9poca de Acabe, os corvos, por ordem de Deus, traziam para Elias\u00a0p\u00e3o e carne \u201ctodas as manh\u00e3s e todas as tardes\u201d (1Rs 17.6). Duas vezes, Jesus\u00a0encheu o est\u00f4mago vazio de muita gente com p\u00e3es e peixes. Mas ele sabia\u00a0que \u201co ser humano n\u00e3o vive s\u00f3 de p\u00e3o\u201d (Mt 4.4).<\/p>\n<p>Em Listra, Paulo e Barnab\u00e9 declararam que \u201cDeus sempre mostra quem\u00a0ele \u00e9 por meio das coisas boas que ele faz: \u00e9 ele quem manda as chuvas do\u00a0c\u00e9u e as colheitas no tempo certo; \u00e9 ele quem d\u00e1 tamb\u00e9m alimento para voc\u00eas\u00a0e enche o cora\u00e7\u00e3o de voc\u00eas de alegria\u201d (14.17). Os ap\u00f3stolos n\u00e3o deixaram\u00a0de fora a alegria. Sem p\u00e3o a pessoa morre de fome; sem alegria, morre de\u00a0tristeza. Fome ou depress\u00e3o, qual das duas \u00e9 pior? Colocando alimento e\u00a0alegria juntos, os dois mission\u00e1rios est\u00e3o mostrando que a fome n\u00e3o \u00e9 pior\u00a0do que a depress\u00e3o nem a depress\u00e3o pior do que a fome. O p\u00e3o enche a\u00a0barriga e a alegria enche a alma.<\/p>\n<p>Se Jesus tivesse continuado a leitura da profecia messi\u00e2nica na sinagoga\u00a0de Nazar\u00e9, ele diria: \u201c[O Senhor Deus me enviou para dar a todos os que\u00a0choram] \u00f3leo de alegria em vez de pranto\u201d (Is 61.3, RA). A express\u00e3o \u201c\u00f3leo\u00a0de alegria\u201d ou \u201cperfume de festa\u201d (BP) ou \u201cperfume de felicidade\u201d aparece\u00a0pelo menos mais duas vezes na B\u00edblia (Sl 45.7; Hb 1.9). \u00c9 o mesmo perfume\u00a0do Salmo Pastoral: \u201cUnges-me a cabe\u00e7a com \u00f3leo\u201d (Sl 23.5, RA).<strong>\u00a0<\/strong><\/p>\n<p><strong>\u00a0<\/strong><\/p>\n<p><strong>&gt;&gt; Retirado de\u00a0<em><a href=\"https:\/\/www.ultimato.com.br\/loja\/produtos\/refeicoes-diarias\">Refei\u00e7\u00f5es Di\u00e1rias \u2013 no partir do p\u00e3o e na ora\u00e7\u00e3o<\/a><\/em> [Elben C\u00e9sar]. Editora Ultimato.<\/strong><strong>\u00a0<\/strong><\/p>\n<p>Ou\u00e7a as nossas devocionais pelo <a href=\"https:\/\/open.spotify.com\/show\/7CG8DL9dgWZEgPzX3rnk51?si=1dbGejI2TQS16eamNjb2rA\">Spotify<\/a>!<\/p>\n","protected":false},"excerpt":{"rendered":"<p>\u00c9 ele quem d\u00e1 tamb\u00e9m alimento para voc\u00eas e enche o cora\u00e7\u00e3o de voc\u00eas de alegria. (14.17) Durante quarenta anos Deus n\u00e3o deixou de enviar o \u201cp\u00e3o do c\u00e9u\u201d para\u00a0milhares de israelitas em tr\u00e2nsito pelo deserto. Durante a seca que atingiu\u00a0Israel na \u00e9poca de Acabe, os corvos, por ordem de Deus, traziam para Elias\u00a0p\u00e3o e [&hellip;]<\/p>\n","protected":false},"author":21,"featured_media":162,"comment_status":"open","ping_status":"open","sticky":false,"template":"","format":"standard","meta":{"ngg_post_thumbnail":0,"footnotes":""},"categories":[5478],"tags":[],"class_list":["post-9852","post","type-post","status-publish","format-standard","has-post-thumbnail","hentry","category-elben-cesar"],"publishpress_future_action":{"enabled":false,"date":"2026-05-05 02:19:24","action":"change-status","newStatus":"draft","terms":[],"taxonomy":"category","extraData":[]},"publishpress_future_workflow_manual_trigger":{"enabledWorkflows":[]},"_links":{"self":[{"href":"https:\/\/ultimato.com.br\/sites\/devocional-diaria\/wp-json\/wp\/v2\/posts\/9852","targetHints":{"allow":["GET"]}}],"collection":[{"href":"https:\/\/ultimato.com.br\/sites\/devocional-diaria\/wp-json\/wp\/v2\/posts"}],"about":[{"href":"https:\/\/ultimato.com.br\/sites\/devocional-diaria\/wp-json\/wp\/v2\/types\/post"}],"author":[{"embeddable":true,"href":"https:\/\/ultimato.com.br\/sites\/devocional-diaria\/wp-json\/wp\/v2\/users\/21"}],"replies":[{"embeddable":true,"href":"https:\/\/ultimato.com.br\/sites\/devocional-diaria\/wp-json\/wp\/v2\/comments?post=9852"}],"version-history":[{"count":1,"href":"https:\/\/ultimato.com.br\/sites\/devocional-diaria\/wp-json\/wp\/v2\/posts\/9852\/revisions"}],"predecessor-version":[{"id":9853,"href":"https:\/\/ultimato.com.br\/sites\/devocional-diaria\/wp-json\/wp\/v2\/posts\/9852\/revisions\/9853"}],"wp:featuredmedia":[{"embeddable":true,"href":"https:\/\/ultimato.com.br\/sites\/devocional-diaria\/wp-json\/wp\/v2\/media\/162"}],"wp:attachment":[{"href":"https:\/\/ultimato.com.br\/sites\/devocional-diaria\/wp-json\/wp\/v2\/media?parent=9852"}],"wp:term":[{"taxonomy":"category","embeddable":true,"href":"https:\/\/ultimato.com.br\/sites\/devocional-diaria\/wp-json\/wp\/v2\/categories?post=9852"},{"taxonomy":"post_tag","embeddable":true,"href":"https:\/\/ultimato.com.br\/sites\/devocional-diaria\/wp-json\/wp\/v2\/tags?post=9852"}],"curies":[{"name":"wp","href":"https:\/\/api.w.org\/{rel}","templated":true}]}}