{"id":9850,"date":"2022-08-10T00:00:32","date_gmt":"2022-08-10T02:00:32","guid":{"rendered":"https:\/\/ultimato.com.br\/sites\/devocional-diaria\/?p=9850"},"modified":"2022-08-01T14:13:15","modified_gmt":"2022-08-01T16:13:15","slug":"jesus-o-enviado-3","status":"publish","type":"post","link":"https:\/\/ultimato.com.br\/sites\/devocional-diaria\/2022\/08\/10\/autor\/elben-cesar\/jesus-o-enviado-3\/","title":{"rendered":"Jesus, o enviado"},"content":{"rendered":"<p>Assim como tu, meu Pai, est\u00e1s unido comigo, e eu estou unido contigo, que todos o que crerem tamb\u00e9m estejam unidos a n\u00f3s para que o mundo creia que tu me enviaste. \u00a0Jo\u00e3o17.21, NTLH\u00a0Jesus fazia quest\u00e3o de afirmar e reafirmar que ele n\u00e3o veio ao mundo por conta pr\u00f3pria: \u201cmas foi Deus que me enviou\u201d (Jo 8.42). \u00c9 verdade que, \u00e0 semelhan\u00e7a de Isa\u00edas (Is 6.8), Jesus se ofereceu para vir: \u201cEstou aqui, \u00f3 Deus, para fazer a tua vontade\u201d (Hb 10.9). Numa estreita conex\u00e3o com o mais conhecido vers\u00edculo da B\u00edblia (\u201cDeus amou o mundo de tal maneira que deu o seu Filho unig\u00eanito\u201d), Jesus acrescenta: \u201cDeus enviou o seu Filho ao mundo, n\u00e3o para que julgasse o mundo, mas para que o mundo fosse salvo por ele\u201d (Jo 3.17).<\/p>\n<p>E Jesus \u00e9 insistente nisso. Dos quatro Evangelhos, Jo\u00e3o \u00e9 o que mais fala sobre o assunto. S\u00f3 entre os cap\u00edtulos 5 e 8, Jesus se diz enviado por seu Pai vinte vezes \u2014 cinco em cada por\u00e7\u00e3o. Por exemplo: \u201cEu desci do c\u00e9u para fazer a vontade daquele que me enviou e n\u00e3o para fazer a minha pr\u00f3pria vontade\u201d (Jo 6.38, NTLH). Em sua ora\u00e7\u00e3o de despedida, no C\u00e9naculo, Jesus \u00e9 claro: \u201cAssim como tu me enviaste ao mundo, eu tamb\u00e9m os enviei\u201d (Jo 17.18).<\/p>\n<p>\u2014 Quero estar unido com o Pai, com aquele que ele enviou e com todos os crentes em Cristo.<\/p>\n<p><strong>\u00a0<\/strong><\/p>\n<p><strong>&gt;&gt; Retirado de\u00a0<em><a href=\"https:\/\/www.ultimato.com.br\/loja\/produtos\/refeicoes-diarias-com-jesus\">Refei\u00e7\u00f5es Di\u00e1rias com Jesus<\/a><\/em> [Elben C\u00e9sar]. Editora Ultimato.<\/strong><\/p>\n<p>Ou\u00e7a as nossas devocionais pelo <a href=\"https:\/\/open.spotify.com\/show\/7CG8DL9dgWZEgPzX3rnk51?si=1dbGejI2TQS16eamNjb2rA\">Spotify<\/a>!<\/p>\n","protected":false},"excerpt":{"rendered":"<p>Assim como tu, meu Pai, est\u00e1s unido comigo, e eu estou unido contigo, que todos o que crerem tamb\u00e9m estejam unidos a n\u00f3s para que o mundo creia que tu me enviaste. \u00a0Jo\u00e3o17.21, NTLH\u00a0Jesus fazia quest\u00e3o de afirmar e reafirmar que ele n\u00e3o veio ao mundo por conta pr\u00f3pria: \u201cmas foi Deus que me enviou\u201d [&hellip;]<\/p>\n","protected":false},"author":21,"featured_media":163,"comment_status":"open","ping_status":"open","sticky":false,"template":"","format":"standard","meta":{"ngg_post_thumbnail":0,"footnotes":""},"categories":[5478],"tags":[],"class_list":["post-9850","post","type-post","status-publish","format-standard","has-post-thumbnail","hentry","category-elben-cesar"],"publishpress_future_action":{"enabled":false,"date":"2026-05-05 03:51:58","action":"change-status","newStatus":"draft","terms":[],"taxonomy":"category","extraData":[]},"publishpress_future_workflow_manual_trigger":{"enabledWorkflows":[]},"_links":{"self":[{"href":"https:\/\/ultimato.com.br\/sites\/devocional-diaria\/wp-json\/wp\/v2\/posts\/9850","targetHints":{"allow":["GET"]}}],"collection":[{"href":"https:\/\/ultimato.com.br\/sites\/devocional-diaria\/wp-json\/wp\/v2\/posts"}],"about":[{"href":"https:\/\/ultimato.com.br\/sites\/devocional-diaria\/wp-json\/wp\/v2\/types\/post"}],"author":[{"embeddable":true,"href":"https:\/\/ultimato.com.br\/sites\/devocional-diaria\/wp-json\/wp\/v2\/users\/21"}],"replies":[{"embeddable":true,"href":"https:\/\/ultimato.com.br\/sites\/devocional-diaria\/wp-json\/wp\/v2\/comments?post=9850"}],"version-history":[{"count":1,"href":"https:\/\/ultimato.com.br\/sites\/devocional-diaria\/wp-json\/wp\/v2\/posts\/9850\/revisions"}],"predecessor-version":[{"id":9851,"href":"https:\/\/ultimato.com.br\/sites\/devocional-diaria\/wp-json\/wp\/v2\/posts\/9850\/revisions\/9851"}],"wp:featuredmedia":[{"embeddable":true,"href":"https:\/\/ultimato.com.br\/sites\/devocional-diaria\/wp-json\/wp\/v2\/media\/163"}],"wp:attachment":[{"href":"https:\/\/ultimato.com.br\/sites\/devocional-diaria\/wp-json\/wp\/v2\/media?parent=9850"}],"wp:term":[{"taxonomy":"category","embeddable":true,"href":"https:\/\/ultimato.com.br\/sites\/devocional-diaria\/wp-json\/wp\/v2\/categories?post=9850"},{"taxonomy":"post_tag","embeddable":true,"href":"https:\/\/ultimato.com.br\/sites\/devocional-diaria\/wp-json\/wp\/v2\/tags?post=9850"}],"curies":[{"name":"wp","href":"https:\/\/api.w.org\/{rel}","templated":true}]}}