{"id":9848,"date":"2022-08-09T00:00:58","date_gmt":"2022-08-09T02:00:58","guid":{"rendered":"https:\/\/ultimato.com.br\/sites\/devocional-diaria\/?p=9848"},"modified":"2022-08-01T14:10:31","modified_gmt":"2022-08-01T16:10:31","slug":"abra-uma-fresta","status":"publish","type":"post","link":"https:\/\/ultimato.com.br\/sites\/devocional-diaria\/2022\/08\/09\/autor\/elben-cesar\/abra-uma-fresta\/","title":{"rendered":"Abra uma fresta"},"content":{"rendered":"<p>Olhe para mim. Estou batendo \u00e0 porta. Se voc\u00ea ouvir meu chamado e abrir\u00a0a porta, vou entrar e jantar com voc\u00ea. (Ap 3.20)<\/p>\n<p>Talvez voc\u00ea tenha nascido em um ambiente totalmente desprovido do\u00a0temor devido a Deus. \u00c9 poss\u00edvel que voc\u00ea tenha sido criado solto, sem qualquer\u00a0r\u00e9dea ou freio. Ou sem a ideia de um Deus s\u00e1bio e bom que sustenta e governa\u00a0as coisas criadas. Pode dar-se o caso extremo de voc\u00ea ter aprendido a\u00a0chamar de bom o que \u00e9 ruim e de ruim o que \u00e9 bom, como acontece entre\u00a0as bruxas. Quem sabe voc\u00ea \u00e9 cem por cento incapaz de al\u00e7ar voo em dire\u00e7\u00e3o\u00a0aos c\u00e9us por falta de asas ou porque elas est\u00e3o quebradas. Se voc\u00ea n\u00e3o tem\u00a0esperan\u00e7a alguma, se tudo \u00e9 destrui\u00e7\u00e3o completa, abra um compartimento\u00a0qualquer de sua mente \u00e0 gra\u00e7a de Deus e \u00e0 luz do c\u00e9u. A for\u00e7a da gra\u00e7a \u00e9\u00a0t\u00e3o grande que ela alarga a pequena abertura, derruba tudo que est\u00e1 em seu\u00a0percurso e inunda todo o seu ser.\u00a0N\u00e3o se considere invenc\u00edvel. Nem se considere irremediavelmente perdido.<\/p>\n<p>N\u00e3o se considere alienado para sempre de Deus. Deixe de analisar-se. Agora\u00a0\u00e9 hora de olhar para Deus e considerar sua gra\u00e7a e poder. Veja que no rol de\u00a0membros da igreja de Deus h\u00e1 muitos que foram ateus, ad\u00falteros, pervertidos\u00a0sexuais, beberr\u00f5es, assaltantes, assassinos, prostitutos, drogados, arrogantes,\u00a0avarentos e at\u00e9 inimigos da cruz. Mas eles foram lavados, perdoados e transformados\u00a0pela a\u00e7\u00e3o da gra\u00e7a que h\u00e1 em Cristo Jesus (1Co 6.9-11).<\/p>\n<p>Abra uma fresta para que a luz do c\u00e9u entre e inunde o seu ser. Por miseric\u00f3rdia,\u00a0n\u00e3o continue destru\u00eddo. Abra esta fresta agora mesmo!<strong>\u00a0<\/strong><\/p>\n<p><strong>\u00a0<\/strong><\/p>\n<p><strong>&gt;&gt; Retirado de\u00a0<em><a href=\"https:\/\/www.ultimato.com.br\/loja\/produtos\/cuide-das-raizes-espere-pelos-frutos\">Cuide das Ra\u00edzes, Espere pelos Frutos<\/a><\/em>, [Elben C\u00e9sar]. Editora Ultimato.<\/strong><\/p>\n<p>Ou\u00e7a as nossas devocionais pelo <a href=\"https:\/\/open.spotify.com\/show\/7CG8DL9dgWZEgPzX3rnk51?si=1dbGejI2TQS16eamNjb2rA\">Spotify<\/a>!<\/p>\n","protected":false},"excerpt":{"rendered":"<p>Olhe para mim. Estou batendo \u00e0 porta. Se voc\u00ea ouvir meu chamado e abrir\u00a0a porta, vou entrar e jantar com voc\u00ea. (Ap 3.20) Talvez voc\u00ea tenha nascido em um ambiente totalmente desprovido do\u00a0temor devido a Deus. \u00c9 poss\u00edvel que voc\u00ea tenha sido criado solto, sem qualquer\u00a0r\u00e9dea ou freio. Ou sem a ideia de um Deus [&hellip;]<\/p>\n","protected":false},"author":21,"featured_media":164,"comment_status":"open","ping_status":"open","sticky":false,"template":"","format":"standard","meta":{"ngg_post_thumbnail":0,"footnotes":""},"categories":[5478],"tags":[],"class_list":["post-9848","post","type-post","status-publish","format-standard","has-post-thumbnail","hentry","category-elben-cesar"],"publishpress_future_action":{"enabled":false,"date":"2026-05-05 05:16:57","action":"change-status","newStatus":"draft","terms":[],"taxonomy":"category","extraData":[]},"publishpress_future_workflow_manual_trigger":{"enabledWorkflows":[]},"_links":{"self":[{"href":"https:\/\/ultimato.com.br\/sites\/devocional-diaria\/wp-json\/wp\/v2\/posts\/9848","targetHints":{"allow":["GET"]}}],"collection":[{"href":"https:\/\/ultimato.com.br\/sites\/devocional-diaria\/wp-json\/wp\/v2\/posts"}],"about":[{"href":"https:\/\/ultimato.com.br\/sites\/devocional-diaria\/wp-json\/wp\/v2\/types\/post"}],"author":[{"embeddable":true,"href":"https:\/\/ultimato.com.br\/sites\/devocional-diaria\/wp-json\/wp\/v2\/users\/21"}],"replies":[{"embeddable":true,"href":"https:\/\/ultimato.com.br\/sites\/devocional-diaria\/wp-json\/wp\/v2\/comments?post=9848"}],"version-history":[{"count":1,"href":"https:\/\/ultimato.com.br\/sites\/devocional-diaria\/wp-json\/wp\/v2\/posts\/9848\/revisions"}],"predecessor-version":[{"id":9849,"href":"https:\/\/ultimato.com.br\/sites\/devocional-diaria\/wp-json\/wp\/v2\/posts\/9848\/revisions\/9849"}],"wp:featuredmedia":[{"embeddable":true,"href":"https:\/\/ultimato.com.br\/sites\/devocional-diaria\/wp-json\/wp\/v2\/media\/164"}],"wp:attachment":[{"href":"https:\/\/ultimato.com.br\/sites\/devocional-diaria\/wp-json\/wp\/v2\/media?parent=9848"}],"wp:term":[{"taxonomy":"category","embeddable":true,"href":"https:\/\/ultimato.com.br\/sites\/devocional-diaria\/wp-json\/wp\/v2\/categories?post=9848"},{"taxonomy":"post_tag","embeddable":true,"href":"https:\/\/ultimato.com.br\/sites\/devocional-diaria\/wp-json\/wp\/v2\/tags?post=9848"}],"curies":[{"name":"wp","href":"https:\/\/api.w.org\/{rel}","templated":true}]}}